{"id":158330,"date":"2025-12-18T17:17:07","date_gmt":"2025-12-18T17:17:07","guid":{"rendered":"https:\/\/www.europesays.com\/pl\/158330\/"},"modified":"2025-12-18T17:17:07","modified_gmt":"2025-12-18T17:17:07","slug":"panstwo-islamskie-reaguje-po-zamachu-w-sydney-wydalo-komunikat","status":"publish","type":"post","link":"https:\/\/www.europesays.com\/pl\/158330\/","title":{"rendered":"Pa\u0144stwo Islamskie reaguje po zamachu w Sydney. Wyda\u0142o komunikat"},"content":{"rendered":"<p class=\"ods-c-paragraph \">W niedziel\u0119 dwaj m\u0119\u017cczy\u017ani, ojciec i syn, ostrzelali osoby obchodz\u0105ce na pla\u017cy Bondi w Sydney \u017cydowskie \u015bwi\u0119to Chanuka. Zgin\u0119\u0142o 15 uczestnik\u00f3w, a kilkadziesi\u0105t os\u00f3b zosta\u0142o rannych. W samochodzie sprawc\u00f3w znaleziono flag\u0119 IS, a w serwisach spo\u0142eczno\u015bciowych odkryto nagrania wskazuj\u0105ce na powi\u0105zania jednego z m\u0119\u017cczyzn z islamistycznym kaznodziej\u0105.<\/p>\n<p>Dalszy ci\u0105g artyku\u0142u pod materia\u0142em wideo<\/p>\n<p> Co napisa\u0142o Pa\u0144stwo Islamskie o zamachu w Sydney? <\/p>\n<p> Ilu ludzi zgin\u0119\u0142o w ataku na pla\u017cy Bondi? <\/p>\n<p> Kto obezw\u0142adni\u0142 drugiego sprawc\u0119 zamachu? <\/p>\n<p> Jakie zarzuty us\u0142ysza\u0142 drugi sprawca zamachu? <\/p>\n<p>  Zamach w Sydney. Sprawcy inspirowali si\u0119 ideologi\u0105 Pa\u0144stwa Islamskiego<\/p>\n<p class=\"ods-c-paragraph \">W czasie ataku zgin\u0105\u0142 jeden ze sprawc\u00f3w. Drugi zosta\u0142 obezw\u0142adniony przez pochodz\u0105cego z Syrii uchod\u017ac\u0119 Ahmeda al-Ahmeda i us\u0142ysza\u0142 59 zarzut\u00f3w, w tym 15 morderstw i dokonania aktu terroru.<\/p>\n<p class=\"ods-c-paragraph \">Komisarka australijskiej policji Krissi Barrett o\u015bwiadczy\u0142a we wtorek, \u017ce sprawcy inspirowali si\u0119 ideologi\u0105 IS. Doda\u0142a, \u017ce w listopadzie domniemani sprawcy odwiedzili Filipiny, a cel ich podr\u00f3\u017cy jest przedmiotem \u015bledztwa.<\/p>\n<p class=\"ods-c-paragraph \">Na Filipinach dzia\u0142aj\u0105 islamistyczne organizacje powi\u0105zane z IS, g\u0142\u00f3wnie na po\u0142udniu wysypy Mindanao.<\/p>\n","protected":false},"excerpt":{"rendered":"W niedziel\u0119 dwaj m\u0119\u017cczy\u017ani, ojciec i syn, ostrzelali osoby obchodz\u0105ce na pla\u017cy Bondi w Sydney \u017cydowskie \u015bwi\u0119to Chanuka.&hellip;\n","protected":false},"author":2,"featured_media":158331,"comment_status":"","ping_status":"","sticky":false,"template":"","format":"standard","meta":{"footnotes":""},"categories":[14],"tags":[32,33,27,28691,34,35,28,31,48,25,46,40,41,47,80,30241,952,29,30,26,82,83,84],"class_list":{"0":"post-158330","1":"post","2":"type-post","3":"status-publish","4":"format-standard","5":"has-post-thumbnail","7":"category-swiat","8":"tag-breaking-news","9":"tag-breakingnews","10":"tag-headlines","11":"tag-isis_panstwo_islamskie","12":"tag-latest-news","13":"tag-latestnews","14":"tag-naglowki","15":"tag-najwazniejsze-artykuly","16":"tag-nat_styl","17":"tag-news","18":"tag-omp","19":"tag-polish","20":"tag-polski","21":"tag-screening_general","22":"tag-swiat","23":"tag-sydney","24":"tag-terroryzm","25":"tag-top-stories","26":"tag-topstories","27":"tag-wiadomosci","28":"tag-world","29":"tag-world-news","30":"tag-worldnews"},"share_on_mastodon":{"url":"https:\/\/pubeurope.com\/@pl\/115741710636358503","error":""},"_links":{"self":[{"href":"https:\/\/www.europesays.com\/pl\/wp-json\/wp\/v2\/posts\/158330","targetHints":{"allow":["GET"]}}],"collection":[{"href":"https:\/\/www.europesays.com\/pl\/wp-json\/wp\/v2\/posts"}],"about":[{"href":"https:\/\/www.europesays.com\/pl\/wp-json\/wp\/v2\/types\/post"}],"author":[{"embeddable":true,"href":"https:\/\/www.europesays.com\/pl\/wp-json\/wp\/v2\/users\/2"}],"replies":[{"embeddable":true,"href":"https:\/\/www.europesays.com\/pl\/wp-json\/wp\/v2\/comments?post=158330"}],"version-history":[{"count":0,"href":"https:\/\/www.europesays.com\/pl\/wp-json\/wp\/v2\/posts\/158330\/revisions"}],"wp:featuredmedia":[{"embeddable":true,"href":"https:\/\/www.europesays.com\/pl\/wp-json\/wp\/v2\/media\/158331"}],"wp:attachment":[{"href":"https:\/\/www.europesays.com\/pl\/wp-json\/wp\/v2\/media?parent=158330"}],"wp:term":[{"taxonomy":"category","embeddable":true,"href":"https:\/\/www.europesays.com\/pl\/wp-json\/wp\/v2\/categories?post=158330"},{"taxonomy":"post_tag","embeddable":true,"href":"https:\/\/www.europesays.com\/pl\/wp-json\/wp\/v2\/tags?post=158330"}],"curies":[{"name":"wp","href":"https:\/\/api.w.org\/{rel}","templated":true}]}}