{"id":158388,"date":"2025-12-18T17:54:07","date_gmt":"2025-12-18T17:54:07","guid":{"rendered":"https:\/\/www.europesays.com\/pl\/158388\/"},"modified":"2025-12-18T17:54:07","modified_gmt":"2025-12-18T17:54:07","slug":"robert-lewandowski-skreslony-nowe-wiesci-w-sprawie-jego-przyszlosci-przeglad-sportowy-onet","status":"publish","type":"post","link":"https:\/\/www.europesays.com\/pl\/158388\/","title":{"rendered":"Robert Lewandowski skre\u015blony. Nowe wie\u015bci w sprawie jego przysz\u0142o\u015bci &#8211; Przegl\u0105d Sportowy Onet"},"content":{"rendered":"<ol>\n<li><a href=\"https:\/\/news.google.com\/rss\/articles\/CBMixgFBVV95cUxOYlgtNDFCeWJ1cVd1NVB2NktNLWtvNEtmX3oyNkU2QWxZeHVCQmhZNjYyQnlsRU80UXF6azduSjJseG8zTll4dDZNTXR3NmllWGNUdERlSUl1QWtLOFRQY0VYYUxjZVJUYmg3ZERWeFBXUl9IQ3A5bXNXanFWVENGQ2d1anlvZlM2T1U2UEplenBacjF6TF81R3ZRYWVoN282UGJOQTJiVkltajR1S0RWQ1Q4X016YkVKeldhVWt6Q0hOTm0ya1E?oc=5\" target=\"_blank\" rel=\"nofollow noopener\">Robert Lewandowski skre\u015blony. Nowe wie\u015bci w sprawie jego przysz\u0142o\u015bci<\/a>&nbsp;&nbsp;Przegl\u0105d Sportowy Onet<\/li>\n<li><a href=\"https:\/\/news.google.com\/rss\/articles\/CBMi0AFBVV95cUxNYTFPZG4ySlpfYlgzTDc5QkF2b0NranVOb3VGSEJDYWNWTThZS3huSTYwYncyenA2eHc5TkFIUXpDb0E4R05nXzd1Sm5ReWctUWZnYUJDYlp4bFBPWEJLcU5jWHppazZPZkV0LURvQVZnSkstbldGMW9Kd2NENHJXOTNNWEZYQXNfR0h4QlFMdV9xbFhURkxJemwzZFVDYWd4cS1WdU9Od3lqWE5sQnpJb1NZTm0taVBHOVQxdE1WQ3ZGWkd2a3NHdDhyU1dzNHRx?oc=5\" target=\"_blank\" rel=\"nofollow noopener\">Nowy klub! Oto kto osobi\u015bcie przylecia\u0142 wyci\u0105gn\u0105\u0107 Roberta Lewandowskiego z Barcelony<\/a>&nbsp;&nbsp;Przegl\u0105d Sportowy Onet<\/li>\n<li><a href=\"https:\/\/news.google.com\/rss\/articles\/CBMiqAFBVV95cUxPLWFhd3diSlRtVEpwc3dpWGx5a1pIdUY3dnRlbm5WM0pKNVVJdHRRdEpfVTJPNlR0UUR4ZFlhNXN2dnNZTVZxWXFPaUNBaGpzNVUzbUlpdTkxU05rOHp0bVJPZHRiTENjNlZaTmt1V3RvbGhCVDJhLWZtQzlFN25ONzdFYXlJbnNYYWV4eHdEeENZSGtoYUlCc1JYeXpuNlNnbS1ZNHBZYU8?oc=5\" target=\"_blank\" rel=\"nofollow noopener\">Zastanawiaj\u0105 si\u0119, co zrobi Lewandowski. &#8222;Istniej\u0105 przes\u0142anki&#8221;<\/a>&nbsp;&nbsp;SportoweFakty<\/li>\n<li><a href=\"https:\/\/news.google.com\/rss\/articles\/CBMi5AFBVV95cUxQQ2xmTWFTRmI1Xy1WOXFuM0oxenVMaFdQQk40ZzRpTXFCS01mN01oQk1kUmxkMDZoRkFLdm8wLWNIVDdwcWljMkxHbFBsR3ZSbmpydzZKTEVxNWZEb2hiVnAyc2dnbEE1bXk3TEpuU25VUkZHOTFnbkhnMV92MUUzTFdlc0k5T0hacEV1SDhMQkJyWDBfUWp3S3BlU1JiT2pnRENhMldoZDVTTDk4a2hNS3hiSTI4bFRhZE1jaWlfQlpCcEw3UFpWdUFKNzF2cDlnOWlYY0Z6YkNtMFFuWGdOeDUwRWs?oc=5\" target=\"_blank\" rel=\"nofollow noopener\">Lewandowski kuszony. Tajne rozmowy w Barcelonie<\/a>&nbsp;&nbsp;Eurosport Polska<\/li>\n<li><a href=\"https:\/\/news.google.com\/rss\/articles\/CBMivwFBVV95cUxNOVM2LVgtQXM4cUFPTjVDV3MzS2IxMXJ1ZkhSblVhRGsxaEJPWXBzTDhzeC1VWm9QUUJOejR4Q3Z5RzczLTk5UFNLN08xeHVlVlk0T1gxekdRQ0Z3WWp4SE10eFJnRmNjaGhtVTg0YWRraUhnSkJSVFNVSHRWUHd3WjU2Q1lLV2NlMng1eWsyMmtBTzhfSzRJQ2d1MFBuaVlUNlMwUlZQMHFIYmdLLVZYWDlEY0ZfMVc3RnVUS2RuYw?oc=5\" target=\"_blank\" rel=\"nofollow noopener\">Jest oficjalne og\u0142oszenie. Lewandowski ju\u017c wie. Nag\u0142a zmiana ws. przed\u0142u\u017cenia umowy Polaka<\/a>&nbsp;&nbsp;Sport w INTERIA.PL<\/li>\n<\/ol>\n","protected":false},"excerpt":{"rendered":"Robert Lewandowski skre\u015blony. Nowe wie\u015bci w sprawie jego przysz\u0142o\u015bci&nbsp;&nbsp;Przegl\u0105d Sportowy Onet Nowy klub! Oto kto osobi\u015bcie przylecia\u0142 wyci\u0105gn\u0105\u0107&hellip;\n","protected":false},"author":2,"featured_media":158389,"comment_status":"","ping_status":"","sticky":false,"template":"","format":"standard","meta":{"footnotes":"","_share_on_mastodon":"0"},"categories":[5],"tags":[32,33,23389,303,36,37,27,1356,67,2051,34,35,194,28,31,25,42,38,40,39,41,136,128,300,47,135,29,30,26,130],"class_list":["post-158388","post","type-post","status-publish","format-standard","has-post-thumbnail","category-naglowki","tag-breaking-news","tag-breakingnews","tag-fabrizio_romano","tag-fc_barcelona","tag-featured-news","tag-featurednews","tag-headlines","tag-inter_miami","tag-intextvideo_splayer","tag-laliga","tag-latest-news","tag-latestnews","tag-maja","tag-naglowki","tag-najwazniejsze-artykuly","tag-news","tag-pl","tag-poland","tag-polish","tag-polska","tag-polski","tag-ps_detal_new","tag-psv2","tag-robert_lewandowski","tag-screening_general","tag-sport_sport","tag-top-stories","tag-topstories","tag-wiadomosci","tag-wiadomosci_sportowe"],"share_on_mastodon":{"url":"https:\/\/pubeurope.com\/@pl\/115741855912699191","error":""},"_links":{"self":[{"href":"https:\/\/www.europesays.com\/pl\/wp-json\/wp\/v2\/posts\/158388","targetHints":{"allow":["GET"]}}],"collection":[{"href":"https:\/\/www.europesays.com\/pl\/wp-json\/wp\/v2\/posts"}],"about":[{"href":"https:\/\/www.europesays.com\/pl\/wp-json\/wp\/v2\/types\/post"}],"author":[{"embeddable":true,"href":"https:\/\/www.europesays.com\/pl\/wp-json\/wp\/v2\/users\/2"}],"replies":[{"embeddable":true,"href":"https:\/\/www.europesays.com\/pl\/wp-json\/wp\/v2\/comments?post=158388"}],"version-history":[{"count":0,"href":"https:\/\/www.europesays.com\/pl\/wp-json\/wp\/v2\/posts\/158388\/revisions"}],"wp:featuredmedia":[{"embeddable":true,"href":"https:\/\/www.europesays.com\/pl\/wp-json\/wp\/v2\/media\/158389"}],"wp:attachment":[{"href":"https:\/\/www.europesays.com\/pl\/wp-json\/wp\/v2\/media?parent=158388"}],"wp:term":[{"taxonomy":"category","embeddable":true,"href":"https:\/\/www.europesays.com\/pl\/wp-json\/wp\/v2\/categories?post=158388"},{"taxonomy":"post_tag","embeddable":true,"href":"https:\/\/www.europesays.com\/pl\/wp-json\/wp\/v2\/tags?post=158388"}],"curies":[{"name":"wp","href":"https:\/\/api.w.org\/{rel}","templated":true}]}}