{"id":158431,"date":"2025-12-18T18:28:13","date_gmt":"2025-12-18T18:28:13","guid":{"rendered":"https:\/\/www.europesays.com\/pl\/158431\/"},"modified":"2025-12-18T18:28:13","modified_gmt":"2025-12-18T18:28:13","slug":"patrioty-w-pelnej-gotowosci-polski-system-opl-nie-piec-lat-opoznienia","status":"publish","type":"post","link":"https:\/\/www.europesays.com\/pl\/158431\/","title":{"rendered":"Patrioty w pe\u0142nej gotowo\u015bci, polski system opl nie. Pi\u0119\u0107 lat op\u00f3\u017anienia"},"content":{"rendered":"<p>   <a href=\"https:\/\/defence24.pl\/strona-autora\/maksymilian-dura\" target=\"_self\" class=\"article-author__wrap\" rel=\"nofollow noopener\"><img loading=\"lazy\" decoding=\"async\" src=\"https:\/\/www.europesays.com\/pl\/wp-content\/uploads\/2025\/09\/a0qdCWAWe247OLPu08MSP6Xo20IN4O4aUmgLaKf7.tvts.jpg\" alt=\"Maksymilian Dura\"  width=\"100\" height=\"100\" author=\"Robert Suchy\/Defence24.pl\" caption=\"\" fullscreen=\"https:\/\/cdn.defence24.pl\/2023\/04\/19\/1920xpx\/a0qdCWAWe247OLPu08MSP6Xo20IN4O4aUmgLaKf7.crmr.jpg\" class=\"img article-author__avatar img-avatar\"\/><br \/>\n          Maksymilian Dura<br \/>\n        <\/a>  <\/p>\n<p>Op\u00f3\u017anienia w zakupach spowodowa\u0142y, \u017ce polska obrona przeciwlotnicza jest w stanie zapewni\u0107 bezpiecze\u0144stwo naszego nieba nie d\u0142u\u017cej ni\u017c tydzie\u0144. I to bez zwalczania dron\u00f3w.<\/p>\n<p>  <img decoding=\"async\" src=\"https:\/\/www.europesays.com\/pl\/wp-content\/uploads\/2025\/12\/CjSDJc2kleiXcJ4ouFEqk5BOvVINt0E2gwdVBLDm.m1py.jpg\" alt=\"\"  width=\"800\" height=\"450\" author=\"Tomasz G\u0142owacki\/Defence24\" fetchpriority=\"high\" class=\"img image-with-caption__image\"\/><br \/>\n        Autor. Tomasz G\u0142owacki\/Defence24<\/p>\n<p class=\"paragraph-module\">Ciesz\u0105c si\u0119 z pe\u0142nej gotowo\u015bci systemu Patriot w 3. Brygadzie Rakietowej Obrony Powietrznej, nale\u017cy pami\u0119ta\u0107, \u017ce jeste\u015bmy dopiero na pocz\u0105tku drogi do budowy zintegrowanego systemu obrony przeciwlotniczej (OPL). Dwie baterie Patriot pozwalaj\u0105 bowiem na dook\u00f3ln\u0105 obron\u0119 tylko jednego obszaru w Polsce i jednego w sektorze 120 stopni. Pomimo \u017ce w wymaganiach programu Wis\u0142a wyra\u017anie zapisano, \u017ce baterie by\u0142y dook\u00f3lne, to otrzymali\u015bmy je z sektorowymi radarami kierowania uzbrojeniem AN\/MPQ-65.<\/p>\n<p class=\"paragraph-module\">Problem jest du\u017cy, poniewa\u017c baterie Patriot, bez wzgl\u0119du na spos\u00f3b rozstawienia wyrzutni z rakietami, strzelaj\u0105 tylko w tych sektorach, kt\u00f3re s\u0105 nadzorowane w\u0142asnym radarem kierowania uzbrojeniem. Polska zakupi\u0142a dwie baterie z czterema jednostkami ogniowymi, z kt\u00f3rych ka\u017cda posiada sw\u00f3j radar. Mamy wi\u0119c cztery stacje AN\/MPQ-65 i to ich zasi\u0119gi pozwalaj\u0105 w tej chwili wyznaczy\u0107 obszary w Polsce, zabezpieczone przed rakietami balistycznymi.<\/p>\n<p class=\"paragraph-module\">Sytuacja zmieni si\u0119 dopiero po dostarczeniu do Polski w latach 2027-2029 kolejnych sze\u015bciu baterii Patriot w drugiej turze programu Wis\u0142a. Maj\u0105 one bowiem otrzyma\u0107 ju\u017c docelowy radar LTAMDS (Lower Tier Air and Missile Defense Sensor) z trzema nieruchomymi antenami AESA (Active Electronically Scanned Array), zapewniaj\u0105cymi obserwacj\u0119 dook\u00f3ln\u0105. Potwierdzi\u0142a to umowa podpisana we wrze\u015bniu 2023 roku, w ramach kt\u00f3rej zam\u00f3wiono dla Polski \u0142\u0105cznie 12 radar\u00f3w LTAMDS (po dwie takie stacje na ka\u017cd\u0105 bateri\u0119) plus oczywi\u015bcie 48 wyrzutni (po osiem na ka\u017cd\u0105 bateri\u0119).<\/p>\n<p>    Co my\u015bmy tak naprawd\u0119 zacz\u0119li budowa\u0107?  <\/p>\n<p class=\"paragraph-module\">Trzeba przy tym pami\u0119ta\u0107, \u017ce systemy przeciwlotnicze sk\u0142adaj\u0105 si\u0119 zawsze z trzech podstawowych element\u00f3w:<\/p>\n<ul class=\"list-module\">\n<li>systemu wykrywania;<\/li>\n<li>systemu decyzyjnego;<\/li>\n<li>i systemu reagowania, czyli efektor\u00f3w.<\/li>\n<\/ul>\n<p>  <img  alt=\"\" width=\"780\" author=\"Tomasz G\u0142owacki\/Defence24\" class=\"img image-with-caption__image\"\/><br \/>\n        Autor. Tomasz G\u0142owacki\/Defence24<\/p>\n<p class=\"paragraph-module\">Dodatkowo chronion\u0105 nim przestrze\u0144 powietrzn\u0105 dzieli si\u0119 na warstwy i do obrony ka\u017cdej z tych warstw powinno si\u0119 stosowa\u0107 inne efektory, kt\u00f3re p\u00f3\u017aniej \u201edziel\u0105\u201d si\u0119 celami w zale\u017cno\u015bci od:<\/p>\n<ul class=\"list-module\">\n<li>pu\u0142apu,<\/li>\n<li>odleg\u0142o\u015bci,<\/li>\n<li>i rodzaju celu.<\/li>\n<\/ul>\n<p class=\"paragraph-module\">Wprowadzone obecnie do s\u0142u\u017cby operacyjnej dwie baterie Patriot s\u0105 wi\u0119c tylko cz\u0119\u015bci\u0105 jednego elementu systemu OPL (efektor\u00f3w) i to zabezpieczaj\u0105cej jedn\u0105 warstw\u0119 chronionej przestrzeni powietrznej. Dodatkowo jest to warstwa \u015brodkowa. Na szcz\u0119\u015bcie minister Obrony Narodowej W\u0142adys\u0142aw Kosiniak-Kamysz zdaje sobie z tego spraw\u0119 i na uroczysto\u015bciach w Sochaczewie informowa\u0142 jeszcze o budowie warstwy kr\u00f3tkiego zasi\u0119gu (Narew i Pilica Plus) oraz o planach budowy warstwy antydronowej San.<\/p>\n<p class=\"paragraph-module\">Ju\u017c samo to pokazuje, gdzie jeste\u015bmy i jak d\u0142uga droga jest jeszcze przed nami. Tymczasem, gdyby realizowano przygotowany w 2012\u00a0roku \u201eProgram rozwoju Si\u0142 Zbrojnych RP w latach 2013-2022\u201d, byliby\u015bmy ju\u017c praktycznie w po\u0142owie pracy. Plan ten zak\u0142ada\u0142 bowiem zako\u0144czenie w 2013 roku fazy analitycznej dotycz\u0105cej zestaw\u00f3w Wis\u0142a i Narew, a w 2014 roku &#8211; podpisanie umowy na dostaw\u0119 sprz\u0119tu. Wed\u0142ug genera\u0142a Mieczys\u0142awa Cieniucha, \u00f3wczesnego szefa Sztabu Generalnego WP, na \u201ewzmocnienie systemu obrony powietrznej i obrony przeciwlotniczej\u201d mia\u0142o by\u0107 zarezerwowane nawet 20% \u015brodk\u00f3w przeznaczonych na modernizacj\u0119 techniczn\u0105 polskiej armii.<\/p>\n<p class=\"paragraph-module\">Pomimo tego, \u017ce w 2014 roku wybuch\u0142a wojna na Ukrainie i Rosja pokaza\u0142a, w jaki spos\u00f3b traktuje s\u0105siad\u00f3w, programy OPL zosta\u0142y wstrzymane: w przypadku Wis\u0142y na pi\u0119\u0107 lat (umowa na zakup pierwszych dw\u00f3ch baterii Patriot zosta\u0142a podpisana w 2018 roku), natomiast w przypadku Narwi a\u017c osiem lat (pierwsza umowa z konsorcjum PGZ-Narew na us\u0142ug\u0119 zarz\u0105dzania projektem i integracj\u0119 komponent\u00f3w w ramach programu Narew zosta\u0142a zawarta w 2021 roku w czasie MSPO w Kielcach).<\/p>\n<p class=\"paragraph-module\">Przez to polityczne op\u00f3\u017anianie program\u00f3w OPL, z docelowego, przysz\u0142ego systemu obrony przeciwlotniczej wprowadzili\u015bmy jak na razie tylko dwie baterie \u015bredniego zasi\u0119gu Patriot w ramach programu Wis\u0142a. Natomiast przed nami jest wprowadzenie:<\/p>\n<ul class=\"list-module\">\n<li>kolejnych 6 baterii systemu Patriot;<\/li>\n<li>23 baterii przeciwlotniczych kr\u00f3tkiego zasi\u0119gu Narew;<\/li>\n<li>22 baterii przeciwlotniczych kr\u00f3tkiego i bardzo kr\u00f3tkiego zasi\u0119gu Pilica Plus,<\/li>\n<li>i nieokre\u015blonej jeszcze liczby jednostek wchodz\u0105cych w sk\u0142ad systemu antydronowego San.<\/li>\n<\/ul>\n<p class=\"paragraph-module\">Nast\u0105pi\u0142y wi\u0119c wyra\u017anie zmiany we wcze\u015bniejszych planach budowy Tarczy Polski i to nie tylko poprzez zwi\u0119kszenie liczby kupowanych baterii, ale r\u00f3wnie\u017c przez zmian\u0119 ich charakteru oraz dodanie warstwy specjalnie przeznaczonej do zwalczania bezza\u0142ogowych statk\u00f3w powietrznych. O ile bowiem wcze\u015bniej planowano wprowadzanie system\u00f3w Narew i Pilica, to obecnie maj\u0105 by\u0107 ju\u017c wprowadzone systemy Narew (w nowej wersji), Pilica Plus i San.<\/p>\n<p class=\"paragraph-module\">R\u00f3\u017cnice s\u0105 du\u017ce, poniewa\u017c na pocz\u0105tku system rakietowy kr\u00f3tkiego zasi\u0119gu mia\u0142 by\u0107 oparty na wyrzutnie rakiet CAMM o zasi\u0119gu 25 km. I takie te\u017c dwie baterie (tzw. \u201epomostowe\u201d) kupiono od Brytyjczyk\u00f3w w trybie pilnym po wybuchu wojny na Ukrainie (oznaczaj\u0105c je jako \u201eMa\u0142a Narew\u201d). Pozyskano r\u00f3wnie\u017c w polskim przemy\u015ble sze\u015b\u0107 baterii Pilica, w kt\u00f3rej jako efektory wykorzystuje si\u0119 \u201etylko\u201d: armaty kalibru 23 mm i rakiety przeciwlotnicze bardzo kr\u00f3tkiego zasi\u0119gu Grom i Piorun (s\u0105 to wi\u0119c baterie przeciwlotnicze bardzo kr\u00f3tkiego zasi\u0119gu \u2013 do 6 km). Si\u0142y Zbrojne RP otrzyma\u0142y do 2023 roku sze\u015b\u0107 takich jednostek.<\/p>\n<p>  <img  alt=\"Radar Bystra i stoj\u0105ca za nim wyrzutnia rakiet CAMM\" width=\"780\" author=\"M.Dura\" class=\"img image-with-caption__image\"\/><br \/>\n        Radar Bystra i stoj\u0105ca za nim wyrzutnia rakiet CAMM<br \/>\n       <br \/>Autor. M.Dura<\/p>\n<p class=\"paragraph-module\">Kiedy Brytyjczycy opracowali now\u0105 wersj\u0119 rakiety CAMM o zasi\u0119gu rozszerzonym do 40\u00a0km (CAMM-ER), w Polsce zadecydowano, \u017ce<\/p>\n<ul class=\"list-module\">\n<li>23 baterie kr\u00f3tkiego zasi\u0119gu, kt\u00f3re wcze\u015bniej planowano zakupi\u0107 w ramach programu Narew, b\u0119d\u0105 dostarczone nie z rakietami CAMM, ale z pociskami CAMM-ER;<\/li>\n<li>do baterii Pilica b\u0119d\u0105 wprowadzone dodatkowo wyrzutnie pocisk\u00f3w CAMM, tworz\u0105c w ten spos\u00f3b baterie Pilica Plus. Takich baterii ma by\u0107 a\u017c dwadzie\u015bcia dwie \u2013 w tym sze\u015b\u0107 wcze\u015bniejszych wprowadzonych baterii Pilica, po dodaniu do nich wyrzutni CAMM z baterii Ma\u0142a Narew.<\/li>\n<\/ul>\n<p class=\"paragraph-module\">Dodatkowym i najmniej znanym elementem polskiego systemu OPL w cz\u0119\u015bci dotycz\u0105cej efektor\u00f3w b\u0119dzie antydronowy system San. Jego za\u0142o\u017cenia maj\u0105 zosta\u0107 upublicznione jeszcze w tym roku. By\u0107 mo\u017ce jeszcze w tym roku poznamy te\u017c spos\u00f3b zabezpieczenia bezpo\u015bredniej ochrony wojsk, kt\u00f3ry by\u0107 mo\u017ce b\u0119dzie zak\u0142ada\u0142 wykorzystanie samobie\u017cnych zestaw\u00f3w artyleryjskich kalibru 35\u00a0mm i\/lub nowych wersji wyrzutni Poprad.<\/p>\n<p>    Nie tylko efektory  <\/p>\n<p class=\"paragraph-module\">Ciesz\u0105c si\u0119 z ju\u017c wprowadzonych do s\u0142u\u017cby baterii Patriot, trzeba wi\u0119c pami\u0119ta\u0107, jak du\u017ce zadanie jest jeszcze przed nami. Tym bardziej \u017ce jak na razie oceniali\u015bmy g\u0142\u00f3wnie warstw\u0119 efektor\u00f3w. Na szcz\u0119\u015bcie z systemem wykrywania jest ju\u017c o wiele lepiej, poniewa\u017c w jego przypadku nie trzeba b\u0119dzie wszystkiego budowa\u0107 od nowa. Polskie radary s\u0105 bowiem bardzo nowoczesne i wystarczy jedynie dba\u0107 o ich sta\u0142y rozw\u00f3j i konsekwentne zam\u00f3wienia.<\/p>\n<p class=\"paragraph-module\">Nowo\u015bci\u0105 b\u0119d\u0105 radary pasywnej lokalizacji RPL i radary na areostatach Barbara, poniewa\u017c tego rodzaju system\u00f3w wojskowych nie by\u0142o wcze\u015bniej w polskich Si\u0142ach Zbrojnych. W pierwszym przypadku m\u00f3wimy bowiem o pasywnych stacjach radiolokacyjnych, kt\u00f3re do wykrywania obiekt\u00f3w powietrznych wykorzystuj\u0105:<\/p>\n<ul class=\"list-module\">\n<li>sygna\u0142y generowane przez nadajniki pok\u0142adowe tych obiekt\u00f3w (np. radiostacji lub radar\u00f3w);<\/li>\n<li>i sygna\u0142y odbite od tych obiekt\u00f3w, ale pochodz\u0105ce od pracuj\u0105cych w pobli\u017cu tzw. nadajnik\u00f3w okazjonalnych, takich jak chocia\u017cby stacje telewizyjne i radiowe.<\/li>\n<\/ul>\n<p class=\"paragraph-module\">Poniewa\u017c RPL-y nie promieniuj\u0105 w\u0142asnych sygna\u0142\u00f3w, s\u0105 one niewykrywalne przez systemy rozpoznania radioelektronicznego przeciwnika, a wi\u0119c nie mog\u0105 by\u0107 np. atakowane pociskami antyradarowymi oraz specjalistyczn\u0105, antyradarow\u0105 amunicj\u0105 kr\u0105\u017c\u0105c\u0105. Co wa\u017cne, Wojsko Polskie zakupi\u0142o w tym roku w czasie Mi\u0119dzynarodowego Salonu Przemys\u0142u Obronnego w Kielcach a\u017c 46 takich stacji za prawie 6 miliard\u00f3w z\u0142otych brutto.<\/p>\n<p class=\"paragraph-module\">Wcze\u015bniej, bo w maju 2024 roku kupiono za 960 milion\u00f3w dolar\u00f3w cztery aerostaty wczesnego ostrzegania pk. Barbara, pod kt\u00f3rymi b\u0119d\u0105 podwieszone radary obserwacji sytuacji powietrznej i nawodnej. Rozwi\u0105zanie to b\u0119dzie wprowadzane na uzbrojenie od ko\u0144ca 2026 roku do ko\u0144ca 2027 roku z za\u0142o\u017ceniem, \u017ce b\u0119dzie si\u0119 je wykorzystywa\u0142o w pierwszej kolejno\u015bci do wykrywania cel\u00f3w niskolec\u0105cych.<\/p>\n<p class=\"paragraph-module\">Problemem mo\u017ce by\u0107 jednak integracja ca\u0142ego systemu obrony przeciwlotniczej. Nies\u0142usznie zak\u0142ada si\u0119, \u017ce rozwi\u0105zaniem b\u0119dzie kupiony razem z bateriami Patriot system IBCS. Niestety jest to niemo\u017cliwe, poniewa\u017c jego w\u0142a\u015bcicielem s\u0105 Amerykanie i to oni b\u0119d\u0105 mogli pod\u0142\u0105cza\u0107 do tej baterii kolejne sensory oraz efektory. Dlatego jak na razie m\u00f3wi si\u0119 tylko o takiej integracji Wis\u0142y z Narwi\u0105, jednak trzeba tak\u017ce spi\u0105\u0107 radary wykorzystywane przez Wojska Radiotechniczne, baterie Pilica Plus, lotnictwo rozpoznawcze, samoloty wczesnego ostrzegania, dane z system\u00f3w Walki Radioelektronicznej itd.<\/p>\n<p class=\"paragraph-module\">Warto te\u017c przypomnie\u0107, \u017ce w Polsce nie buduje si\u0119 warstwy najwy\u017cszej, obejmuj\u0105cej cele znajduj\u0105ce si\u0119 nawet poza atmosfer\u0105, w tym rakiety balistyczne. Do zwalczania tego rodzaju zagro\u017ce\u0144 w Stanach Zjednoczonych wykorzystuje si\u0119 np. system THAAD, a w Izraelu rakiety dalekiego zasi\u0119gu Arrow 2 i 3.<\/p>\n<p class=\"paragraph-module\">Pewnym rozwi\u0105zaniem mog\u0142aby by\u0107 inicjatywa niemiecka sprzed dw\u00f3ch lat, by zbudowa\u0107 wsp\u00f3lnie europejsk\u0105 tarcz\u0119 antyrakietow\u0105, jednak propozycja ta nie zosta\u0142a przez polskich polityk\u00f3w zaakceptowana. T\u0142umaczono si\u0119 przy tym, \u017ce w Polsce mamy baz\u0119 w Redzikowie, gdzie znajduj\u0105 si\u0119 pociski o podobnych mo\u017cliwo\u015bciach, jak izraelskie rakiety Arrow 2 i 3. Niestety baza ta nale\u017cy do Amerykan\u00f3w i to oni b\u0119d\u0105 decydowali, co tam b\u0119dzie si\u0119 znajdowa\u0142o i do czego b\u0119dzie strzela\u0142o.<\/p>\n<p class=\"paragraph-module\">Dlatego, ciesz\u0105c si\u0119 z tego, co og\u0142oszono w Sochaczewie, pami\u0119tajmy, \u017ce by\u0142 to dopiero pierwszy krok w bardzo d\u0142ugiej, kosztownej i trudnej w\u0119dr\u00f3wce do Tarczy Polski.<\/p>\n","protected":false},"excerpt":{"rendered":"Maksymilian Dura Op\u00f3\u017anienia w zakupach spowodowa\u0142y, \u017ce polska obrona przeciwlotnicza jest w stanie zapewni\u0107 bezpiecze\u0144stwo naszego nieba nie&hellip;\n","protected":false},"author":2,"featured_media":158432,"comment_status":"","ping_status":"","sticky":false,"template":"","format":"standard","meta":{"footnotes":""},"categories":[12],"tags":[31449,32,33,31446,36,37,27,1238,34,35,28,31,15605,25,31447,3030,15603,42,38,40,39,41,31450,31448,29,30,26,4970],"class_list":{"0":"post-158431","1":"post","2":"type-post","3":"status-publish","4":"format-standard","5":"has-post-thumbnail","7":"category-polska","8":"tag-barbara","9":"tag-breaking-news","10":"tag-breakingnews","11":"tag-camm","12":"tag-featured-news","13":"tag-featurednews","14":"tag-headlines","15":"tag-kosiniak-kamysz","16":"tag-latest-news","17":"tag-latestnews","18":"tag-naglowki","19":"tag-najwazniejsze-artykuly","20":"tag-narew","21":"tag-news","22":"tag-obrona-przeciwlotnicza","23":"tag-patriot","24":"tag-pilica","25":"tag-pl","26":"tag-poland","27":"tag-polish","28":"tag-polska","29":"tag-polski","30":"tag-rpl","31":"tag-san","32":"tag-top-stories","33":"tag-topstories","34":"tag-wiadomosci","35":"tag-wisla"},"share_on_mastodon":{"url":"https:\/\/pubeurope.com\/@pl\/115741989608003762","error":""},"_links":{"self":[{"href":"https:\/\/www.europesays.com\/pl\/wp-json\/wp\/v2\/posts\/158431","targetHints":{"allow":["GET"]}}],"collection":[{"href":"https:\/\/www.europesays.com\/pl\/wp-json\/wp\/v2\/posts"}],"about":[{"href":"https:\/\/www.europesays.com\/pl\/wp-json\/wp\/v2\/types\/post"}],"author":[{"embeddable":true,"href":"https:\/\/www.europesays.com\/pl\/wp-json\/wp\/v2\/users\/2"}],"replies":[{"embeddable":true,"href":"https:\/\/www.europesays.com\/pl\/wp-json\/wp\/v2\/comments?post=158431"}],"version-history":[{"count":0,"href":"https:\/\/www.europesays.com\/pl\/wp-json\/wp\/v2\/posts\/158431\/revisions"}],"wp:featuredmedia":[{"embeddable":true,"href":"https:\/\/www.europesays.com\/pl\/wp-json\/wp\/v2\/media\/158432"}],"wp:attachment":[{"href":"https:\/\/www.europesays.com\/pl\/wp-json\/wp\/v2\/media?parent=158431"}],"wp:term":[{"taxonomy":"category","embeddable":true,"href":"https:\/\/www.europesays.com\/pl\/wp-json\/wp\/v2\/categories?post=158431"},{"taxonomy":"post_tag","embeddable":true,"href":"https:\/\/www.europesays.com\/pl\/wp-json\/wp\/v2\/tags?post=158431"}],"curies":[{"name":"wp","href":"https:\/\/api.w.org\/{rel}","templated":true}]}}