{"id":158437,"date":"2025-12-18T18:31:11","date_gmt":"2025-12-18T18:31:11","guid":{"rendered":"https:\/\/www.europesays.com\/pl\/158437\/"},"modified":"2025-12-18T18:31:11","modified_gmt":"2025-12-18T18:31:11","slug":"ewa-jagiela-nie-zyje-byla-dyrektorka-domu-artystow-w-skolimowie-niezawodny-czlowiek","status":"publish","type":"post","link":"https:\/\/www.europesays.com\/pl\/158437\/","title":{"rendered":"Ewa Jagie\u0142a nie \u017cyje. By\u0142a dyrektork\u0105 Domu Artyst\u00f3w w Skolimowie: niezawodny cz\u0142owiek"},"content":{"rendered":"<p class=\"ods-c-paragraph \">Ewa Jagie\u0142a przez 40 lat by\u0142a zwi\u0105zana z Domem Artyst\u00f3w Weteran\u00f3w, miejscem, w kt\u00f3rym splataj\u0105 si\u0119 losy wybitnych tw\u00f3rc\u00f3w i ludzi sceny.<\/p>\n<blockquote class=\"ods-o-quota\">\n<p class=\"ods-o-quota__paragraph\">Dzi\u015b rano zmar\u0142a Ewa Jagie\u0142a. Niezawodny cz\u0142owiek o wielkim sercu i niezwyk\u0142ych pi\u0119knych oczach. 40 lat pracowa\u0142a w Domu Artyst\u00f3w Weteran\u00f3w na r\u00f3\u017cnych stanowiskach od piel\u0119gniarki po dyrektor tego domu, obdarzaj\u0105c wszystkich swoj\u0105 trosk\u0105 i czu\u0142o\u015bci\u0105. Odesz\u0142a po ci\u0119\u017ckiej chorobie, pracuj\u0105c jako wicedyrektor DAW niemal do ostatnich swoich dni. <\/p>\n<\/blockquote>\n<p class=\"ods-c-paragraph \">&#8222;Zarz\u0105d i Rada Fundacja Artyst\u00f3w Weteran\u00f3w Scen Polskich z wielkim \u017calem \u017cegna Ci\u0119, Ewo. Dzi\u0119kujemy za wsp\u00f3\u0142prac\u0119 z Tob\u0105 przez tak wiele lat dla dobra DAW i jego mieszka\u0144c\u00f3w&#8221; \u2014 czytamy w smutnym komunikacie na facebookowym profilu Fundacji Artyst\u00f3w Weteran\u00f3w Scen Polskich. <\/p>\n<p>Dalszy ci\u0105g artyku\u0142u pod materia\u0142em wideo<\/p>\n<p> Kiedy Ewa Jagie\u0142a zmar\u0142a? <\/p>\n<p> Jak d\u0142ugo Ewa Jagie\u0142a by\u0142a zwi\u0105zana z Domem Artyst\u00f3w? <\/p>\n<p> Gdzie odb\u0119dzie si\u0119 msza \u017ca\u0142obna dla Ewy Jagie\u0142y? <\/p>\n<p> Kto przekaza\u0142 informacj\u0119 o \u015bmierci Ewy Jagie\u0142y? <\/p>\n<p>  Nie \u017cyje Ewa Jagie\u0142a. By\u0142a sercem Domu Artyst\u00f3w Weteran\u00f3w w Skolimowie<\/p>\n<p class=\"ods-c-paragraph \">Informacj\u0119 o \u015bmierci dyrektorki Domu Artyst\u00f3w w Skolimowie poda\u0142 tak\u017ce Zwi\u0105zek Artyst\u00f3w Scen Polskich.<\/p>\n<blockquote class=\"ods-o-quota\">\n<p class=\"ods-o-quota__paragraph\">18 grudnia, po\u017cegnali\u015bmy Ew\u0119 Jagie\u0142\u0119 \u2013 by\u0142\u0105 Dyrektor Domu Artyst\u00f3w Weteran\u00f3w Scen Polskich oraz Honorow\u0105 Cz\u0142onkini\u0119 ZASP. Przez wiele lat by\u0142a osob\u0105 g\u0142\u0119boko zwi\u0105zan\u0105 z tym miejscem i jego mieszka\u0144cami. Zna\u0142a ich codzienno\u015b\u0107, potrzeby i troski. To mi\u0119dzy innymi dzi\u0119ki jej zaanga\u017cowaniu Dom Artyst\u00f3w Weteran\u00f3w by\u0142 prawdziw\u0105 wsp\u00f3lnot\u0105, a nie tylko instytucj\u0105. Jej spos\u00f3b pracy, relacje z mieszka\u0144cami oraz odpowiedzialno\u015b\u0107 za to miejsce na trwa\u0142e zapisa\u0142y si\u0119 w jego historii, a tak\u017ce w historii ZASP. Dzi\u0119kujemy. Spoczywaj w pokoju\u2026<\/p>\n<\/blockquote>\n<p class=\"ods-c-paragraph \">\u2014 czytamy we wzruszaj\u0105cym po\u017cegnaniu zamieszczonym na Facebooku. <\/p>\n<p class=\"ods-c-paragraph \">&#8222;Msza \u015bwi\u0119ta \u017ca\u0142obna odprawiona zostanie 30 grudnia (wtorek) o godz. 11.00 w Domu Pogrzebowym Sala A (W\u00f3lka W\u0119glowa). Po mszy nast\u0105pi odprowadzenie zmar\u0142ej na cmentarz miejscowy do grobu rodzinnego&#8221; \u2014 dodano. <\/p>\n<p>   <img decoding=\"async\" src=\"https:\/\/www.europesays.com\/pl\/wp-content\/uploads\/2025\/12\/j9nk9lBaHR0cHM6Ly9vY2RuLmV1L3B1bHNjbXMvTURBXy9iMjhmYjg3NmJkMTU3N2MyMmFkOGMyZmUxNDYxOTgwMi5qcGeRlQLNB.jpeg\" height=\"643\" width=\"940\" alt=\"Dom Artyst\u00f3w Weteran\u00f3w w Skolimowie (2023 r.)\" loading=\"lazy\" class=\"ods-c-image__img ods-c-image__img--viewport-width\"\/><\/p>\n<p>Dom Artyst\u00f3w Weteran\u00f3w w Skolimowie (2023 r.)Natalia Wolniewicz \/ Onet<\/p>\n<p class=\"ods-c-paragraph \">Dzi\u0119kujemy, \u017ce przeczyta\u0142a\u015b\/e\u015b nasz artyku\u0142 do ko\u0144ca. W serwisie Plejada.pl ka\u017cdego dnia piszemy o najwa\u017cniejszych wydarzeniach show-biznesowych. B\u0105d\u017a na bie\u017c\u0105co! <a rel=\"nofollow noopener\" href=\"https:\/\/profile.google.com\/cp\/Cg0vZy8xMWJ6X19wdHBx\" id=\"a811863a-f4ec-4647-a71b-5fe253c54e90\" target=\"_blank\">Obserwuj<\/a> Plejad\u0119 w Google. Odwied\u017a nas tak\u017ce na <a rel=\"nofollow noopener\" href=\"https:\/\/www.facebook.com\/plejadapl\" id=\"99a98123-01a5-412f-9266-d6f78f2429d0\" target=\"_blank\">Facebooku<\/a>, <a rel=\"nofollow noopener\" href=\"https:\/\/www.instagram.com\/plejadapl\/\" id=\"46846a56-c961-4e8e-a2ff-25498ac512d1\" target=\"_blank\">Instagramie<\/a>, <a rel=\"nofollow noopener\" href=\"https:\/\/www.youtube.com\/c\/plejada\" id=\"aef58579-5004-49c1-b54e-67272c6f2635\" target=\"_blank\">YouTubie<\/a> oraz <a rel=\"nofollow noopener\" href=\"https:\/\/www.tiktok.com\/@plejada_pl\" id=\"732c2c99-e3d3-4389-9538-a7202431df6c\" target=\"_blank\">TikToku<\/a>.<\/p>\n<p class=\"ods-c-paragraph \">Chcesz podzieli\u0107 si\u0119 ciekawym newsem lub zaproponowa\u0107 temat? Skontaktuj si\u0119 z nami, pisz\u0105c maila na adres: <a rel=\"nofollow noopener\" href=\"https:\/\/plejada.pl\/newsy\/ewa-jagiela-nie-zyje-byla-dyrektorka-domu-artystow-w-skolimowie-niezawodny-czlowiek\/mailto:plejada@redakcjaonet.pl\" id=\"469b2c89-1660-4d0e-b02c-c2c8a6a46576\" target=\"_blank\">plejada@redakcjaon<\/a><a href=\"https:\/\/et.pl\" id=\"e7537338-ea46-4987-9fcc-64f07036a1af\" rel=\"nofollow noopener\" target=\"_blank\">et.pl<\/a>.<\/p>\n<p><script async src=\"\/\/www.instagram.com\/embed.js\"><\/script><script async src=\"\/\/www.tiktok.com\/embed.js\"><\/script><\/p>\n","protected":false},"excerpt":{"rendered":"Ewa Jagie\u0142a przez 40 lat by\u0142a zwi\u0105zana z Domem Artyst\u00f3w Weteran\u00f3w, miejscem, w kt\u00f3rym splataj\u0105 si\u0119 losy wybitnych&hellip;\n","protected":false},"author":2,"featured_media":158438,"comment_status":"","ping_status":"","sticky":false,"template":"","format":"standard","meta":{"footnotes":""},"categories":[22],"tags":[31451,31452,122,48,125,46,42,38,40,39,41,123,47],"class_list":{"0":"post-158437","1":"post","2":"type-post","3":"status-publish","4":"format-standard","5":"has-post-thumbnail","7":"category-rozrywka","8":"tag-dom_artystow_w_skolimowie","9":"tag-dom_artysty_weterana_w_skolimowie","10":"tag-entertainment","11":"tag-nat_styl","12":"tag-newsy","13":"tag-omp","14":"tag-pl","15":"tag-poland","16":"tag-polish","17":"tag-polska","18":"tag-polski","19":"tag-rozrywka","20":"tag-screening_general"},"share_on_mastodon":{"url":"https:\/\/pubeurope.com\/@pl\/115742001624837766","error":""},"_links":{"self":[{"href":"https:\/\/www.europesays.com\/pl\/wp-json\/wp\/v2\/posts\/158437","targetHints":{"allow":["GET"]}}],"collection":[{"href":"https:\/\/www.europesays.com\/pl\/wp-json\/wp\/v2\/posts"}],"about":[{"href":"https:\/\/www.europesays.com\/pl\/wp-json\/wp\/v2\/types\/post"}],"author":[{"embeddable":true,"href":"https:\/\/www.europesays.com\/pl\/wp-json\/wp\/v2\/users\/2"}],"replies":[{"embeddable":true,"href":"https:\/\/www.europesays.com\/pl\/wp-json\/wp\/v2\/comments?post=158437"}],"version-history":[{"count":0,"href":"https:\/\/www.europesays.com\/pl\/wp-json\/wp\/v2\/posts\/158437\/revisions"}],"wp:featuredmedia":[{"embeddable":true,"href":"https:\/\/www.europesays.com\/pl\/wp-json\/wp\/v2\/media\/158438"}],"wp:attachment":[{"href":"https:\/\/www.europesays.com\/pl\/wp-json\/wp\/v2\/media?parent=158437"}],"wp:term":[{"taxonomy":"category","embeddable":true,"href":"https:\/\/www.europesays.com\/pl\/wp-json\/wp\/v2\/categories?post=158437"},{"taxonomy":"post_tag","embeddable":true,"href":"https:\/\/www.europesays.com\/pl\/wp-json\/wp\/v2\/tags?post=158437"}],"curies":[{"name":"wp","href":"https:\/\/api.w.org\/{rel}","templated":true}]}}