{"id":158439,"date":"2025-12-18T18:34:11","date_gmt":"2025-12-18T18:34:11","guid":{"rendered":"https:\/\/www.europesays.com\/pl\/158439\/"},"modified":"2025-12-18T18:34:11","modified_gmt":"2025-12-18T18:34:11","slug":"zamierzali-dokonac-zamachu-na-plazy-bondi-akcja-policji-siedem-osob-zatrzymanych","status":"publish","type":"post","link":"https:\/\/www.europesays.com\/pl\/158439\/","title":{"rendered":"Zamierzali dokona\u0107 zamachu na pla\u017cy Bondi. Akcja policji. Siedem os\u00f3b zatrzymanych"},"content":{"rendered":"<p class=\"ods-c-paragraph \">Portal NewsWire przekaza\u0142, \u017ce dzia\u0142ania policji opiera\u0142y si\u0119 na informacjach przekazanych przez krajow\u0105 agencj\u0119 wywiadowcz\u0105 (ASIO). Na udost\u0119pnionych w mediach nagraniach wida\u0107 zatrzymanych m\u0119\u017cczyzn w kajdankach.<\/p>\n<p> Ile os\u00f3b zosta\u0142o zatrzymanych przez policj\u0119? <\/p>\n<p> Jaki by\u0142 pow\u00f3d akcji policji na pla\u017cy Bondi? <\/p>\n<p> Kim byli sprawcy zamachu na pla\u017cy Bondi? <\/p>\n<p> Jakie dzia\u0142ania zamierza podj\u0105\u0107 premier Australii w zwi\u0105zku z antysemityzmem? <\/p>\n<p class=\"ods-c-paragraph \">&#8222;Na tym etapie nie znaleziono zwi\u0105zku z trwaj\u0105cym \u015bledztwem w sprawie ataku terrorystycznego na Bondi&#8221; \u2014 przekaza\u0142a policja, dodaj\u0105c, \u017ce siedmiu zatrzymanych &#8222;wsp\u00f3\u0142pracuje przy dochodzeniu&#8221;.<\/p>\n<p class=\"ods-c-paragraph \">Komisarka australijskiej policji federalnej Krissy Barrett poinformowa\u0142a, \u017ce w zwi\u0105zku z niedawnym atakiem terrorystycznym spodziewane s\u0105 kolejne przeszukania. &#8211; Policja kontynuuje wsp\u00f3\u0142prac\u0119 z partnerami krajowymi i mi\u0119dzynarodowymi, aby uzyska\u0107 pe\u0142niejszy obraz podr\u00f3\u017cy i kontakt\u00f3w domniemanych sprawc\u00f3w, zar\u00f3wno w Australii, jak i za granic\u0105 \u2013 powiedzia\u0142a. Doda\u0142a, \u017ce policja prowadzi dzia\u0142ania w sprawie &#8222;os\u00f3b opisanych jako \u00bbkaznodzieje nienawi\u015bci\u00ab&#8221;.<\/p>\n<p>   Zamach w Australii. Zgin\u0119\u0142o 15 os\u00f3b, kilkadziesi\u0105t zosta\u0142o rannych<\/p>\n<p class=\"ods-c-paragraph \">W niedziel\u0119 dwaj m\u0119\u017cczy\u017ani, ojciec i syn, ostrzelali osoby obchodz\u0105ce na pla\u017cy Bondi \u017cydowskie \u015bwi\u0119to Chanuka. Zgin\u0119\u0142o 15 uczestnik\u00f3w, a kilkadziesi\u0105t zosta\u0142o rannych. W samochodzie sprawc\u00f3w znaleziono flag\u0119 d\u017cihadystycznej organizacji Pa\u0144stwo Islamskie (IS). W serwisach spo\u0142eczno\u015bciowych odkryto nagrania wskazuj\u0105ce na powi\u0105zanie jednego z m\u0119\u017cczyzn z islamistycznym kaznodziej\u0105.<\/p>\n<p class=\"ods-c-paragraph \">Po szerokiej krytyce zar\u00f3wno ze strony opozycji, jak i kr\u0119g\u00f3w \u017cydowskich, oskar\u017caj\u0105cych w\u0142adze Australii o bezczynno\u015b\u0107 wobec antysemityzmu narastaj\u0105cego od czasu ataku terrorystycznej organizacji Hamas na Izrael, premier Anthony Albanese zapowiedzia\u0142 zaostrzenie walki z tym zjawiskiem, w tym podj\u0119cie dzia\u0142a\u0144 wymierzonych w kaznodziei propaguj\u0105cych przemoc &#8211; przekaza\u0142 portal ABC.<\/p>\n<p class=\"ods-c-paragraph \">Poza zaostrzeniem przepis\u00f3w dotycz\u0105cych mowy nienawi\u015bci opozycja domaga\u0142a si\u0119 m.in., by instytucje wspieraj\u0105ce antysemickie dzia\u0142ania by\u0142y pozbawiane federalnego finansowania, a osoby z podw\u00f3jnym obywatelstwem anga\u017cuj\u0105ce si\u0119 w dzia\u0142alno\u015b\u0107 terrorystyczn\u0105 &#8211; australijskiego obywatelstwa &#8211; przypomnia\u0142 dziennik &#8222;The Guardian&#8221;.<\/p>\n","protected":false},"excerpt":{"rendered":"Portal NewsWire przekaza\u0142, \u017ce dzia\u0142ania policji opiera\u0142y si\u0119 na informacjach przekazanych przez krajow\u0105 agencj\u0119 wywiadowcz\u0105 (ASIO). Na udost\u0119pnionych&hellip;\n","protected":false},"author":2,"featured_media":158440,"comment_status":"","ping_status":"","sticky":false,"template":"","format":"standard","meta":{"footnotes":""},"categories":[14],"tags":[995,32,33,27,34,35,28,31,48,25,46,40,41,47,80,29,30,26,82,83,84,1152],"class_list":{"0":"post-158439","1":"post","2":"type-post","3":"status-publish","4":"format-standard","5":"has-post-thumbnail","7":"category-swiat","8":"tag-australia","9":"tag-breaking-news","10":"tag-breakingnews","11":"tag-headlines","12":"tag-latest-news","13":"tag-latestnews","14":"tag-naglowki","15":"tag-najwazniejsze-artykuly","16":"tag-nat_styl","17":"tag-news","18":"tag-omp","19":"tag-polish","20":"tag-polski","21":"tag-screening_general","22":"tag-swiat","23":"tag-top-stories","24":"tag-topstories","25":"tag-wiadomosci","26":"tag-world","27":"tag-world-news","28":"tag-worldnews","29":"tag-zamach"},"share_on_mastodon":{"url":"https:\/\/pubeurope.com\/@pl\/115742013396807349","error":""},"_links":{"self":[{"href":"https:\/\/www.europesays.com\/pl\/wp-json\/wp\/v2\/posts\/158439","targetHints":{"allow":["GET"]}}],"collection":[{"href":"https:\/\/www.europesays.com\/pl\/wp-json\/wp\/v2\/posts"}],"about":[{"href":"https:\/\/www.europesays.com\/pl\/wp-json\/wp\/v2\/types\/post"}],"author":[{"embeddable":true,"href":"https:\/\/www.europesays.com\/pl\/wp-json\/wp\/v2\/users\/2"}],"replies":[{"embeddable":true,"href":"https:\/\/www.europesays.com\/pl\/wp-json\/wp\/v2\/comments?post=158439"}],"version-history":[{"count":0,"href":"https:\/\/www.europesays.com\/pl\/wp-json\/wp\/v2\/posts\/158439\/revisions"}],"wp:featuredmedia":[{"embeddable":true,"href":"https:\/\/www.europesays.com\/pl\/wp-json\/wp\/v2\/media\/158440"}],"wp:attachment":[{"href":"https:\/\/www.europesays.com\/pl\/wp-json\/wp\/v2\/media?parent=158439"}],"wp:term":[{"taxonomy":"category","embeddable":true,"href":"https:\/\/www.europesays.com\/pl\/wp-json\/wp\/v2\/categories?post=158439"},{"taxonomy":"post_tag","embeddable":true,"href":"https:\/\/www.europesays.com\/pl\/wp-json\/wp\/v2\/tags?post=158439"}],"curies":[{"name":"wp","href":"https:\/\/api.w.org\/{rel}","templated":true}]}}