{"id":158460,"date":"2025-12-18T18:48:09","date_gmt":"2025-12-18T18:48:09","guid":{"rendered":"https:\/\/www.europesays.com\/pl\/158460\/"},"modified":"2025-12-18T18:48:09","modified_gmt":"2025-12-18T18:48:09","slug":"bliski-wspolpracownik-sprzeciwil-sie-putinowi-nieznane-kulisy-pierwszych-dni-wojny","status":"publish","type":"post","link":"https:\/\/www.europesays.com\/pl\/158460\/","title":{"rendered":"Bliski wsp\u00f3\u0142pracownik sprzeciwi\u0142 si\u0119 Putinowi. Nieznane kulisy pierwszych dni wojny"},"content":{"rendered":"<ul class=\"UnorderedList_container__nmfSl\">\n<li class=\"UnorderedList_listElement__Py7xi\" data-id=\"ai-summary-link\">Du\u017co czytania, a ma\u0142o czasu? Sprawd\u017a\u00a0skr\u00f3t\u00a0artyku\u0142u<\/li>\n<\/ul>\n<p class=\"Paragraph_desktopParagraph__U31Gm\">Kozak by\u0142 przez 30 lat jednym z najbli\u017cszych wsp\u00f3\u0142pracownik\u00f3w Putina. 67-letni polityk we wrze\u015bniu odszed\u0142 ze stanowiska zast\u0119pcy szefa administracji (kancelarii) prezydenta, lecz pozostaje w Moskwie. &#8222;NYT&#8221; podkre\u015bli\u0142, \u017ce by\u0142 on &#8222;samotnym g\u0142osem sprzeciwu w wewn\u0119trznym kr\u0119gu Putina&#8221;.<\/p>\n<p class=\"Paragraph_desktopParagraph__U31Gm\">Drugiego dnia inwazji Putin mia\u0142 powiedzie\u0107 Kozakowi, by za\u017c\u0105da\u0142 od Ukrainy poddania si\u0119 \u2014 przekaza\u0142y nowojorskiemu dziennikowi trzy osoby z otoczenia Kozaka. Kozak odm\u00f3wi\u0142, podkre\u015blaj\u0105c, \u017ce nie wie, jakie s\u0105 ostateczne cele inwazji. Rozmowa stawa\u0142a si\u0119 coraz bardziej napi\u0119ta i doradca powiedzia\u0142 Putinowi, \u017ce jest gotowy, by zosta\u0107 aresztowanym albo rozstrzelanym za odmow\u0119 wykonania rozkazu. Jednak pod koniec rozmowy zgodzi\u0142 si\u0119, by poinformowa\u0107 Ukrain\u0119 o \u017c\u0105daniu Rosji. \u015awiadkami ich rozmowy i aktu niesubordynacji byli inni wsp\u00f3\u0142pracownicy Putina, gdy\u017c odby\u0142a si\u0119 w trybie wideokonferencji.<\/p>\n<p class=\"VideoPlayerText_videoPlayerText__iDwyz\">Dalszy ci\u0105g materia\u0142u pod wideo<\/p>\n<ul class=\"OchatFollowUps_wrapper__1ry7X\">\n<li class=\"OchatFollowUps_item__Dhyly OchatFollowUps_itemDesktop__R6aBv\">Jakie stanowisko zajmowa\u0142 Dmitrij Kozak przed odej\u015bciem?<\/li>\n<li class=\"OchatFollowUps_item__Dhyly OchatFollowUps_itemDesktop__R6aBv\">Kto przej\u0105\u0142 rozmowy z Ukrain\u0105 po Kozaku?<\/li>\n<li class=\"OchatFollowUps_item__Dhyly OchatFollowUps_itemDesktop__R6aBv\">Jakie by\u0142y negatywne konsekwencje wojny wed\u0142ug Kozaka?<\/li>\n<li class=\"OchatFollowUps_item__Dhyly OchatFollowUps_itemDesktop__R6aBv\">Kiedy Dmitrij Kozak sprzeciwi\u0142 si\u0119 Putinowi?<\/li>\n<\/ul>\n<p>Bliski wsp\u00f3\u0142pracownik Putina sprzeciwi\u0142 mu si\u0119 w sprawie Ukrainy <\/p>\n<p class=\"Paragraph_desktopParagraph__U31Gm\">Nast\u0119pnego dnia Kozaka poinformowano, \u017ce od tej pory za rozmowy z Ukrain\u0105 b\u0119dzie odpowiada\u0107 W\u0142adimir Miedinski. Kozak nie odzyska\u0142 ju\u017c \u017cadnej oficjalnej roli w negocjacjach z Kijowem.<\/p>\n<p class=\"Paragraph_desktopParagraph__U31Gm\">Kiedy Putin gromadzi\u0142 rosyjskie wojska w pobli\u017cu Ukrainy, Kozak przedstawi\u0142 w d\u0142ugiej notatce prawdopodobne negatywne konsekwencje wojny. Wed\u0142ug jednego ze \u017ar\u00f3de\u0142 wspomina\u0142 o mo\u017cliwo\u015bci do\u0142\u0105czenia do NATO Szwecji i Finlandii, co p\u00f3\u017aniej sta\u0142o si\u0119 faktem.<\/p>\n<p class=\"Paragraph_desktopParagraph__U31Gm\">21 lutego podczas wyst\u0105pienia w Radzie Bezpiecze\u0144stwa Rosji zapowiada\u0142, \u017ce Ukrai\u0144cy b\u0119d\u0105 stawia\u0107 op\u00f3r, sankcje b\u0119d\u0105 surowe, a rosyjska pozycja geopolityczna ucierpi.<\/p>\n<p class=\"Paragraph_desktopParagraph__U31Gm\">Mia\u0142 te\u017c by\u0107 zwolennikiem porozumienia o zako\u0144czeniu pe\u0142noskalowej wojny na jej wst\u0119pnym etapie, pod warunkiem rezygnacji Ukrainy z d\u0105\u017cenia do cz\u0142onkostwa w NATO. Projekt porozumienia mia\u0142 zosta\u0107 odrzucony przez Putina, kt\u00f3ry chcia\u0142 aneksji ca\u0142ej Ukrainy.<\/p>\n<p class=\"Paragraph_desktopParagraph__U31Gm\">W ostatnich miesi\u0105cach Kozak mia\u0142 r\u00f3wnie\u017c straci\u0107 wp\u0142yw na dzia\u0142ania Rosji wobec Mo\u0142dawii. Sprawy te, podobnie jak w 2022 r. kwestie dotycz\u0105ce Ukrainy, przej\u0105\u0142 pierwszy zast\u0119pca szefa administracji prezydenta Rosji, by\u0142y premier Siergiej Kirijenko.<\/p>\n<p>Kim jest Dmitrij Kozak <\/p>\n<p class=\"Paragraph_desktopParagraph__U31Gm\">Kozak \u2014 to najwy\u017cszy rang\u0105 przedstawiciel rosyjskich w\u0142adz, kt\u00f3ry sprzeciwi\u0142 si\u0119 prezydentowi w zwi\u0105zku z rosyjsk\u0105 agresj\u0105 przeciwko Ukrainie. Swoich krytycznych opinii nie wyra\u017ca\u0142 jednak publicznie, pozostaj\u0105c lojalnym wzgl\u0119dem Putina.<\/p>\n<p class=\"Paragraph_desktopParagraph__U31Gm\">By\u0142 uwa\u017cany za jednego z jego najbardziej zaufanych wsp\u00f3\u0142pracownik\u00f3w. Gdy Putin zosta\u0142 premierem w 1999 roku, mianowa\u0142 Kozaka szefem rz\u0105dowej kancelarii. W 2007 roku powierzy\u0142 mu nadz\u00f3r nad przygotowaniami do Igrzysk Olimpijskich w Soczi. Po aneksji ukrai\u0144skiego Krymu Kozak zaj\u0105\u0142 si\u0119 integrowaniem zaj\u0119tego p\u00f3\u0142wyspu z Rosj\u0105.<\/p>\n","protected":false},"excerpt":{"rendered":"Du\u017co czytania, a ma\u0142o czasu? Sprawd\u017a\u00a0skr\u00f3t\u00a0artyku\u0142u Kozak by\u0142 przez 30 lat jednym z najbli\u017cszych wsp\u00f3\u0142pracownik\u00f3w Putina. 67-letni polityk&hellip;\n","protected":false},"author":2,"featured_media":158461,"comment_status":"","ping_status":"","sticky":false,"template":"","format":"standard","meta":{"footnotes":""},"categories":[14],"tags":[32,33,31453,27,67,64,34,35,28,31,53,25,52,68,51,55,40,41,62,47,80,29,30,390,65,50,26,418,82,83,84],"class_list":{"0":"post-158460","1":"post","2":"type-post","3":"status-publish","4":"format-standard","5":"has-post-thumbnail","7":"category-swiat","8":"tag-breaking-news","9":"tag-breakingnews","10":"tag-dmitrij_kozak","11":"tag-headlines","12":"tag-intextvideo_splayer","13":"tag-inwazja_rosji_na_ukraine_2014_","14":"tag-latest-news","15":"tag-latestnews","16":"tag-naglowki","17":"tag-najwazniejsze-artykuly","18":"tag-new_header","19":"tag-news","20":"tag-onet3","21":"tag-onet3d","22":"tag-onet3d_2i","23":"tag-phx","24":"tag-polish","25":"tag-polski","26":"tag-rosja_kraj_rosjanin_rosjanie_rosjanka_rosjanki","27":"tag-screening_general","28":"tag-swiat","29":"tag-top-stories","30":"tag-topstories","31":"tag-ukraina_ukrainiec_ukrainka_ukraincy_ukrainki","32":"tag-update_me","33":"tag-v2021","34":"tag-wiadomosci","35":"tag-wladimir_putin_rosyjski_prezydent","36":"tag-world","37":"tag-world-news","38":"tag-worldnews"},"share_on_mastodon":{"url":"","error":"Validation failed: Text character limit of 500 exceeded"},"_links":{"self":[{"href":"https:\/\/www.europesays.com\/pl\/wp-json\/wp\/v2\/posts\/158460","targetHints":{"allow":["GET"]}}],"collection":[{"href":"https:\/\/www.europesays.com\/pl\/wp-json\/wp\/v2\/posts"}],"about":[{"href":"https:\/\/www.europesays.com\/pl\/wp-json\/wp\/v2\/types\/post"}],"author":[{"embeddable":true,"href":"https:\/\/www.europesays.com\/pl\/wp-json\/wp\/v2\/users\/2"}],"replies":[{"embeddable":true,"href":"https:\/\/www.europesays.com\/pl\/wp-json\/wp\/v2\/comments?post=158460"}],"version-history":[{"count":0,"href":"https:\/\/www.europesays.com\/pl\/wp-json\/wp\/v2\/posts\/158460\/revisions"}],"wp:featuredmedia":[{"embeddable":true,"href":"https:\/\/www.europesays.com\/pl\/wp-json\/wp\/v2\/media\/158461"}],"wp:attachment":[{"href":"https:\/\/www.europesays.com\/pl\/wp-json\/wp\/v2\/media?parent=158460"}],"wp:term":[{"taxonomy":"category","embeddable":true,"href":"https:\/\/www.europesays.com\/pl\/wp-json\/wp\/v2\/categories?post=158460"},{"taxonomy":"post_tag","embeddable":true,"href":"https:\/\/www.europesays.com\/pl\/wp-json\/wp\/v2\/tags?post=158460"}],"curies":[{"name":"wp","href":"https:\/\/api.w.org\/{rel}","templated":true}]}}