{"id":158512,"date":"2025-12-18T19:38:10","date_gmt":"2025-12-18T19:38:10","guid":{"rendered":"https:\/\/www.europesays.com\/pl\/158512\/"},"modified":"2025-12-18T19:38:10","modified_gmt":"2025-12-18T19:38:10","slug":"problem-w-pogodzie-na-piatek-imgw-wydaje-ostrzezenia-pierwszego-stopnia","status":"publish","type":"post","link":"https:\/\/www.europesays.com\/pl\/158512\/","title":{"rendered":"Problem w pogodzie na pi\u0105tek. IMGW wydaje ostrze\u017cenia pierwszego stopnia"},"content":{"rendered":"<p class=\"ods-c-paragraph \">IMGW wyda\u0142 w czwartek po po\u0142udniu ostrze\u017cenia pierwszego stopnia dotycz\u0105ce g\u0119stych mgie\u0142 dla region\u00f3w wschodnich, centralnych oraz cz\u0119\u015bci po\u0142udniowej Polski. Alerty te b\u0119d\u0105 obowi\u0105zywa\u0107 od godziny 17.00 w czwartek a\u017c do godziny 9.00 w pi\u0105tek. W niekt\u00f3rych miejscach widzialno\u015b\u0107 mo\u017ce spa\u015b\u0107 poni\u017cej 200 m.<\/p>\n<p> Prognoza pogody na pi\u0105tek. Pojawi si\u0119 deszcz<\/p>\n<p class=\"ods-c-paragraph \">W nocy z czwartku na pi\u0105tek przewidywane s\u0105 g\u0142\u00f3wnie niewielkie lub umiarkowane zachmurzenia, ale na terenach, gdzie pojawi\u0105 si\u0119 mg\u0142y \u2014 na po\u0142udniu, wschodzie i w centrum kraju \u2014 chmur mo\u017ce by\u0107 znacznie wi\u0119cej. W tych rejonach widzialno\u015b\u0107 mo\u017ce zosta\u0107 ograniczona nawet do 100 m. To jednak nie wszystko, bo lokalnie mg\u0142y mog\u0105 powodowa\u0107 osadzanie si\u0119 szadzi. Na drogach zrobi si\u0119 bardzo \u015blisko. Apelujemy o ostro\u017cn\u0105 i bezpieczn\u0105 jazd\u0119!<\/p>\n<p>Dalszy ci\u0105g artyku\u0142u pod materia\u0142em wideo<\/p>\n<p> Jakie ostrze\u017cenia wyda\u0142 IMGW na pi\u0105tek? <\/p>\n<p> Kiedy maj\u0105 rozpocz\u0105\u0107 si\u0119 mg\u0142y? <\/p>\n<p> Jakie b\u0119d\u0105 temperatury w pi\u0105tek? <\/p>\n<p> Czy prognozowane s\u0105 opady deszczu w pi\u0105tek? <\/p>\n<p class=\"ods-c-paragraph \">Noc najch\u0142odniejsza b\u0119dzie na terenach g\u00f3rskich (-4 st. C). 4 st. C prognozujemy w p\u00f3\u0142nocno-zachodniej Polsce, a w rejonach nadmorskich nawet 6 st. C. Przewa\u017cnie wiatr b\u0119dzie s\u0142aby, jednak nad morzem okresowo mo\u017ce przybiera\u0107 na sile. W g\u00f3rach podmuchy mog\u0105 osi\u0105ga\u0107 pr\u0119dko\u015b\u0107 do 65 km na godz.<\/p>\n<p class=\"ods-c-paragraph \">W pi\u0105tek w ci\u0105gu dnia pogoda za oknami nie b\u0119dzie zbyt zach\u0119caj\u0105ca do wychodzenia na zewn\u0105trz. Na przewa\u017caj\u0105cym obszarze kraju przewidujemy niewielkie lub umiarkowane zachmurzenie. Mg\u0142y nie odpuszcz\u0105 i b\u0119d\u0105 utrzymywa\u0107 si\u0119 przez ca\u0142y dzie\u0144, ograniczaj\u0105c widzialno\u015b\u0107 do 100-200 m. W rejonach, gdzie si\u0119 pojawi\u0105, chmur b\u0119dzie jeszcze wi\u0119cej. Wieczorem na p\u00f3\u0142nocnym zachodzie mo\u017cliwy jest wzrost zachmurzenia oraz przelotne opady deszczu, kt\u00f3re mog\u0105 utrzyma\u0107 si\u0119 do p\u00f3\u017anych godzin w nocy z pi\u0105tku na sobot\u0119. Na termometrach od 2 st. C na po\u0142udniu, do 8 st. C w zachodniej cz\u0119\u015bci kraju i nawet 9 st. C nad morzem. <\/p>\n<p class=\"ods-c-paragraph \">Wiatr b\u0119dzie s\u0142aby lub umiarkowany, przewa\u017cnie po\u0142udniowy. W g\u00f3rach porywy mog\u0105 dochodzi\u0107 do 65 km na godz.<\/p>\n<p class=\"ods-c-paragraph \"><a href=\"https:\/\/pogoda.onet.pl\/artykuly\/w-swieta-pogoda-gwaltownie-sie-odwroci-nadejscie-mrozu-i-sniegu-jest-juz-pewne\/m7xtydn\" id=\"b3dabb2e-437a-42be-8653-f29714a3b625\" rel=\"nofollow noopener\" target=\"_blank\">Na powiew prawdziwej zimy zaczekamy do przysz\u0142ego tygodnia<\/a>.<\/p>\n","protected":false},"excerpt":{"rendered":"IMGW wyda\u0142 w czwartek po po\u0142udniu ostrze\u017cenia pierwszego stopnia dotycz\u0105ce g\u0119stych mgie\u0142 dla region\u00f3w wschodnich, centralnych oraz cz\u0119\u015bci&hellip;\n","protected":false},"author":2,"featured_media":158513,"comment_status":"","ping_status":"","sticky":false,"template":"","format":"standard","meta":{"footnotes":""},"categories":[12],"tags":[32,33,36,37,27,34,35,10372,28,31,48,25,46,42,78,38,40,39,41,31460,47,29,30,26],"class_list":{"0":"post-158512","1":"post","2":"type-post","3":"status-publish","4":"format-standard","5":"has-post-thumbnail","7":"category-polska","8":"tag-breaking-news","9":"tag-breakingnews","10":"tag-featured-news","11":"tag-featurednews","12":"tag-headlines","13":"tag-latest-news","14":"tag-latestnews","15":"tag-mgla","16":"tag-naglowki","17":"tag-najwazniejsze-artykuly","18":"tag-nat_styl","19":"tag-news","20":"tag-omp","21":"tag-pl","22":"tag-pogoda","23":"tag-poland","24":"tag-polish","25":"tag-polska","26":"tag-polski","27":"tag-prognozy_pogody","28":"tag-screening_general","29":"tag-top-stories","30":"tag-topstories","31":"tag-wiadomosci"},"share_on_mastodon":{"url":"https:\/\/pubeurope.com\/@pl\/115742264775546486","error":""},"_links":{"self":[{"href":"https:\/\/www.europesays.com\/pl\/wp-json\/wp\/v2\/posts\/158512","targetHints":{"allow":["GET"]}}],"collection":[{"href":"https:\/\/www.europesays.com\/pl\/wp-json\/wp\/v2\/posts"}],"about":[{"href":"https:\/\/www.europesays.com\/pl\/wp-json\/wp\/v2\/types\/post"}],"author":[{"embeddable":true,"href":"https:\/\/www.europesays.com\/pl\/wp-json\/wp\/v2\/users\/2"}],"replies":[{"embeddable":true,"href":"https:\/\/www.europesays.com\/pl\/wp-json\/wp\/v2\/comments?post=158512"}],"version-history":[{"count":0,"href":"https:\/\/www.europesays.com\/pl\/wp-json\/wp\/v2\/posts\/158512\/revisions"}],"wp:featuredmedia":[{"embeddable":true,"href":"https:\/\/www.europesays.com\/pl\/wp-json\/wp\/v2\/media\/158513"}],"wp:attachment":[{"href":"https:\/\/www.europesays.com\/pl\/wp-json\/wp\/v2\/media?parent=158512"}],"wp:term":[{"taxonomy":"category","embeddable":true,"href":"https:\/\/www.europesays.com\/pl\/wp-json\/wp\/v2\/categories?post=158512"},{"taxonomy":"post_tag","embeddable":true,"href":"https:\/\/www.europesays.com\/pl\/wp-json\/wp\/v2\/tags?post=158512"}],"curies":[{"name":"wp","href":"https:\/\/api.w.org\/{rel}","templated":true}]}}