{"id":158639,"date":"2025-12-18T20:49:24","date_gmt":"2025-12-18T20:49:24","guid":{"rendered":"https:\/\/www.europesays.com\/pl\/158639\/"},"modified":"2025-12-18T20:49:24","modified_gmt":"2025-12-18T20:49:24","slug":"kulisy-wojenki-w-pis-kaczynski-wpadl-w-panike-morawiecki-nie-odbiera-telefonow","status":"publish","type":"post","link":"https:\/\/www.europesays.com\/pl\/158639\/","title":{"rendered":"Kulisy wojenki w PiS. &#8222;Kaczy\u0144ski wpad\u0142 w panik\u0119, Morawiecki nie odbiera telefon\u00f3w&#8221;"},"content":{"rendered":"<ul class=\"list-summary__items summary\">\n<li>Czy Mateusz Morawiecki mo\u017ce opu\u015bci\u0107 PiS<\/li>\n<li>Dlaczego ostatnia awantura niepokoi prezesa Jaros\u0142awa Kaczy\u0144skiego\u00a0<\/li>\n<\/ul>\n<p>Dwa spotkania op\u0142atkowe, publiczne po\u0142ajanki i przywo\u0142ywanie do porz\u0105dku &#8211; awantura w Prawie i Sprawiedliwo\u015bci to jeden z najwa\u017cniejszych temat\u00f3w politycznych grudnia. Karolina Lewicka pyta\u0142a w &#8222;Poranku TOK FM&#8221; Dominik\u0119 D\u0142ugosz i Micha\u0142a Szu\u0142drzy\u0144skiego o mo\u017cliwe scenariusze. Czy czeka nas &#8222;kontrolowany rozpad&#8221; partii, bo Kaczy\u0144ski to wszystko zaplanowa\u0142? Czy Morawiecki prowadzi samodzieln\u0105 rozgrywk\u0119?<\/p>\n<p>&#8211; Wyobra\u017cam sobie taki scenariusz, \u017ce Mateusz Morawiecki odchodzi z PiS-u &#8211; przyzna\u0142a Dominika D\u0142ugosz, dodaj\u0105c od razu, \u017ce najwa\u017cniejsze pytanie brzmi, czy dosz\u0142oby do tego\u00a0 za wiedz\u0105 i zgod\u0105 Jaros\u0142awa Kaczy\u0144skiego.<\/p>\n<p>Dziennikarka &#8222;Newsweeka&#8221; podkre\u015bli\u0142a, \u017ce &#8222;opowie\u015bci o rozpadzie PiS-u toczymy od 12 lat i one si\u0119 zrealizowa\u0142y dwukrotnie&#8221;. &#8211; A jednak i tak trzeba by\u0142o potem przyj\u015b\u0107 do prezesa i prosi\u0107, \u017ceby wzi\u0105\u0142 na list\u0119 partii &#8211; m\u00f3wi\u0142a, nawi\u0105zuj\u0105c m.in. do odej\u015bcia Ziobry i za\u0142o\u017cenia przez niego Solidarnej Polski.\u00a0<\/p>\n<p><a name=\"eztoc31687326_0_3\" id=\"eztoc31687326_0_3\"\/>Kaczy\u0144ski przesadzi\u0142?<\/p>\n<p>D\u0142ugosz wyja\u015bni\u0142a, \u017ce lider Prawa i Sprawiedliwo\u015bci m\u00f3g\u0142 sobie u\u015bwiadomi\u0107, \u017ce nie odbije ju\u017c wyborc\u00f3w, kt\u00f3rych zagarn\u0119\u0142y Konfederacja oraz Konfederacja Korony Polskiej Grzegorza Brauna. &#8211; By\u0107 mo\u017ce Kaczy\u0144ski zrozumia\u0142, \u017ce kontrolowany rozpad jest czym\u015b, co mo\u017ce Prawu i Sprawiedliwo\u015bci w efekcie przynie\u015b\u0107 korzy\u015bci &#8211; argumentowa\u0142a.<\/p>\n<p>&#8211; Wyobra\u017amy sobie scenariusz, w kt\u00f3rym Morawiecki odchodzi, m\u00f3wi, \u017ce z PiS-em nie jest mu po drodze, buduje parti\u0119, kt\u00f3ra si\u0119ga po centrowych wyborc\u00f3w. I wtedy PiS ma potencjalnego koalicjanta z prawej strony w postaci Konfederacji i z lewej w postaci nowej partii Morawieckiego &#8211; powiedzia\u0142a dziennikarka &#8222;Newsweeka&#8221;. Zaznaczy\u0142a przy tym, \u017ce &#8222;to wszystko jest strasznie ryzykowne&#8221;, ale Morawiecki dobrze rozgrywa ca\u0142\u0105 sytuacj\u0119.\u00a0<\/p>\n<p>Jak relacjonowa\u0142 Micha\u0142 Szu\u0142drzy\u0144ski, Jaros\u0142aw Kaczy\u0144ski &#8222;chyba troszeczk\u0119 przesadzi\u0142&#8221; w przyci\u015bni\u0119ciu Morawieckiego. &#8211; Prezes wpad\u0142 w panik\u0119, bo Morawiecki nie odbiera telefon\u00f3w od niego.\u00a0Przerazi\u0142 si\u0119,\u00a0\u017ce za mocno nacisn\u0105\u0142 &#8211; oceni\u0142 redaktor naczelny &#8222;Rzeczpospolitej&#8221;. Wed\u0142ug komentatora &#8222;Poranka TOK FM&#8221; prezes Prawa i Sprawiedliwo\u015bci zawsze &#8222;napuszcza\u0142 na siebie&#8221; polityk\u00f3w w swojej partii, ale byli oni pod jego panowaniem. A teraz &#8211; jak m\u00f3wi\u0142 &#8211; jest ryzyko, \u017ce tak nie jest.<\/p>\n<p>&#8211; Kaczy\u0144ski nie do ko\u0144ca panuje nad nastrojami w partii. PiS jest zirytowany tym, co zrobi\u0142 Ziobro &#8211; powiedzia\u0142 redaktor, komentuj\u0105c ucieczk\u0119 Zbigniewa Ziobry na W\u0119gry. Nie wykluczy\u0142 jednak, \u017ce ewentualny rozpad PiS-u jest zaplanowany. &#8211; Morawiecki okaza\u0142 si\u0119 twardszy, ni\u017c Kaczy\u0144ski my\u015bla\u0142. Pytanie, czy ma du\u017co do stracenia? &#8211; pyta\u0142, m\u00f3wi\u0105c o &#8222;k\u0142opocie sterowno\u015bci&#8221; wewn\u0105trz partii.<\/p>\n<p><a name=\"eztoc31687326_0_4\" id=\"eztoc31687326_0_4\"\/>Morawiecki problemem dla wyborc\u00f3w<\/p>\n<p>Redaktor naczelny &#8222;Rz&#8221; podkre\u015bli\u0142 te\u017c, \u017ce to Kaczy\u0144ski zdecydowa\u0142 o zaostrzeniu kursu, radykalizowaniu si\u0119 partii.\u00a0&#8211;\u00a0<br \/>\n<a href=\"https:\/\/www.tokfm.pl\/polityka\/dwie-konfederacje-w-sejmie-klopoty-koalicjantow-donalda-tuska-sondaz\" target=\"_self\" rel=\"dofollow noopener\">Wzrost Konfederacji bierze si\u0119 z tego, \u017ce w wi\u0119kszo\u015bci hase\u0142, kt\u00f3re g\u0142osi\u0142 PiS<\/a>, bardziej wiarygodna by\u0142a Konfederacja. Polityka europejska rz\u0105du Mateusza Morawieckiego wcale nie by\u0142a a\u017c tak bardzo antyeuropejska, jak retoryka &#8211; przypomnia\u0142.\u00a0<\/p>\n<p>Dominika D\u0142ugosz wskaza\u0142a, \u017ce to w\u0142a\u015bnie obecno\u015b\u0107 Mateusza Morawieckiego w\u00a0partii ogranicza mo\u017cliwo\u015b\u0107 zaostrzenia politycznej retoryki. &#8211; Morawiecki w oczach wyborc\u00f3w Brauna i Mentzena jest problemem, wi\u0119c trzeba go wypchn\u0105\u0107 albo trzeba si\u0119 z nim u\u0142o\u017cy\u0107, \u017ce b\u0119dzie potencjalnym koalicjantem &#8211; oceni\u0142a dziennikarka. W jej opinii Mateusz Morawiecki &#8222;bardzo dobrze&#8221; rozegra\u0142 sytuacj\u0119.\u00a0<\/p>\n<p>&#8211;\u00a0Jak Kaczy\u0144ski pozwoli\u0142 na dymienie, to nie da si\u0119 tego zatrzyma\u0107. To prawdopodobnie wymusi teraz zmiany w programowym ciele Prawa i Sprawiedliwo\u015bci &#8211; stwierdzi\u0142a D\u0142ugosz w TOK FM. &#8211; Pytanie, na ile b\u0119dzie to rozrywa\u0142o PiS dalej? &#8211; pyta\u0142a go\u015bcini TOK FM.\u00a0<\/p>\n<p>\u0179r\u00f3d\u0142o: TOK FM<\/p>\n","protected":false},"excerpt":{"rendered":"Czy Mateusz Morawiecki mo\u017ce opu\u015bci\u0107 PiS Dlaczego ostatnia awantura niepokoi prezesa Jaros\u0142awa Kaczy\u0144skiego\u00a0 Dwa spotkania op\u0142atkowe, publiczne po\u0142ajanki&hellip;\n","protected":false},"author":2,"featured_media":158640,"comment_status":"","ping_status":"","sticky":false,"template":"","format":"standard","meta":{"footnotes":""},"categories":[12],"tags":[32,33,36,37,27,8526,34,35,7120,28,31,25,529,42,38,40,39,41,29,30,26],"class_list":{"0":"post-158639","1":"post","2":"type-post","3":"status-publish","4":"format-standard","5":"has-post-thumbnail","7":"category-polska","8":"tag-breaking-news","9":"tag-breakingnews","10":"tag-featured-news","11":"tag-featurednews","12":"tag-headlines","13":"tag-jaroslaw-kaczynski","14":"tag-latest-news","15":"tag-latestnews","16":"tag-mateusz-morawiecki","17":"tag-naglowki","18":"tag-najwazniejsze-artykuly","19":"tag-news","20":"tag-pis","21":"tag-pl","22":"tag-poland","23":"tag-polish","24":"tag-polska","25":"tag-polski","26":"tag-top-stories","27":"tag-topstories","28":"tag-wiadomosci"},"share_on_mastodon":{"url":"https:\/\/pubeurope.com\/@pl\/115742544082508938","error":""},"_links":{"self":[{"href":"https:\/\/www.europesays.com\/pl\/wp-json\/wp\/v2\/posts\/158639","targetHints":{"allow":["GET"]}}],"collection":[{"href":"https:\/\/www.europesays.com\/pl\/wp-json\/wp\/v2\/posts"}],"about":[{"href":"https:\/\/www.europesays.com\/pl\/wp-json\/wp\/v2\/types\/post"}],"author":[{"embeddable":true,"href":"https:\/\/www.europesays.com\/pl\/wp-json\/wp\/v2\/users\/2"}],"replies":[{"embeddable":true,"href":"https:\/\/www.europesays.com\/pl\/wp-json\/wp\/v2\/comments?post=158639"}],"version-history":[{"count":0,"href":"https:\/\/www.europesays.com\/pl\/wp-json\/wp\/v2\/posts\/158639\/revisions"}],"wp:featuredmedia":[{"embeddable":true,"href":"https:\/\/www.europesays.com\/pl\/wp-json\/wp\/v2\/media\/158640"}],"wp:attachment":[{"href":"https:\/\/www.europesays.com\/pl\/wp-json\/wp\/v2\/media?parent=158639"}],"wp:term":[{"taxonomy":"category","embeddable":true,"href":"https:\/\/www.europesays.com\/pl\/wp-json\/wp\/v2\/categories?post=158639"},{"taxonomy":"post_tag","embeddable":true,"href":"https:\/\/www.europesays.com\/pl\/wp-json\/wp\/v2\/tags?post=158639"}],"curies":[{"name":"wp","href":"https:\/\/api.w.org\/{rel}","templated":true}]}}