{"id":158713,"date":"2025-12-18T21:36:23","date_gmt":"2025-12-18T21:36:23","guid":{"rendered":"https:\/\/www.europesays.com\/pl\/158713\/"},"modified":"2025-12-18T21:36:23","modified_gmt":"2025-12-18T21:36:23","slug":"redmi-note-15-pro-wyglada-jak-flagowiec-kosztuje-2000-pln","status":"publish","type":"post","link":"https:\/\/www.europesays.com\/pl\/158713\/","title":{"rendered":"Redmi Note 15 Pro+ wygl\u0105da jak flagowiec, kosztuje 2000 PLN"},"content":{"rendered":"<p class=\"lead\">Redmi Note 15 Pro+ debiutuje w Polsce i to za ca\u0142kiem rozs\u0105dne pieni\u0105dze. Mam go ju\u017c na testach i podejrzewam, \u017ce nied\u0142ugo b\u0119dzie z niego niez\u0142y hit. Przede wszystkim wygl\u0105da na du\u017co dro\u017cszego, ni\u017c jest w rzeczywisto\u015bci.<\/p>\n<p>Redmi Note 15 Pro+ to ciekawa alternatywa dla niekt\u00f3rych eks-flagowc\u00f3w w p\u00f3\u0142ce cenowej oko\u0142o 2000 z\u0142otych. W przeciwie\u0144stwie do <a href=\"https:\/\/www.gsmmaniak.pl\/1617679\/poco-f8-ultra-test-recenzja-opinia\/\" rel=\"nofollow noopener\" target=\"_blank\">POCO F8 Ultra<\/a> nie stawia na wydajno\u015b\u0107, ale design i aparat. Nie zdziwi\u0119 si\u0119, je\u017celi oka\u017ce si\u0119 niez\u0142ym hitem w naszym kraju.<\/p>\n<p>Redmi Note 15 Pro+ debiutuje w Polsce w ca\u0142kiem rozs\u0105dnej cenie<\/p>\n<p>Na pocz\u0105tek porozmawiajmy o cenach. Redmi Note 15 Pro+ jest w Polsce dost\u0119pny w dw\u00f3ch wersjach, a kwoty prezentuj\u0105 si\u0119 nast\u0119puj\u0105co:<\/p>\n<p>Redmi Note 15 Pro+ kupisz na stronie producenta, ale i <a href=\"https:\/\/www.x-kom.pl\/p\/1471038-smartfon-telefon-xiaomi-redmi-note-15-pro-5g-8-256gb-black.html?sm=techmaniak\" rel=\"nofollow noopener\" target=\"_blank\">x-komie<\/a>, <a href=\"https:\/\/track.performers.tech\/aff_c?offer_id=1860&amp;aff_id=3864&amp;aff_sub2=link&amp;source=gsmmaniak&amp;url=https%3A%2F%2Fwww.mediaexpert.pl%2Fsmartfony-i-zegarki%2Fsmartfony%2Fsmartfon-xiaomi-redmi-note-15-pro-5g-12-512gb-6-83-120hz-niebieski%3Futm_source%3DPPME%26utm_medium%3Ddeeplink-hyb%26utm_campaign%3D{date}%26utm_content%3D{affiliate_id}%26Partner_ID%3D{aff_sub}%26transaction_id%3D{transaction_id}\" rel=\"nofollow noopener\" target=\"_blank\">Media Expert<\/a> czy <a href=\"https:\/\/clk.tradedoubler.com\/click?p=118512&amp;a=1519650&amp;epi=link&amp;url=https%3A%2F%2Fwww.euro.com.pl%2Ftelefony-komorkowe%2Fxiaomi-redmi-note-15-pro-5g-8-256gb-6-83-120hz-200mpix-czarny_1.bhtml\" rel=\"nofollow noopener\" target=\"_blank\">RTVeuroAGD<\/a>.<\/p>\n<p><a href=\"https:\/\/www.ceneo.pl\/190953682#pid=525\" rel=\"nofollow noopener\" target=\"_blank\"><img loading=\"lazy\" decoding=\"async\" aria-describedby=\"caption-attachment-1622197\" class=\"size-medium wp-image-1622197\" src=\"https:\/\/www.europesays.com\/pl\/wp-content\/uploads\/2025\/12\/Zrzut-ekranu-2025-12-18-112042-medium.jpg\" alt=\"Redmi Note 15 Pro+\" width=\"500\" height=\"333\"   itemprop=\"image\" \/><\/a><\/p>\n<p id=\"caption-attachment-1622197\" class=\"wp-caption-text\">Polskie ceny Redmi Note 15 Pro+ \/ fot. Ceneo<\/p>\n<p>Jak oceniam tak\u0105 wycen\u0119 Redmi Note 15 Pro+ w Polsce? Nie jestem ni\u0105 kompletnie zaskoczony, bo poprzednik kosztowa\u0142 podobn\u0105 kas\u0119. Szkoda troch\u0119, \u017ce s\u0142absza wersja nie ma 12 GB pami\u0119ci operacyjnej, natomiast jest to pierwsza jask\u00f3\u0142ka <a href=\"https:\/\/www.gsmmaniak.pl\/1620895\/nowe-telefony-mniej-ram-ze-wzgledu-na-podwyzki-cen-pamieci\/\" rel=\"nofollow noopener\" target=\"_blank\">podwy\u017cek cen RAMu<\/a>. Pozwol\u0119 sobie te\u017c zauwa\u017cy\u0107, \u017ce to znacznie lepiej wyposa\u017cony telefon od poprzedniego modelu i mam na to kilka dowod\u00f3w.<\/p>\n<p>Testuj\u0119 go ju\u017c i mam kilka spostrze\u017ce\u0144<\/p>\n<p>Zaczn\u0119 od najwi\u0119kszej zmiany, jaka trafi\u0142a do specyfikacji Redmi Note 15 Pro+ i chodzi mi o bateri\u0119. Ta ma teraz pojemno\u015b\u0107 6500 mAh i dor\u00f3wnuje najwi\u0119kszym ogniwom w historii tego producenta w Polsce. Jest to jednocze\u015bnie najwi\u0119kszy akumulator w polskim Redmi. Poza tym mo\u017cna go szybko \u0142adowa\u0107 z moc\u0105 100W, cho\u0107 \u0142adowarki w pude\u0142ku oczywi\u015bcie nie ma.<\/p>\n<p>Na froncie znajduje si\u0119 wielki ekran o przek\u0105tnej 6.83 cala. To panel AMOLED z 120 Hz od\u015bwie\u017caniem i rozdzielczo\u015bci\u0105 1.5K. Chroni\u0105ce go szk\u0142o jest delikatnie zagi\u0119te na kraw\u0119dziach, co w 2025 roku jest rzadko\u015bci\u0105. W og\u00f3le design mo\u017ce si\u0119 podoba\u0107, a m\u00f3j wariant \u2013 Mocha Brown \u2013 ma do tego wyko\u0144czenie tylnego panelu z wega\u0144skiej sk\u00f3ry. To m\u00f3j ulubiony materia\u0142 i bez wahania wybra\u0142bym go zamiast szk\u0142a.<\/p>\n<p><a href=\"https:\/\/www.gsmmaniak.pl\/wp-content\/uploads\/gsmmaniak\/2025\/12\/Zrzut-ekranu-2025-12-18-113714.jpg\" rel=\"lightbox-post4 nofollow noopener\" title=\"Galeria dla Zrzut ekranu 2025-12-18 113714\" target=\"_blank\"><img loading=\"lazy\" decoding=\"async\" aria-describedby=\"caption-attachment-1622203\" class=\"size-medium wp-image-1622203\" src=\"https:\/\/www.europesays.com\/pl\/wp-content\/uploads\/2025\/12\/Zrzut-ekranu-2025-12-18-113714-medium.jpg\" alt=\"Redmi Note 15 Pro+\" width=\"500\" height=\"132\"   \/><\/a><\/p>\n<p id=\"caption-attachment-1622203\" class=\"wp-caption-text\">Redmi Note 15 Pro+ \/ fot. producenta<\/p>\n<p>Od strony wydajno\u015bci Redmi Note 15 Pro+ oferuje wspomniane 8 lub 12 GB RAM oraz Snapdragona 7s Gen 4. Gdybym mia\u0142 si\u0119 do czego\u015b przyczepi\u0107, to do tego, \u017ce pami\u0119\u0107 wykonano w standardzie UFS 2.2. Potencjalnie mo\u017ce to by\u0107 w\u0105skie gard\u0142o, ale z drugiej strony szukaj\u0105cy mocy w tej cenie powinni raczej zwr\u00f3ci\u0107 uwag\u0119 na<a href=\"https:\/\/www.gsmmaniak.pl\/1617676\/poco-f8-pro-test-recenzja-opinia\/\" rel=\"nofollow noopener\" target=\"_blank\"> POCO F8<\/a>.<\/p>\n<p>Tak naprawd\u0119 najwa\u017cniejszy jest tu aparat g\u0142\u00f3wny. Kryje si\u0119 za nim matryca 200 MP, wsparta o obiektyw z OIS. Przeliczy si\u0119 jednak ten, kto liczy\u0142 na teleobiektyw \u2013 mamy tu tylko crop z g\u0142\u00f3wnego sensora. Zamiast niego mamy 8 MP szeroki k\u0105t. Podsumowuj\u0105c \u2013 to naprawd\u0119 niez\u0142y \u015bredniak, ale fotograficznie ma pewne braki. Pe\u0142nej recenzji spodziewaj si\u0119 jeszcze w tym miesi\u0105cu.<\/p>\n<p>\u0179r\u00f3d\u0142o: producenta, opracowanie w\u0142asne<\/p>\n","protected":false},"excerpt":{"rendered":"Redmi Note 15 Pro+ debiutuje w Polsce i to za ca\u0142kiem rozs\u0105dne pieni\u0105dze. Mam go ju\u017c na testach&hellip;\n","protected":false},"author":2,"featured_media":158714,"comment_status":"","ping_status":"","sticky":false,"template":"","format":"standard","meta":{"footnotes":""},"categories":[20],"tags":[120,118,119,42,38,40,39,41,116,114,115,121,117],"class_list":{"0":"post-158713","1":"post","2":"type-post","3":"status-publish","4":"format-standard","5":"has-post-thumbnail","7":"category-nauka-i-technika","8":"tag-nauka","9":"tag-nauka-i-technika","10":"tag-naukatechnika","11":"tag-pl","12":"tag-poland","13":"tag-polish","14":"tag-polska","15":"tag-polski","16":"tag-science","17":"tag-science-and-technology","18":"tag-sciencetechnology","19":"tag-technika","20":"tag-technology"},"share_on_mastodon":{"url":"https:\/\/pubeurope.com\/@pl\/115742729171056667","error":""},"_links":{"self":[{"href":"https:\/\/www.europesays.com\/pl\/wp-json\/wp\/v2\/posts\/158713","targetHints":{"allow":["GET"]}}],"collection":[{"href":"https:\/\/www.europesays.com\/pl\/wp-json\/wp\/v2\/posts"}],"about":[{"href":"https:\/\/www.europesays.com\/pl\/wp-json\/wp\/v2\/types\/post"}],"author":[{"embeddable":true,"href":"https:\/\/www.europesays.com\/pl\/wp-json\/wp\/v2\/users\/2"}],"replies":[{"embeddable":true,"href":"https:\/\/www.europesays.com\/pl\/wp-json\/wp\/v2\/comments?post=158713"}],"version-history":[{"count":0,"href":"https:\/\/www.europesays.com\/pl\/wp-json\/wp\/v2\/posts\/158713\/revisions"}],"wp:featuredmedia":[{"embeddable":true,"href":"https:\/\/www.europesays.com\/pl\/wp-json\/wp\/v2\/media\/158714"}],"wp:attachment":[{"href":"https:\/\/www.europesays.com\/pl\/wp-json\/wp\/v2\/media?parent=158713"}],"wp:term":[{"taxonomy":"category","embeddable":true,"href":"https:\/\/www.europesays.com\/pl\/wp-json\/wp\/v2\/categories?post=158713"},{"taxonomy":"post_tag","embeddable":true,"href":"https:\/\/www.europesays.com\/pl\/wp-json\/wp\/v2\/tags?post=158713"}],"curies":[{"name":"wp","href":"https:\/\/api.w.org\/{rel}","templated":true}]}}