{"id":158719,"date":"2025-12-18T21:39:11","date_gmt":"2025-12-18T21:39:11","guid":{"rendered":"https:\/\/www.europesays.com\/pl\/158719\/"},"modified":"2025-12-18T21:39:11","modified_gmt":"2025-12-18T21:39:11","slug":"zwrot-w-sprawie-wizyty-zelenskiego-w-polsce-przedstawiciel-msz-dostal-zaproszenie","status":"publish","type":"post","link":"https:\/\/www.europesays.com\/pl\/158719\/","title":{"rendered":"Zwrot w sprawie wizyty Ze\u0142enskiego w Polsce. Przedstawiciel MSZ dosta\u0142 zaproszenie"},"content":{"rendered":"<p class=\"ods-c-paragraph \">Prezydent Ukrainy Wo\u0142odymyr Ze\u0142enski, kt\u00f3ry w pi\u0105tek sk\u0142ada wizyt\u0119 w Polsce, spotka si\u0119 m.in. z prezydentem Karolem Nawrockim. <a href=\"https:\/\/wiadomosci.onet.pl\/kraj\/wolodymyr-zelenski-w-polsce-tak-wyglada-plan-wizyty-ukrainskiego-prezydenta\/d4ht575\" id=\"54556214-6248-4301-afff-7d84cc1331b0\" rel=\"nofollow noopener\" target=\"_blank\">Zgodnie z programem<\/a> zamieszczonym przez Kancelari\u0119 Prezydenta o godz. 10.15 odb\u0119dzie si\u0119 spotkanie w cztery oczy prezydent\u00f3w Polski i Ukrainy. Od godz. 11 b\u0119d\u0105 trwa\u0142y rozmowy plenarne delegacji pod przewodnictwem obu prezydent\u00f3w.<\/p>\n<p>Dalszy ci\u0105g artyku\u0142u pod materia\u0142em wideo<\/p>\n<p> Kiedy Wo\u0142odymyr Ze\u0142enski przyjedzie do Polski? <\/p>\n<p> Kto reprezentuje MSZ w delegacji na spotkanie prezydent\u00f3w? <\/p>\n<p> O kt\u00f3rej godzinie odb\u0119dzie si\u0119 spotkanie w cztery oczy prezydent\u00f3w? <\/p>\n<p> Jaka jest agenda planowanego spotkania prezydent\u00f3w Polski i Ukrainy? <\/p>\n<p>  Zwrot na linii Prezydent \u2013 MSZ? &#8222;Zaproszenie przysz\u0142o ko\u0142o po\u0142udnia&#8221;<\/p>\n<p class=\"ods-c-paragraph \">Bosacki w czwartek rano w TVN24 powiedzia\u0142, \u017ce w polskiej delegacji przy spotkaniu prezydent\u00f3w Polski i Ukrainy <a href=\"https:\/\/wiadomosci.onet.pl\/kraj\/msz-alarmuje-przed-wizyta-wolodymyra-zelenskiego-konstytucja-wymaga\/qwbl47j\" id=\"e03bb471-85f7-4659-844d-40d2a36f9fea\" rel=\"nofollow noopener\" target=\"_blank\">zabraknie przedstawiciela MSZ<\/a>. \u2014 Znowu \u017caden przedstawiciel rz\u0105du do delegacji prezydenta nie jest zaproszony. To absolutnie niezgodne z konstytucj\u0105, kt\u00f3ra wymaga od prezydenta, chc\u0119 powiedzie\u0107 to bardzo mocno, wsp\u00f3\u0142pracy z rz\u0105dem w sprawach mi\u0119dzynarodowych \u2014 podkre\u015bli\u0142.<\/p>\n<p class=\"ods-c-paragraph \">Rzecznik prezydenta Rafa\u0142 Le\u015bkiewicz, pytany przez Polsk\u0105 Agencj\u0119 Prasow\u0105 o t\u0119 spraw\u0119 rano podkre\u015bli\u0142, \u017ce trwaj\u0105 ostatnie przygotowania do oficjalnej wizyty prezydenta Ze\u0142enskiego w Warszawie. \u2014 Przygotowuj\u0105c wizyt\u0119, jeste\u015bmy na bie\u017c\u0105co w kontakcie z MSZ \u2014 zapewni\u0142. Oceni\u0142, \u017ce &#8222;formu\u0142owanie zarzut\u00f3w&#8221; dotycz\u0105cych sk\u0142adu delegacji przez Bosackiego do strony prezydenckiej jest niepowa\u017cne i nieprofesjonalne.<\/p>\n<p class=\"ods-c-paragraph \">\u2014 Przed wa\u017cn\u0105 dla relacji polsko-ukrai\u0144skich wizyt\u0105 prezydenta Ukrainy pr\u00f3buje wywo\u0142a\u0107 polityczn\u0105 awantur\u0119 \u2014 oceni\u0142 Le\u015bkiewicz. Podkre\u015bli\u0142, \u017ce agenda planowanego spotkania prezydent\u00f3w Polski i Ukrainy obejmuje tematy zwi\u0105zane z bezpiecze\u0144stwem, gospodark\u0105 i sprawami historycznym.<\/p>\n<p class=\"ods-c-paragraph \">Po po\u0142udniu rzecznik prezydenta przekaza\u0142, \u017ce w delegacji na spotkanie MSZ b\u0119dzie reprezentowa\u0142 w\u0142a\u015bnie Bosacki. Oceni\u0142, \u017ce w tej sytuacji wiceszef MSZ nie powiedzia\u0142 prawdy.<\/p>\n<p class=\"ods-c-paragraph \">Tymczasem MSZ przekonuje, \u017ce rano Bosackiego nie by\u0142o jeszcze w sk\u0142adzie delegacji. \u2014 Zaproszenie dla MSZ przysz\u0142o oko\u0142o po\u0142udnia \u2014 przekaza\u0142 rzecznik resortu Maciej Wewi\u00f3r.<\/p>\n<p>Sp\u00f3r wok\u00f3\u0142 ambasador\u00f3w. &#8222;By\u0142a propozycja&#8221;<\/p>\n<p class=\"ods-c-paragraph \">Bosacki w TVN24 m\u00f3wi\u0142 tak\u017ce, \u017ce <a href=\"https:\/\/wiadomosci.onet.pl\/kraj\/propozycja-kompromisu-w-sporze-o-ambasadorow-wiceminister-ujawnia-szczegoly\/1qhlecj\" id=\"b8770fb8-bac9-4991-8752-2cb215ae3154\" rel=\"nofollow noopener\" target=\"_blank\">by\u0142a bardzo daleko kompromisowa propozycja ze strony szefa MSZ<\/a> Rados\u0142awa Sikorskiego dla prezydenta Karola Nawrockiego w sprawie ambasador\u00f3w. Przypomnia\u0142, \u017ce na pocz\u0105tku grudnia Sikorski opublikowa\u0142 skan wystosowanego w pa\u017adzierniku listu do prezydenta, w kt\u00f3rym szef MSZ deklarowa\u0142 ch\u0119\u0107 rozwi\u0105zania problemu, jednak \u2014 jak poinformowa\u0142 \u2014 pozosta\u0142 on bez odzewu.<\/p>\n<p class=\"ods-c-paragraph \">Bosacki by\u0142 pytany, czy Sikorski z\u0142o\u017cy\u0142 Nawrockiemu propozycj\u0119, \u017ce na 100 ambasador\u00f3w 10 wskaza\u0142aby strona MSZ, 10 strona prezydenta, a kolejnych 80 by\u0142oby zawodowymi dyplomatami spoza politycznego rozdania. \u2014 Potwierdzam, \u017ce by\u0142a propozycja \u2014 odpar\u0142 Bosacki.<\/p>\n<p class=\"ods-c-paragraph \">Na uwag\u0119, \u017ce informacja ta nie zosta\u0142a zawarta w ujawnionym li\u015bcie, wyja\u015bni\u0142, \u017ce znalaz\u0142a si\u0119 ona w za\u0142\u0105czniku do pisma. \u2014 Trudno, \u017ceby ujawnia\u0107 personalia, ja tego te\u017c nie b\u0119d\u0119 robi\u0142 \u2014 zaznaczy\u0142. Pytany, dlaczego tre\u015b\u0107 listu zosta\u0142a upubliczniona, podkre\u015bli\u0142, \u017ce &#8222;urz\u0119dnicy prezydenta k\u0142amali, m\u00f3wi\u0105c, \u017ce to MSZ, czyli minister i wicepremier Sikorski, nie odpowiada na kompromisowe propozycje prezydenta&#8221;.<\/p>\n<p class=\"ods-c-paragraph \">\u2014 By\u0142o dok\u0142adnie odwrotnie. Panowie si\u0119 spotkali, prezydent wys\u0142ucha\u0142 i przyj\u0105\u0142 ustnie do wiadomo\u015bci kompromis ze strony ministra Sikorskiego, tylko potem niestety na jasno skonkretyzowan\u0105 na pi\u015bmie propozycj\u0119 kompromisu nie odpowiedzia\u0142 w tej chwili ju\u017c przez trzy miesi\u0105ce \u2014 doda\u0142 wiceszef MSZ.<\/p>\n<p>Konflikt na linii MSZ \u2013 Pa\u0142ac Prezydencki   <\/p>\n<p class=\"ods-c-paragraph \">Sp\u00f3r o nominacje ambasadorskie mi\u0119dzy rz\u0105dem a prezydentem (w\u00f3wczas Andrzejem Dud\u0105) trwa od marca 2024 r. Wtedy szef MSZ zdecydowa\u0142, \u017ce ponad 50 ambasador\u00f3w zako\u0144czy misj\u0119, a kilkana\u015bcie kandydatur zg\u0142oszonych do akceptacji przez poprzednie kierownictwo resortu zostanie wycofanych. Andrzej Duda podkre\u015bla\u0142 natomiast, \u017ce &#8222;nie da si\u0119 \u017cadnego ambasadora polskiego powo\u0142a\u0107, ani odwo\u0142a\u0107 bez podpisu prezydenta&#8221;.<\/p>\n<p class=\"ods-c-paragraph \">W miejsce ambasador\u00f3w, kt\u00f3rzy opu\u015bcili plac\u00f3wki, ale nie zostali w\u00f3wczas formalnie odwo\u0142ani przez prezydenta, trafili wskazani przez MSZ dyplomaci, kt\u00f3rzy nie maj\u0105 statusu ambasador\u00f3w, lecz charge d\u2019affaires. Taka sytuacja jest np. w USA, gdzie by\u0142y szef MON w rz\u0105dzie PO-PSL Bogdan Klich zast\u0105pi\u0142 Marka Magierowskiego.<\/p>\n<p class=\"ods-c-paragraph \">Pod koniec wrze\u015bnia Karol Nawrocki podkre\u015bli\u0142, \u017ce nie ma mo\u017cliwo\u015bci, aby Bogdan Klich oraz Ryszard Schnepf (charg\u00e9 d\u2019affaires we W\u0142oszech) otrzymali nominacje ambasadorskie.<\/p>\n","protected":false},"excerpt":{"rendered":"Prezydent Ukrainy Wo\u0142odymyr Ze\u0142enski, kt\u00f3ry w pi\u0105tek sk\u0142ada wizyt\u0119 w Polsce, spotka si\u0119 m.in. z prezydentem Karolem Nawrockim.&hellip;\n","protected":false},"author":2,"featured_media":158720,"comment_status":"","ping_status":"","sticky":false,"template":"","format":"standard","meta":{"footnotes":""},"categories":[12],"tags":[32,33,36,37,27,43,49,34,35,554,28,31,48,25,46,1650,42,38,40,39,41,1118,47,29,30,26,309],"class_list":{"0":"post-158719","1":"post","2":"type-post","3":"status-publish","4":"format-standard","5":"has-post-thumbnail","7":"category-polska","8":"tag-breaking-news","9":"tag-breakingnews","10":"tag-featured-news","11":"tag-featurednews","12":"tag-headlines","13":"tag-karol_nawrocki","14":"tag-kraj","15":"tag-latest-news","16":"tag-latestnews","17":"tag-marcin_bosacki","18":"tag-naglowki","19":"tag-najwazniejsze-artykuly","20":"tag-nat_styl","21":"tag-news","22":"tag-omp","23":"tag-palac_prezydencki","24":"tag-pl","25":"tag-poland","26":"tag-polish","27":"tag-polska","28":"tag-polski","29":"tag-radoslaw_sikorski","30":"tag-screening_general","31":"tag-top-stories","32":"tag-topstories","33":"tag-wiadomosci","34":"tag-wolodymyr_zelenski"},"share_on_mastodon":{"url":"https:\/\/pubeurope.com\/@pl\/115742740670392886","error":""},"_links":{"self":[{"href":"https:\/\/www.europesays.com\/pl\/wp-json\/wp\/v2\/posts\/158719","targetHints":{"allow":["GET"]}}],"collection":[{"href":"https:\/\/www.europesays.com\/pl\/wp-json\/wp\/v2\/posts"}],"about":[{"href":"https:\/\/www.europesays.com\/pl\/wp-json\/wp\/v2\/types\/post"}],"author":[{"embeddable":true,"href":"https:\/\/www.europesays.com\/pl\/wp-json\/wp\/v2\/users\/2"}],"replies":[{"embeddable":true,"href":"https:\/\/www.europesays.com\/pl\/wp-json\/wp\/v2\/comments?post=158719"}],"version-history":[{"count":0,"href":"https:\/\/www.europesays.com\/pl\/wp-json\/wp\/v2\/posts\/158719\/revisions"}],"wp:featuredmedia":[{"embeddable":true,"href":"https:\/\/www.europesays.com\/pl\/wp-json\/wp\/v2\/media\/158720"}],"wp:attachment":[{"href":"https:\/\/www.europesays.com\/pl\/wp-json\/wp\/v2\/media?parent=158719"}],"wp:term":[{"taxonomy":"category","embeddable":true,"href":"https:\/\/www.europesays.com\/pl\/wp-json\/wp\/v2\/categories?post=158719"},{"taxonomy":"post_tag","embeddable":true,"href":"https:\/\/www.europesays.com\/pl\/wp-json\/wp\/v2\/tags?post=158719"}],"curies":[{"name":"wp","href":"https:\/\/api.w.org\/{rel}","templated":true}]}}