{"id":158828,"date":"2025-12-18T22:39:26","date_gmt":"2025-12-18T22:39:26","guid":{"rendered":"https:\/\/www.europesays.com\/pl\/158828\/"},"modified":"2025-12-18T22:39:26","modified_gmt":"2025-12-18T22:39:26","slug":"warszawa-policja-szuka-dwoch-mezczyzn-ktorzy-grozili-jubilerowi","status":"publish","type":"post","link":"https:\/\/www.europesays.com\/pl\/158828\/","title":{"rendered":"Warszawa: policja szuka dw\u00f3ch m\u0119\u017cczyzn, kt\u00f3rzy grozili jubilerowi"},"content":{"rendered":"<p class=\"Paragraph_desktopParagraph__U31Gm\">Z dotychczasowych ustale\u0144 wynika, \u017ce mog\u0142a to nie by\u0107 jedyna plac\u00f3wka, w kt\u00f3rej pojawili si\u0119 m\u0119\u017cczy\u017ani mog\u0105cy mie\u0107 zwi\u0105zek z tym zdarzeniem.<\/p>\n<p>Rysopis pierwszego z m\u0119\u017cczyzn <\/p>\n<p class=\"Paragraph_desktopParagraph__U31Gm\">Jeden z m\u0119\u017cczyzn zarejestrowanych przez kamery monitoringu ma oko\u0142o 50-60 lat, \u015bredni\u0105 budow\u0119 cia\u0142a i oko\u0142o 170 cm wzrostu. Ma siwy zarost oraz charakterystyczne bruzdy nosowe. W chwili zdarzenia mia\u0142 na szyi szare s\u0142uchawki bezprzewodowe, czarn\u0105 czapk\u0119 z daszkiem, czarne spodnie oraz czerwon\u0105 kurtk\u0119 zapinan\u0105 na suwak. Mia\u0142 ze sob\u0105 niebiesk\u0105 walizk\u0119.<\/p>\n<ul class=\"OchatFollowUps_wrapper__1ry7X\">\n<li class=\"OchatFollowUps_item__Dhyly OchatFollowUps_itemDesktop__R6aBv\">Jakie informacje s\u0105 poszukiwane przez policj\u0119?<\/li>\n<li class=\"OchatFollowUps_item__Dhyly OchatFollowUps_itemDesktop__R6aBv\">W jaki spos\u00f3b mo\u017cna zg\u0142osi\u0107 informacje o m\u0119\u017cczyznach?<\/li>\n<li class=\"OchatFollowUps_item__Dhyly OchatFollowUps_itemDesktop__R6aBv\">Kiedy mia\u0142o miejsce zdarzenie z jubilera?<\/li>\n<li class=\"OchatFollowUps_item__Dhyly OchatFollowUps_itemDesktop__R6aBv\">Jakie cechy ma pierwszy z m\u0119\u017cczyzn?<\/li>\n<\/ul>\n<p>Rysopis drugiego m\u0119\u017cczyzny <\/p>\n<p class=\"Paragraph_desktopParagraph__U31Gm\">Drugi z m\u0119\u017cczyzn ma oko\u0142o 50 lat, \u015bredni\u0105 budow\u0119 cia\u0142a i oko\u0142o 180 cm wzrostu. Ma d\u0142u\u017csze w\u0142osy zaczesane do ty\u0142u i zwi\u0105zane w kucyk. Ubrany by\u0142 w ciemnozielon\u0105 kurtk\u0119, szar\u0105 bluz\u0119 z kapturem, spodnie dresowe w kolorze szarym lub granatowym oraz be\u017cowe buty.<\/p>\n<p>Apel policji o pomoc <\/p>\n<p class=\"Paragraph_desktopParagraph__U31Gm\">Wszystkie osoby, kt\u00f3re rozpoznaj\u0105 m\u0119\u017cczyzn widocznych na opublikowanych zdj\u0119ciach lub posiadaj\u0105 informacje mog\u0105ce pom\u00f3c w sprawie, proszone s\u0105 o kontakt z policjantami prowadz\u0105cymi post\u0119powanie.<\/p>\n<p class=\"Paragraph_desktopParagraph__U31Gm\">Zg\u0142oszenia mo\u017cna dokona\u0107 osobi\u015bcie w siedzibie jednostki przy ul. Malczewskiego lub telefonicznie pod numerami 47 723-92-50 oraz 47 723-92-52. Informacje mo\u017cna r\u00f3wnie\u017c przesy\u0142a\u0107 drog\u0105 elektroniczn\u0105 na adres: oficer.prasowy.krp2@ksp.policja.gov.pl. Policja gwarantuje anonimowo\u015b\u0107. Sprawa prowadzona jest pod numerem WZ-I-5373\/2025.<\/p>\n<p><img decoding=\"async\" class=\"Image_image__0tuHp Image_autoHeight__f2n87 \" height=\"587\" width=\"620\" src=\"https:\/\/www.europesays.com\/pl\/wp-content\/uploads\/2025\/12\/C_9k9kuTURBXy9lNGJlYWMwMC02YWIwLTQ4OTUtOGY5Ny02ODlhYjVjMTYwNzEuanBlZ5KVAs0DrADCw5UCAM0CS8LD3gADoTABo.jpeg\" alt=\"\u017ar\u00f3d\u0142o: mokotow.policja.gov.pl\" loading=\"lazy\" \/>Tu Stolica<\/p>\n<p>\u017ar\u00f3d\u0142o: mokotow.policja.gov.pl<\/p>\n<p><img decoding=\"async\" class=\"Image_image__0tuHp Image_autoHeight__f2n87 \" height=\"538\" width=\"930\" src=\"https:\/\/www.europesays.com\/pl\/wp-content\/uploads\/2025\/12\/n61k9kuTURBXy8zY2YzNWM4Yy05MjczLTQ2NWQtYmU5MS0zNDI5ZWNiY2M0ZDYuanBlZ5KVAs0DrADCw5UCAM0CS8LD3gADoTABo.jpeg\" alt=\"\u017ar\u00f3d\u0142o: mokotow.policja.gov.pl\" loading=\"lazy\" \/>Tu Stolica<\/p>\n<p>\u017ar\u00f3d\u0142o: mokotow.policja.gov.pl<\/p>\n","protected":false},"excerpt":{"rendered":"Z dotychczasowych ustale\u0144 wynika, \u017ce mog\u0142a to nie by\u0107 jedyna plac\u00f3wka, w kt\u00f3rej pojawili si\u0119 m\u0119\u017cczy\u017ani mog\u0105cy mie\u0107&hellip;\n","protected":false},"author":2,"featured_media":158829,"comment_status":"","ping_status":"","sticky":false,"template":"","format":"standard","meta":{"footnotes":""},"categories":[12],"tags":[32,33,36,37,27,34,35,1565,28,31,53,25,52,68,51,55,42,38,40,39,41,47,29,30,8908,50,26],"class_list":{"0":"post-158828","1":"post","2":"type-post","3":"status-publish","4":"format-standard","5":"has-post-thumbnail","7":"category-polska","8":"tag-breaking-news","9":"tag-breakingnews","10":"tag-featured-news","11":"tag-featurednews","12":"tag-headlines","13":"tag-latest-news","14":"tag-latestnews","15":"tag-ms","16":"tag-naglowki","17":"tag-najwazniejsze-artykuly","18":"tag-new_header","19":"tag-news","20":"tag-onet3","21":"tag-onet3d","22":"tag-onet3d_2i","23":"tag-phx","24":"tag-pl","25":"tag-poland","26":"tag-polish","27":"tag-polska","28":"tag-polski","29":"tag-screening_general","30":"tag-top-stories","31":"tag-topstories","32":"tag-tu_stolica","33":"tag-v2021","34":"tag-wiadomosci"},"share_on_mastodon":{"url":"https:\/\/pubeurope.com\/@pl\/115742976893057830","error":""},"_links":{"self":[{"href":"https:\/\/www.europesays.com\/pl\/wp-json\/wp\/v2\/posts\/158828","targetHints":{"allow":["GET"]}}],"collection":[{"href":"https:\/\/www.europesays.com\/pl\/wp-json\/wp\/v2\/posts"}],"about":[{"href":"https:\/\/www.europesays.com\/pl\/wp-json\/wp\/v2\/types\/post"}],"author":[{"embeddable":true,"href":"https:\/\/www.europesays.com\/pl\/wp-json\/wp\/v2\/users\/2"}],"replies":[{"embeddable":true,"href":"https:\/\/www.europesays.com\/pl\/wp-json\/wp\/v2\/comments?post=158828"}],"version-history":[{"count":0,"href":"https:\/\/www.europesays.com\/pl\/wp-json\/wp\/v2\/posts\/158828\/revisions"}],"wp:featuredmedia":[{"embeddable":true,"href":"https:\/\/www.europesays.com\/pl\/wp-json\/wp\/v2\/media\/158829"}],"wp:attachment":[{"href":"https:\/\/www.europesays.com\/pl\/wp-json\/wp\/v2\/media?parent=158828"}],"wp:term":[{"taxonomy":"category","embeddable":true,"href":"https:\/\/www.europesays.com\/pl\/wp-json\/wp\/v2\/categories?post=158828"},{"taxonomy":"post_tag","embeddable":true,"href":"https:\/\/www.europesays.com\/pl\/wp-json\/wp\/v2\/tags?post=158828"}],"curies":[{"name":"wp","href":"https:\/\/api.w.org\/{rel}","templated":true}]}}