{"id":158840,"date":"2025-12-18T22:45:26","date_gmt":"2025-12-18T22:45:26","guid":{"rendered":"https:\/\/www.europesays.com\/pl\/158840\/"},"modified":"2025-12-18T22:45:26","modified_gmt":"2025-12-18T22:45:26","slug":"bialorus-zwolnila-wiezniow-politycznych-czesc-dotarla-do-warszawy","status":"publish","type":"post","link":"https:\/\/www.europesays.com\/pl\/158840\/","title":{"rendered":"Bia\u0142oru\u015b zwolni\u0142a wi\u0119\u017ani\u00f3w politycznych. Cz\u0119\u015b\u0107 dotar\u0142a do Warszawy"},"content":{"rendered":"<ul class=\"UnorderedList_container__nmfSl\">\n<li class=\"UnorderedList_listElement__Py7xi\" data-id=\"ai-summary-link\">Du\u017co czytania, a ma\u0142o czasu? Sprawd\u017a\u00a0skr\u00f3t\u00a0artyku\u0142u<\/li>\n<\/ul>\n<p class=\"Paragraph_desktopParagraph__U31Gm\">W sobot\u0119 bia\u0142oruskie w\u0142adze uwolni\u0142y 123 wi\u0119\u017ani\u00f3w, spo\u015br\u00f3d kt\u00f3rych 114 deportowano do Ukrainy, a dziewi\u0119ciu na Litw\u0119. &#8222;W \u015brodku nocy 90 z 123 uwolnionych wi\u0119\u017ani\u00f3w politycznych bezpiecznie dotar\u0142o z Ukrainy do Warszawy&#8221; \u2014 napisa\u0142 w mediach spo\u0142eczno\u015bciowych Wiaczorka, publikuj\u0105c nagranie z powitania by\u0142ych wi\u0119\u017ani\u00f3w politycznych w stolicy Polski.<\/p>\n<p class=\"Paragraph_desktopParagraph__U31Gm\">&#8222;Na nagraniu wida\u0107 Mari\u0119 Kalesnikaw\u0105 obejmuj\u0105c\u0105 swoj\u0105 siostr\u0119 \u2014 to autentycznie poruszaj\u0105cy moment, pe\u0142en rodzinnej rado\u015bci&#8221; \u2014 podkre\u015bli\u0142 doradca Cichanouskiej.<\/p>\n<ul class=\"OchatFollowUps_wrapper__1ry7X\">\n<li class=\"OchatFollowUps_item__Dhyly OchatFollowUps_itemDesktop__R6aBv\">Ilu wi\u0119\u017ani\u00f3w politycznych uwolniono z Bia\u0142orusi?<\/li>\n<li class=\"OchatFollowUps_item__Dhyly OchatFollowUps_itemDesktop__R6aBv\">Kim s\u0105 niekt\u00f3rzy z uwolnionych wi\u0119\u017ani\u00f3w?<\/li>\n<li class=\"OchatFollowUps_item__Dhyly OchatFollowUps_itemDesktop__R6aBv\">Ile os\u00f3b dotar\u0142o do Warszawy?<\/li>\n<li class=\"OchatFollowUps_item__Dhyly OchatFollowUps_itemDesktop__R6aBv\">Co si\u0119 sta\u0142o z wi\u0119\u017aniami deportowanymi na Litw\u0119?<\/li>\n<\/ul>\n<p class=\"Paragraph_desktopParagraph__U31Gm\">Wcze\u015bniej w \u015brod\u0119 wiceprzewodnicz\u0105cy bia\u0142oruskiego opozycyjnego Zjednoczonego Gabinetu Przej\u015bciowego Pawe\u0142 \u0141atuszka poinformowa\u0142 PAP, \u017ce 109 spo\u015br\u00f3d deportowanych do Ukrainy z Bia\u0142orusi wi\u0119\u017ani\u00f3w politycznych wjedzie na terytorium Polski. Wed\u0142ug niego cz\u0119\u015b\u0107 z nich ma od razu uda\u0107 si\u0119 m.in. na Litw\u0119, natomiast wi\u0119kszo\u015b\u0107 pozosta\u0142ych planuje zosta\u0107 w Polsce i z\u0142o\u017cy\u0107 wnioski o ochron\u0119 mi\u0119dzynarodow\u0105.<\/p>\n<p class=\"Paragraph_desktopParagraph__U31Gm\">Rzecznik MSZ Maciej Wewi\u00f3r odnosz\u0105c si\u0119 do tych informacji, podkre\u015bli\u0142, \u017ce uwolnieni s\u0105 ju\u017c wolnymi lud\u017ami, a Polska zapewni im wsparcie. Doda\u0142 przy tym, \u017ce byli wi\u0119\u017aniowie polityczni b\u0119d\u0105 pod opiek\u0105 zar\u00f3wno swoich rodzin, jak i bia\u0142oruskich \u015brodowisk prodemokratycznych.<\/p>\n<p>Kto znalaz\u0142 si\u0119 na li\u015bcie uwolnionych <\/p>\n<p class=\"Paragraph_desktopParagraph__U31Gm\">W\u015br\u00f3d 123 uwolnionych s\u0105 m.in. laureat Pokojowej Nagrody Nobla Ale\u015b Bialacki, polityk Wiktar Babaryka, kt\u00f3ry mia\u0142 wystartowa\u0107 w wyborach prezydenckich w 2020 r. jako rywal Alaksandra \u0141ukaszenki i by\u0142 od tej pory wi\u0119ziony, cz\u0142onkini jego sztabu Maryja Kalesnikawa i Maryna Zo\u0142atawa, naczelna najwi\u0119kszego niezale\u017cnego portalu tut.by. W\u015br\u00f3d zwolnionych nie by\u0142o Andrzeja Poczobuta, dziennikarza i dzia\u0142acza Zwi\u0105zku Polak\u00f3w na Bia\u0142orusi, wyr\u00f3\u017cnionego m.in. Nagrod\u0105 Sacharowa za Wolno\u015b\u0107 My\u015bli 2025.<\/p>\n<p class=\"Paragraph_desktopParagraph__U31Gm\">Spo\u015br\u00f3d uwolnionych w sobot\u0119 dziewi\u0119\u0107 os\u00f3b zosta\u0142o wys\u0142anych do Wilna, w\u015br\u00f3d nich jest Bialacki; 114 przekazano na Ukrain\u0119. Jak poinformowa\u0142 w\u00f3wczas ukrai\u0144ski Sztab Koordynacyjny ds. Je\u0144c\u00f3w Wojennych byli w\u015br\u00f3d nich ukrai\u0144scy cywile zatrzymani na Bia\u0142orusi i oskar\u017cani o rzekom\u0105 wsp\u00f3\u0142prac\u0119 z ukrai\u0144skimi s\u0142u\u017cbami specjalnymi.<\/p>\n<p class=\"Paragraph_desktopParagraph__U31Gm\">Sobotnie zwolnienie wi\u0119\u017ani\u00f3w politycznych by\u0142o efektem porozumienia w\u0142adz Bia\u0142orusi z administracj\u0105 USA. Przed informacj\u0105 o uwolnieniu wi\u0119\u017ani\u00f3w bia\u0142oruskie media przekaza\u0142y, \u017ce Stany Zjednoczone znios\u0105 sankcje na potas z Bia\u0142orusi. Agencja Reutera podkre\u015bli\u0142a, \u017ce s\u00f3l potasu jest kluczowym sk\u0142adnikiem nawoz\u00f3w, a Bia\u0142oru\u015b jest jej wiod\u0105cym producentem.<\/p>\n<p class=\"Paragraph_desktopParagraph__U31Gm\">W sobot\u0119 ameryka\u0144ski wys\u0142annik John Coale powiedzia\u0142, \u017ce bliskie relacje mi\u0119dzy przyw\u00f3dc\u0105 Bia\u0142orusi Alaksandrem \u0141ukaszenk\u0105 a jego rosyjskim odpowiednikiem W\u0142adimirem Putinem mog\u0105 by\u0107 &#8222;bardzo przydatne&#8221; w trudnych dzia\u0142aniach mediacyjnych maj\u0105cych na celu zako\u0144czenie wojny Rosji z Ukrain\u0105.<\/p>\n","protected":false},"excerpt":{"rendered":"Du\u017co czytania, a ma\u0142o czasu? Sprawd\u017a\u00a0skr\u00f3t\u00a0artyku\u0142u W sobot\u0119 bia\u0142oruskie w\u0142adze uwolni\u0142y 123 wi\u0119\u017ani\u00f3w, spo\u015br\u00f3d kt\u00f3rych 114 deportowano do&hellip;\n","protected":false},"author":2,"featured_media":158841,"comment_status":"","ping_status":"","sticky":false,"template":"","format":"standard","meta":{"footnotes":""},"categories":[14],"tags":[31500,864,32,33,27,34,35,28,31,53,25,52,68,51,55,40,41,47,80,29,30,390,65,50,424,26,82,83,84],"class_list":{"0":"post-158840","1":"post","2":"type-post","3":"status-publish","4":"format-standard","5":"has-post-thumbnail","7":"category-swiat","8":"tag-alaksandr_lukaszenka","9":"tag-bialorus_bialorusin_bialorusinka_bialorusini","10":"tag-breaking-news","11":"tag-breakingnews","12":"tag-headlines","13":"tag-latest-news","14":"tag-latestnews","15":"tag-naglowki","16":"tag-najwazniejsze-artykuly","17":"tag-new_header","18":"tag-news","19":"tag-onet3","20":"tag-onet3d","21":"tag-onet3d_2i","22":"tag-phx","23":"tag-polish","24":"tag-polski","25":"tag-screening_general","26":"tag-swiat","27":"tag-top-stories","28":"tag-topstories","29":"tag-ukraina_ukrainiec_ukrainka_ukraincy_ukrainki","30":"tag-update_me","31":"tag-v2021","32":"tag-warszawa_miasto","33":"tag-wiadomosci","34":"tag-world","35":"tag-world-news","36":"tag-worldnews"},"share_on_mastodon":{"url":"https:\/\/pubeurope.com\/@pl\/115743000594359673","error":""},"_links":{"self":[{"href":"https:\/\/www.europesays.com\/pl\/wp-json\/wp\/v2\/posts\/158840","targetHints":{"allow":["GET"]}}],"collection":[{"href":"https:\/\/www.europesays.com\/pl\/wp-json\/wp\/v2\/posts"}],"about":[{"href":"https:\/\/www.europesays.com\/pl\/wp-json\/wp\/v2\/types\/post"}],"author":[{"embeddable":true,"href":"https:\/\/www.europesays.com\/pl\/wp-json\/wp\/v2\/users\/2"}],"replies":[{"embeddable":true,"href":"https:\/\/www.europesays.com\/pl\/wp-json\/wp\/v2\/comments?post=158840"}],"version-history":[{"count":0,"href":"https:\/\/www.europesays.com\/pl\/wp-json\/wp\/v2\/posts\/158840\/revisions"}],"wp:featuredmedia":[{"embeddable":true,"href":"https:\/\/www.europesays.com\/pl\/wp-json\/wp\/v2\/media\/158841"}],"wp:attachment":[{"href":"https:\/\/www.europesays.com\/pl\/wp-json\/wp\/v2\/media?parent=158840"}],"wp:term":[{"taxonomy":"category","embeddable":true,"href":"https:\/\/www.europesays.com\/pl\/wp-json\/wp\/v2\/categories?post=158840"},{"taxonomy":"post_tag","embeddable":true,"href":"https:\/\/www.europesays.com\/pl\/wp-json\/wp\/v2\/tags?post=158840"}],"curies":[{"name":"wp","href":"https:\/\/api.w.org\/{rel}","templated":true}]}}