{"id":158858,"date":"2025-12-18T22:54:08","date_gmt":"2025-12-18T22:54:08","guid":{"rendered":"https:\/\/www.europesays.com\/pl\/158858\/"},"modified":"2025-12-18T22:54:08","modified_gmt":"2025-12-18T22:54:08","slug":"koszmarna-63-minuta-oto-problem-jagiellonii-ogromne-konsekwencje-przeglad-sportowy-onet","status":"publish","type":"post","link":"https:\/\/www.europesays.com\/pl\/158858\/","title":{"rendered":"Koszmarna 63. minuta! Oto problem Jagiellonii. Ogromne konsekwencje &#8211; Przegl\u0105d Sportowy Onet"},"content":{"rendered":"<ol>\n<li><a href=\"https:\/\/news.google.com\/rss\/articles\/CBMi2AFBVV95cUxONXJWWFZsLW9NekNyZGVweVVSSXJmUjY3Umd2ZEV0ZkxnRERhVEZ3WEhvNUtyLWtRQUgzbVgxWWtaaHRKOEdqYzd6ci11VHZBcGwyWjJmMWFLQnNjWTFaVXAwNVVDLUdWUEJrcHhHb2dzYjBzMWJaVEdkX2hlN1dPN1RiUmhyRVB6V0dET05VajFlVWVzTTBFeEx6N0x3bU5YYWQ0MzNBcWJsUDBzWUdneHRtUW1DWUxzeGtlY1VSYzNpUHZ3akUyeU51SEN2S1p3SnotZWtLRVY?oc=5\" target=\"_blank\" rel=\"nofollow noopener\">Koszmarna 63. minuta! Oto problem Jagiellonii. Ogromne konsekwencje<\/a>&nbsp;&nbsp;Przegl\u0105d Sportowy Onet<\/li>\n<li><a href=\"https:\/\/news.google.com\/rss\/articles\/CBMi4gFBVV95cUxNeHhWWDMxN09VYlVaOWpvTm9lSHVaNl8zWWw3a0d0LUhWczFQaS1RSXdJSW9UYzlLN1h2VGRHNDZMNVBaWU91RTZFQUtUMnpidl93S0d3R0xGd2FmSF9VSHZ1dFZoSjByMUNrTHFIM25sOFJ3REhEUTQtU2dsMGxWUW9rVHc1R2VmMDZBWC12VjlaYzZXcnAzb0k0V3FnR1RiSWNYQ3djdENwNjMyVjVPcVRWZEloZ3JaalNJVkJTUmNGdjQ0eFhDeE5hLTQ1M29RMjE2TXFfSEU1SzBuMXFUQTJR?oc=5\" target=\"_blank\" rel=\"nofollow noopener\">Jagiellonia Bia\u0142ystok gra\u0142a w dziesi\u0105tk\u0119. I si\u0119 wybroni\u0142a! Kluczowy wynik<\/a>&nbsp;&nbsp;Przegl\u0105d Sportowy Onet<\/li>\n<li><a href=\"https:\/\/news.google.com\/rss\/articles\/CBMipAFBVV95cUxOb3drQmtoUE1vbk10UHJFRHBuOFFoVmVpME4teTh4N3BTQ2NYZWowcDBPZHk2ZHE1M2NaaUhWa1hEZXNSamw5YzIxN2ZGRDRpRU5UQ3VSWWIzeGxSWGlub3M5b0lsb2Z2eGZLckFsdkZIUFNIMVRDZkQxSXg1RmxSVWFQNDZyX1VxcE5DWkN5UW5TeWF3N2RCZTBvV0NfSDF3VW1iVQ?oc=5\" target=\"_blank\" rel=\"nofollow noopener\">By\u0142a 63. minuta meczu Jagiellonii. O tym b\u0119dzie g\u0142o\u015bno<\/a>&nbsp;&nbsp;Sport.pl<\/li>\n<li><a href=\"https:\/\/news.google.com\/rss\/articles\/CBMirgFBVV95cUxNWW1xc3VTVDIyblBjd2QyU2hmTnJ4RjNsXzBjWHFjamd5NEowYVRoRTRVOFBsTGx5cnY0LUdYVEFyT0RLeHRRUlNfRllRX3BHSzNQY2JmZlJ4bVoxMHhLUTJ5bzJzMjZMUWRneXNYelpSX0pDeF92YU5kem5NWk1CWHpvbXd6c2Jyb0VncWlIOVdsZ21Ldy0ybWZmMm1jaEhaOU1ZbHNtaHhuU01RWVE?oc=5\" target=\"_blank\" rel=\"nofollow noopener\">Liga Konferencji: cenny wynik Jagiellonii Bia\u0142ystok w Holandii<\/a>&nbsp;&nbsp;SportoweFakty<\/li>\n<li><a href=\"https:\/\/news.google.com\/rss\/articles\/CBMixgFBVV95cUxQQ3VnbnIxSjFoRF8tYUVtcVV4UnNfUENVbXFJcTZ5S3lxLUQ2bEFvbGpONmVJbEh4MmdKQ3ZITU9TdGpCemlBYmFXSGZ2ZVVXblY5MWdkWHFNTlhEaXFRc3BCU3I4SzYzbGlSNGYtRGRCbV9FaVFBaFhMaDNxVUs4RnI1Q2NYUUpZVE1WaElOaG5LSmJHTVpLVThibVFIN1VfTmg0SDJTMkx1b1hDbUE3SXpjeVZvX1hyUmpJY3hBdFo1a2psZXc?oc=5\" target=\"_blank\" rel=\"nofollow noopener\">Heroizm Jagiellonii w Alkmaar. Czerwona kartka, sprawdzony karny. Wielki b\u00f3j<\/a>&nbsp;&nbsp;Sport w INTERIA.PL<\/li>\n<\/ol>\n","protected":false},"excerpt":{"rendered":"Koszmarna 63. minuta! Oto problem Jagiellonii. Ogromne konsekwencje&nbsp;&nbsp;Przegl\u0105d Sportowy Onet Jagiellonia Bia\u0142ystok gra\u0142a w dziesi\u0105tk\u0119. I si\u0119 wybroni\u0142a!&hellip;\n","protected":false},"author":2,"featured_media":158859,"comment_status":"","ping_status":"","sticky":false,"template":"","format":"standard","meta":{"footnotes":""},"categories":[5],"tags":[14898,31001,32,33,36,37,27,67,2477,34,35,7713,28,31,25,929,42,38,40,39,41,136,128,47,135,29,30,26,130],"class_list":{"0":"post-158858","1":"post","2":"type-post","3":"status-publish","4":"format-standard","5":"has-post-thumbnail","7":"category-naglowki","8":"tag-afimico_pululu","9":"tag-az_alkmaar","10":"tag-breaking-news","11":"tag-breakingnews","12":"tag-featured-news","13":"tag-featurednews","14":"tag-headlines","15":"tag-intextvideo_splayer","16":"tag-jagiellonia_bialystok","17":"tag-latest-news","18":"tag-latestnews","19":"tag-liga_konferencji_europy","20":"tag-naglowki","21":"tag-najwazniejsze-artykuly","22":"tag-news","23":"tag-pawb","24":"tag-pl","25":"tag-poland","26":"tag-polish","27":"tag-polska","28":"tag-polski","29":"tag-ps_detal_new","30":"tag-psv2","31":"tag-screening_general","32":"tag-sport_sport","33":"tag-top-stories","34":"tag-topstories","35":"tag-wiadomosci","36":"tag-wiadomosci_sportowe"},"share_on_mastodon":{"url":"https:\/\/pubeurope.com\/@pl\/115743035574653782","error":""},"_links":{"self":[{"href":"https:\/\/www.europesays.com\/pl\/wp-json\/wp\/v2\/posts\/158858","targetHints":{"allow":["GET"]}}],"collection":[{"href":"https:\/\/www.europesays.com\/pl\/wp-json\/wp\/v2\/posts"}],"about":[{"href":"https:\/\/www.europesays.com\/pl\/wp-json\/wp\/v2\/types\/post"}],"author":[{"embeddable":true,"href":"https:\/\/www.europesays.com\/pl\/wp-json\/wp\/v2\/users\/2"}],"replies":[{"embeddable":true,"href":"https:\/\/www.europesays.com\/pl\/wp-json\/wp\/v2\/comments?post=158858"}],"version-history":[{"count":0,"href":"https:\/\/www.europesays.com\/pl\/wp-json\/wp\/v2\/posts\/158858\/revisions"}],"wp:featuredmedia":[{"embeddable":true,"href":"https:\/\/www.europesays.com\/pl\/wp-json\/wp\/v2\/media\/158859"}],"wp:attachment":[{"href":"https:\/\/www.europesays.com\/pl\/wp-json\/wp\/v2\/media?parent=158858"}],"wp:term":[{"taxonomy":"category","embeddable":true,"href":"https:\/\/www.europesays.com\/pl\/wp-json\/wp\/v2\/categories?post=158858"},{"taxonomy":"post_tag","embeddable":true,"href":"https:\/\/www.europesays.com\/pl\/wp-json\/wp\/v2\/tags?post=158858"}],"curies":[{"name":"wp","href":"https:\/\/api.w.org\/{rel}","templated":true}]}}