{"id":15886,"date":"2025-09-25T18:22:08","date_gmt":"2025-09-25T18:22:08","guid":{"rendered":"https:\/\/www.europesays.com\/pl\/15886\/"},"modified":"2025-09-25T18:22:08","modified_gmt":"2025-09-25T18:22:08","slug":"pkp-intercity-jeszcze-w-tym-roku-oglosi-przetarg-na-pociagi-duzych-predkosci-maja-kursowac-takze-do-poznania","status":"publish","type":"post","link":"https:\/\/www.europesays.com\/pl\/15886\/","title":{"rendered":"PKP Intercity jeszcze w tym roku og\u0142osi przetarg na poci\u0105gi du\u017cych pr\u0119dko\u015bci. Maj\u0105 kursowa\u0107 tak\u017ce do Poznania"},"content":{"rendered":"<p>    To nowo\u015b\u0107.<\/p>\n<p>Jak informuje przewo\u017anik, rozpocz\u0119to przygotowania do przetargu na zakup szybkich elektrycznych sk\u0142ad\u00f3w, kt\u00f3ry zostanie og\u0142oszony jeszcze w 2025 roku. W planach jest zakup co najmniej 20 poci\u0105g\u00f3w, a nawet dodatkowych 35. &#8211; Pr\u0119dko\u015b\u0107 maksymalna wyniesie minimum 320 km\/h. W trakcie dialogu z producentami analizowane b\u0119d\u0105 warianty podwy\u017cszenia jej do 350 km\/h &#8211; zaznaczono.<\/p>\n<p><a href=\"https:\/\/epoznan.pl\/adsysClick?id=20350\" target=\"_blank\" rel=\"nofollow noopener\">Studiujesz? Chcesz pozna\u0107 prac\u0119 dla miasta? Urz\u0105d Miasta Poznania oferuje 4-miesi\u0119czne p\u0142atne sta\u017ce. Zdob\u0105d\u017a do\u015bwiadczenie &#8211; Aplikuj do 15 pa\u017adziernika!<\/a><\/p>\n<p>REKLAMA<\/p>\n<p>Nowe szybkie poci\u0105gi maj\u0105 kursowa\u0107 na liniach kolejowych wysokich pr\u0119dko\u015bci budowanych przez Centralny Port Komunikacyjny. &#8211; Pojad\u0105 na trasie z Warszawy przez port lotniczy CPK i \u0141\u00f3d\u017a do Wroc\u0142awia lub do Poznania. Wysoka pr\u0119dko\u015b\u0107 maksymalna poci\u0105g\u00f3w zagwarantuje, \u017ce czas przejazdu z Warszawy do tych ostatnich miast wyniesie mniej ni\u017c 100 minut. Mo\u017cliwe b\u0119dzie tak\u017ce wyd\u0142u\u017cenie ich kurs\u00f3w do s\u0105siednich europejskich stolic &#8211; dodano.<\/p>\n<p>Og\u0142oszenie przetargu w tym roku oznacza przyspieszenie prac w tym zakresie o kilka miesi\u0119cy. &#8211; PKP Intercity spodziewa si\u0119, \u017ce oferty na budow\u0119 poci\u0105g\u00f3w zostan\u0105 z\u0142o\u017cone tak\u017ce przez producent\u00f3w z Polski. Zapytanie o informacj\u0119 w celu zbadania rynku zosta\u0142o wys\u0142ane do dziewi\u0119ciu wytw\u00f3rc\u00f3w &#8211; polskich i zagranicznych. Pierwsze sygna\u0142y wskazuj\u0105 na zainteresowanie kontraktem ze strony polskich fabryk poci\u0105g\u00f3w.<\/p>\n<p>Jakie wymagania b\u0119d\u0105 musia\u0142y spe\u0142nia\u0107 poci\u0105gi? B\u0119d\u0105 musia\u0142y by\u0107 wyposa\u017cone m.in. w rozk\u0142adane fotele, rozk\u0142adane stoliki, indywidualne o\u015bwietlenie, gniazdka elektryczne czy przestrze\u0144 na baga\u017c. &#8211; Podr\u00f3\u017cni maj\u0105 mie\u0107 zapewniony sta\u0142y dost\u0119p do Wi-Fi oraz informacji pasa\u017cerskiej. W pojazdach b\u0119dzie wydzielona strefa ciszy, cz\u0119\u015b\u0107 restauracyjna oraz rowerowa. Sk\u0142ady b\u0119d\u0105 zaprojektowane z my\u015bl\u0105 o potrzebach r\u00f3\u017cnych grup pasa\u017cer\u00f3w, w tym os\u00f3b z niepe\u0142nosprawno\u015bciami, senior\u00f3w czy opiekun\u00f3w z dzie\u0107mi.<\/p>\n","protected":false},"excerpt":{"rendered":"To nowo\u015b\u0107. Jak informuje przewo\u017anik, rozpocz\u0119to przygotowania do przetargu na zakup szybkich elektrycznych sk\u0142ad\u00f3w, kt\u00f3ry zostanie og\u0142oszony jeszcze&hellip;\n","protected":false},"author":2,"featured_media":15887,"comment_status":"","ping_status":"","sticky":false,"template":"","format":"standard","meta":{"footnotes":""},"categories":[16],"tags":[113,112,3511,1205,1075,42,4643,38,40,39,41],"class_list":{"0":"post-15886","1":"post","2":"type-post","3":"status-publish","4":"format-standard","5":"has-post-thumbnail","7":"category-biznes","8":"tag-biznes","9":"tag-business","10":"tag-inwestycje","11":"tag-kolej","12":"tag-komunikacja","13":"tag-pl","14":"tag-pociagi-duzych-predkosci","15":"tag-poland","16":"tag-polish","17":"tag-polska","18":"tag-polski"},"share_on_mastodon":{"url":"","error":""},"_links":{"self":[{"href":"https:\/\/www.europesays.com\/pl\/wp-json\/wp\/v2\/posts\/15886","targetHints":{"allow":["GET"]}}],"collection":[{"href":"https:\/\/www.europesays.com\/pl\/wp-json\/wp\/v2\/posts"}],"about":[{"href":"https:\/\/www.europesays.com\/pl\/wp-json\/wp\/v2\/types\/post"}],"author":[{"embeddable":true,"href":"https:\/\/www.europesays.com\/pl\/wp-json\/wp\/v2\/users\/2"}],"replies":[{"embeddable":true,"href":"https:\/\/www.europesays.com\/pl\/wp-json\/wp\/v2\/comments?post=15886"}],"version-history":[{"count":0,"href":"https:\/\/www.europesays.com\/pl\/wp-json\/wp\/v2\/posts\/15886\/revisions"}],"wp:featuredmedia":[{"embeddable":true,"href":"https:\/\/www.europesays.com\/pl\/wp-json\/wp\/v2\/media\/15887"}],"wp:attachment":[{"href":"https:\/\/www.europesays.com\/pl\/wp-json\/wp\/v2\/media?parent=15886"}],"wp:term":[{"taxonomy":"category","embeddable":true,"href":"https:\/\/www.europesays.com\/pl\/wp-json\/wp\/v2\/categories?post=15886"},{"taxonomy":"post_tag","embeddable":true,"href":"https:\/\/www.europesays.com\/pl\/wp-json\/wp\/v2\/tags?post=15886"}],"curies":[{"name":"wp","href":"https:\/\/api.w.org\/{rel}","templated":true}]}}