{"id":158877,"date":"2025-12-18T23:04:14","date_gmt":"2025-12-18T23:04:14","guid":{"rendered":"https:\/\/www.europesays.com\/pl\/158877\/"},"modified":"2025-12-18T23:04:14","modified_gmt":"2025-12-18T23:04:14","slug":"to-ma-byc-najwiekszy-rok-w-historii-firmy-blizzard-szykuje-ofensywe-ktora-przycmi-poprzednie-lata","status":"publish","type":"post","link":"https:\/\/www.europesays.com\/pl\/158877\/","title":{"rendered":"To ma by\u0107 najwi\u0119kszy rok w historii firmy. Blizzard szykuje ofensyw\u0119, kt\u00f3ra przy\u0107mi poprzednie lata"},"content":{"rendered":"<p><a href=\"https:\/\/www.gry-online.pl\/newsroom\/blizzard-oficjalnie-zaprasza-na-blizzcon-2026-na-fanow-diablo-war\/z42f5f1\" rel=\"nofollow noopener\" target=\"_blank\">Powr\u00f3t BlizzConu<\/a> uczci 35 lat studia Blizzard Entertainment w roku, kt\u00f3ry ma by\u0107 najwi\u0119kszym w historii dewelopera.<\/p>\n<p>Coroczna impreza Blizzarda by\u0142a jednym z najbardziej rozpoznawalnych wydarze\u0144 w bran\u017cy gier, \u015bwi\u0119towanym hucznie i z entuzjazmem nie tylko przez fan\u00f3w <a href=\"https:\/\/www.gry-online.pl\/gry\/seria-warcraft\/zc17d\" rel=\"nofollow noopener\" target=\"_blank\">Warcrafta<\/a> i <a href=\"https:\/\/www.gry-online.pl\/gry\/seria-diablo\/z611d\" rel=\"nofollow noopener\" target=\"_blank\">Diablo<\/a>. Niestety, po wybuchu pandemii studio musia\u0142o zrezygnowa\u0107 z <a href=\"https:\/\/www.gry-online.pl\/newsroom\/blizzcon-2024-nie-odbedzie-sie-blizzard-podjal-trudna-decyzje-lec\/z529091\" rel=\"nofollow noopener\" target=\"_blank\">kolejnych<\/a> <a href=\"https:\/\/www.gry-online.pl\/newsroom\/blizzcon-powroci-ale-dopiero-w-2026-roku-cos-sie-zbliza-szykujcie\/zd2cbae\" rel=\"nofollow noopener\" target=\"_blank\">edycji<\/a>, nawet wtedy, gdy lockdown by\u0142 ju\u017c tylko wspomnieniem.<\/p>\n<p>Nie dziwi wi\u0119c, \u017ce cz\u0119\u015b\u0107 fan\u00f3w mia\u0142a obawy, czy \u015bwi\u0119to Blizzarda kiedykolwiek powr\u00f3ci, mimo deklaracji z dewelopera pocz\u0105tku roku. Dopiero zwiastun imprezy z listopada rozwia\u0142 w\u0105tpliwo\u015bci: BlizzCon faktycznie powraca, i to z przytupem, a przynajmniej na to licz\u0105 fani po trailerze\u2026 i ostatnich obietnicach firmy.<\/p>\n<ol>\n<li><a target=\"_blank\" rel=\"noopener nofollow\" href=\"https:\/\/blizzcon.com\/en-us\/\">Oficjalna strona wydarzenia BlizzCon 2026<\/a><\/li>\n<\/ol>\n<p>2026 to wielki rok dla Blizzarda i BlizzConu<\/p>\n<p>Johanna Faries (obecna szefowa Blizzard Entertainment) wspomnia\u0142a o BlizzConie i planach firmy jeszcze przed ujawnienia drugiego dodatku i premier\u0105 nowej aktualizacji <a href=\"https:\/\/www.gry-online.pl\/gry\/diablo-iv\/z259b2\" rel=\"nofollow noopener\" target=\"_blank\">Diablo 4<\/a> (kt\u00f3ra <a href=\"https:\/\/www.gry-online.pl\/newsroom\/znowu-to-zrobili-diablo-4-w-koncu-zalicza-serie-dobrych-sezonow-a\/z12fcea\" rel=\"nofollow noopener\" target=\"_blank\">podobno okaza\u0142a si\u0119 ca\u0142kiem udana<\/a>\u2026 cho\u0107 nie wida\u0107 tego po <a target=\"_blank\" rel=\"noopener nofollow\" href=\"https:\/\/store.steampowered.com\/app\/2344520\/Diablo_IV\/\">recenzjach u\u017cytkownik\u00f3w Steama<\/a>). W wypowiedzi dla serwisu Variety Amerykanka potwierdzi\u0142a, \u017ce zespo\u0142y Blizzarda szykuj\u0105 co\u015b wielkiego dla fan\u00f3w g\u0142\u00f3wnych marek studia, nie tylko na BlizzCon, ale te\u017c na miesi\u0105ce poprzedzaj\u0105ce imprez\u0119.<\/p>\n<p>Je\u015bli jeste\u015b fanem Blizzarda lub interesuj\u0105 Ci\u0119 nasze g\u0142\u00f3wne serie, to nasze zespo\u0142y pracuj\u0105 nad wielkimi nowo\u015bciami [w oryg. \u201emajor swings\u201d \u2013 przyp. red.]. Jeste\u015bmy niezwykle dumni z tego, co nas czeka, nie tylko podczas BlizzConu, ale tak\u017ce w okresie poprzedzaj\u0105cym to wydarzenie. Wszyscy s\u0105 zaanga\u017cowani w prac\u0119, ale jest to bardzo ekscytuj\u0105cy czas.<\/p>\n<p>Cz\u0119\u015b\u0107 z tych \u201ewielkich\u201d wydarze\u0144 ju\u017c znamy: w 2026 roku zadebiutuj\u0105 rozszerzenia World of Warcraft: Midnight oraz <a href=\"https:\/\/www.gry-online.pl\/gry\/diablo-iv-lord-of-hatred\/ze70d3\" rel=\"nofollow noopener\" target=\"_blank\">Diablo IV: Lord of Hatred<\/a>, a za rogiem s\u0105 rocznice Diablo (30-lecie) oraz <a href=\"https:\/\/www.gry-online.pl\/gry\/overwatch\/z43ef6\" rel=\"nofollow noopener\" target=\"_blank\">Overwatcha<\/a> (pierwsza ods\u0142ona zadebiutowa\u0142a w 2016 roku). To chyba jednak nie wszystko, skoro wed\u0142ug Faries Blizzard ma naprawd\u0119 nadziej\u0119, \u017ce b\u0119dzie to najwi\u0119kszy rok dla studia w ramach \u201enowej, \u015bmia\u0142ej wizji\u201d na przysz\u0142o\u015b\u0107 dewelopera.<\/p>\n<p class=\"f2-related-link fit\">Powi\u0105zane:<a href=\"https:\/\/www.gry-online.pl\/newsroom\/171-milionow-streamow-to-nie-blad-the-game-awards-2025-bije-rekor\/zf2fd0c\" rel=\"nofollow noopener\" target=\"_blank\">171 milion\u00f3w stream\u00f3w to nie b\u0142\u0105d. The Game Awards 2025 bije rekord, kt\u00f3ry wydawa\u0142 si\u0119 nieosi\u0105galny<\/a><\/p>\n<p>Co si\u0119 tyczy BlizzConu, po tak d\u0142ugiej przerwie zesp\u00f3\u0142 ma nadziej\u0119 zapewni\u0107 fanom do\u015bwiadczenie, kt\u00f3rego d\u0142ugo nie zapomn\u0105. Faries podkre\u015bli\u0142a, \u017ce Blizzard chce dostarczy\u0107 graczom tego, czego oczekuj\u0105 od studia (czytaj: zapewne bez <a href=\"https:\/\/www.gry-online.pl\/newsroom\/zapowiedz-diablo-immortal-wzbudzila-furie-fanow\/zc1b50d\" rel=\"nofollow noopener\" target=\"_blank\">\u201eentuzjastycznie\u201d<\/a> przyj\u0119tych og\u0142osze\u0144 w stylu <a href=\"https:\/\/www.gry-online.pl\/gry\/diablo-immortal\/z4557c\" rel=\"nofollow noopener\" target=\"_blank\">Diablo Immortal<\/a>, cho\u0107 ten tytu\u0142 jako tako si\u0119 wybroni\u0142 po premierze).<\/p>\n<p>Naprawd\u0119 zastanawiamy si\u0119, co przem\u00f3wi do naszych fan\u00f3w? Co chc\u0105 zobaczy\u0107? Jakie s\u0105 ich podstawowe oczekiwania? Jakie niespodzianki mo\u017cemy im zaoferowa\u0107? Jak poszerzy\u0107 zakres mo\u017cliwo\u015bci BlizzConu? My\u015bl\u0119, \u017ce wi\u0105\u017ce si\u0119 to z cz\u0119\u015bci\u0105 wizji, o kt\u00f3rej cz\u0119sto m\u00f3wimy, \u017ce chcemy nadal d\u0105\u017cy\u0107 do bycia najlepsz\u0105 firm\u0105 zajmuj\u0105c\u0105 si\u0119 grami i rozrywk\u0105 na \u015bwiecie.<\/p>\n<p>Mam nadziej\u0119, \u017ce BlizzCon w 2026 roku pozwoli nam naprawd\u0119 odzwierciedli\u0107 t\u0119 ambicj\u0119 w wi\u0119kszym wymiarze. Jestem wi\u0119c ca\u0142kowicie przekonana, \u017ce zespo\u0142y przygotuj\u0105 co\u015b naprawd\u0119 wielkiego, zar\u00f3wno pod wzgl\u0119dem tego, czego wed\u0142ug mnie najbardziej pragn\u0105 nasi najwierniejsi fani podczas BlizzConu, jak i w kwestiach wprowadzenia kilku zupe\u0142nie nowych element\u00f3w.<\/p>\n<p class=\"f2-czytaj-wiecej-link fit\">Wi\u0119cej:<a href=\"https:\/\/www.gry-online.pl\/newsroom\/nie-ma-powodu-by-w-nim-byc-housing-w-wow-ie-podoba-sie-graczom-al\/z12fd05\" rel=\"nofollow noopener\" target=\"_blank\">\u201eNie ma powodu, by w nim by\u0107.\u201d Housing w WoW-ie podoba si\u0119 graczom, ale wielu chcia\u0142oby, aby mia\u0142 wi\u0119ksze znaczenie<\/a><\/p>\n<p>&#13;<\/p>\n<p><img loading=\"lazy\" src=\"https:\/\/www.europesays.com\/pl\/wp-content\/uploads\/2025\/10\/-1399009781.jpg\" alt=\"Diablo IV\" width=\"200\" height=\"200\" decoding=\"async\"\/><\/p>\n<p>\uf591<\/p>\n","protected":false},"excerpt":{"rendered":"Powr\u00f3t BlizzConu uczci 35 lat studia Blizzard Entertainment w roku, kt\u00f3ry ma by\u0107 najwi\u0119kszym w historii dewelopera. Coroczna&hellip;\n","protected":false},"author":2,"featured_media":158878,"comment_status":"","ping_status":"","sticky":false,"template":"","format":"standard","meta":{"footnotes":""},"categories":[20],"tags":[120,118,119,42,38,40,39,41,116,114,115,121,117],"class_list":{"0":"post-158877","1":"post","2":"type-post","3":"status-publish","4":"format-standard","5":"has-post-thumbnail","7":"category-nauka-i-technika","8":"tag-nauka","9":"tag-nauka-i-technika","10":"tag-naukatechnika","11":"tag-pl","12":"tag-poland","13":"tag-polish","14":"tag-polska","15":"tag-polski","16":"tag-science","17":"tag-science-and-technology","18":"tag-sciencetechnology","19":"tag-technika","20":"tag-technology"},"share_on_mastodon":{"url":"https:\/\/pubeurope.com\/@pl\/115743075137629930","error":""},"_links":{"self":[{"href":"https:\/\/www.europesays.com\/pl\/wp-json\/wp\/v2\/posts\/158877","targetHints":{"allow":["GET"]}}],"collection":[{"href":"https:\/\/www.europesays.com\/pl\/wp-json\/wp\/v2\/posts"}],"about":[{"href":"https:\/\/www.europesays.com\/pl\/wp-json\/wp\/v2\/types\/post"}],"author":[{"embeddable":true,"href":"https:\/\/www.europesays.com\/pl\/wp-json\/wp\/v2\/users\/2"}],"replies":[{"embeddable":true,"href":"https:\/\/www.europesays.com\/pl\/wp-json\/wp\/v2\/comments?post=158877"}],"version-history":[{"count":0,"href":"https:\/\/www.europesays.com\/pl\/wp-json\/wp\/v2\/posts\/158877\/revisions"}],"wp:featuredmedia":[{"embeddable":true,"href":"https:\/\/www.europesays.com\/pl\/wp-json\/wp\/v2\/media\/158878"}],"wp:attachment":[{"href":"https:\/\/www.europesays.com\/pl\/wp-json\/wp\/v2\/media?parent=158877"}],"wp:term":[{"taxonomy":"category","embeddable":true,"href":"https:\/\/www.europesays.com\/pl\/wp-json\/wp\/v2\/categories?post=158877"},{"taxonomy":"post_tag","embeddable":true,"href":"https:\/\/www.europesays.com\/pl\/wp-json\/wp\/v2\/tags?post=158877"}],"curies":[{"name":"wp","href":"https:\/\/api.w.org\/{rel}","templated":true}]}}