{"id":15888,"date":"2025-09-25T18:23:10","date_gmt":"2025-09-25T18:23:10","guid":{"rendered":"https:\/\/www.europesays.com\/pl\/15888\/"},"modified":"2025-09-25T18:23:10","modified_gmt":"2025-09-25T18:23:10","slug":"kradziez-stulecia-w-moldawii-sluzby-zatrzymaly-glownego-podejrzanego-onet","status":"publish","type":"post","link":"https:\/\/www.europesays.com\/pl\/15888\/","title":{"rendered":"&quot;Kradzie\u017c stulecia&quot; w Mo\u0142dawii. S\u0142u\u017cby zatrzyma\u0142y g\u0142\u00f3wnego podejrzanego &#8211; Onet"},"content":{"rendered":"<ol>\n<li><a href=\"https:\/\/news.google.com\/rss\/articles\/CBMirgFBVV95cUxQdzJOQWFxUjVFQWZvTWJmRG1IMHRIYXViVVVpVm96cWZxZVpVc19uQVkxa2JQUUpHbXpuUklUTUJKZFUxWnpzMzI5aUV5OXFzbkRuaWRaN05aOVFjYWFYc1U2dUVLaDJ3cXZNZ0NtX0V5Z0d5MGw4VzRrbU5nX25mODVYSzFmZHJ3X1pDRnYyVVFMTWJkZ0JuNHJKM3BDV0E2c0YyRG1YblczMXQ0ZlE?oc=5\" target=\"_blank\" rel=\"nofollow noopener\">&#8222;Kradzie\u017c stulecia&#8221; w Mo\u0142dawii. S\u0142u\u017cby zatrzyma\u0142y g\u0142\u00f3wnego podejrzanego<\/a>&nbsp;&nbsp;Onet<\/li>\n<li><a href=\"https:\/\/news.google.com\/rss\/articles\/CBMisgFBVV95cUxQbWtNLTJTbFlWbzltTEFBOXAtb1NXZnNMQTZmV1dYVk9LSmU2RzRYQ3h4NWU4OFppV0RNS3hGczdDTFJzN0daRXJISm53NHk5WUE5VmxVRkF6cktxbFZjMG94aExURUwtUWhWUVlJWUU0c3l5cDZhRHZFZFFTbGhiVk4ydlRTNW1MUzlwRGJySFVRdkd5TVhzMHpReGlnNDhWRXhDZFotdHNTeGYwZjE3VlpB?oc=5\" target=\"_blank\" rel=\"nofollow noopener\">Oligarcha deportowany. Wyci\u0105gn\u0105\u0142 z bank\u00f3w r\u00f3wnowarto\u015b\u0107 12 proc. PKB<\/a>&nbsp;&nbsp;Money.pl<\/li>\n<li><a href=\"https:\/\/news.google.com\/rss\/articles\/CBMiiwFBVV95cUxPbjBIOFNoc210cHpGbGMyZkl2cXd5R3N4WTdEZ25QNjFnZE9jeW8xTlVXbUVxQk9BeWFXM0VvWlRUWmNjdm40amc4UFI2MGlKSFBfc3NWc3JwSnZjbUpWcTNuZ19JbzE5V3ZyTk9VTDBzT3RpSGZjeHNBem0tY1VzcnlmLTRhcFQzaEpJ?oc=5\" target=\"_blank\" rel=\"nofollow noopener\">Deportacja oligarchy. W tle znikni\u0119cie r\u00f3wnowarto\u015bci 12 proc. PKB kraju<\/a>&nbsp;&nbsp;TVN24<\/li>\n<li><a href=\"https:\/\/news.google.com\/rss\/articles\/CBMinAFBVV95cUxPSnQwMUFBLUsxM2hWSjByVldscDZrM3FJdUNJSGlSVTAyUTdlR0NzdTVjS0UtcDdfVGUyT3dYcGlueGVyZi1rUVlpQl9UYUlpbDNOSGVTcWNMTldac2lnT3FhbjVJdS1TZ1huOGNqRTNydHFicHBfZVZ3am5yR2h1Z051cWM4Tkk2dzg5TklqbFo4czd3SDNxS0dCM3M?oc=5\" target=\"_blank\" rel=\"nofollow noopener\">Zatrzymany w Grecji oligarcha Vladimir Plahotniuc wydany Mo\u0142dawii<\/a>&nbsp;&nbsp;Polska Agencja Prasowa SA<\/li>\n<li><a href=\"https:\/\/news.google.com\/rss\/articles\/CBMirwFBVV95cUxQcHJRRkZWRUJYSlhXS1djblBrM1Q0S0pmLXZ6dTZLdWhfVmc0NFhOWjZhb0xPM2RzaVlWM0V3WkhKR291M1REY2ZlX0puM01ES2NjSlFiODM4SWpNSXZxMlZ6U2JNaEpWQWdMLTUyUFEzaTB4WTVFNmJDbnBMd053aDJXNHZOdVgtV25iX1NuNEFXcGZKUERZNVc0NjBtOE9RaVpyRkM2Ulo3d3V4TTIw0gGzAUFVX3lxTE5nZXlEc2FYcjRIMzlUNFpDMGl5UXdPeE45TU5tTTZISXBnb19EeEpaZEFxUXByZmF6NjROb0R2VThCT0hmSXNRZ05Ha1BCcU1ib1lpTDk4SS1qVnhfSlVEOG1uM19WMkg4Ny16czdzUFBIUUstMUJ3OHJOa2NqbmNrRW9RMzlSdzR3bTJyOGtnb1VHNk5MZkRZd0U5bS00elFaZG81bzA3RFpBT09fMGdfb2Rz?oc=5\" target=\"_blank\" rel=\"nofollow noopener\">Wyci\u0105gn\u0105\u0142 z bank\u00f3w r\u00f3wnowarto\u015b\u0107 12 proc. PKB. Oligarcha deportowany<\/a>&nbsp;&nbsp;RMF24<\/li>\n<\/ol>\n","protected":false},"excerpt":{"rendered":"&#8222;Kradzie\u017c stulecia&#8221; w Mo\u0142dawii. S\u0142u\u017cby zatrzyma\u0142y g\u0142\u00f3wnego podejrzanego&nbsp;&nbsp;Onet Oligarcha deportowany. Wyci\u0105gn\u0105\u0142 z bank\u00f3w r\u00f3wnowarto\u015b\u0107 12 proc. PKB&nbsp;&nbsp;Money.pl Deportacja&hellip;\n","protected":false},"author":2,"featured_media":15889,"comment_status":"","ping_status":"","sticky":false,"template":"","format":"standard","meta":{"footnotes":""},"categories":[14],"tags":[32,33,27,2882,34,35,4894,3318,28,31,48,25,46,40,41,47,80,29,30,26,82,83,84],"class_list":{"0":"post-15888","1":"post","2":"type-post","3":"status-publish","4":"format-standard","5":"has-post-thumbnail","7":"category-swiat","8":"tag-breaking-news","9":"tag-breakingnews","10":"tag-headlines","11":"tag-korupcja","12":"tag-latest-news","13":"tag-latestnews","14":"tag-livebar_tst0","15":"tag-moldawia","16":"tag-naglowki","17":"tag-najwazniejsze-artykuly","18":"tag-nat_styl","19":"tag-news","20":"tag-omp","21":"tag-polish","22":"tag-polski","23":"tag-screening_general","24":"tag-swiat","25":"tag-top-stories","26":"tag-topstories","27":"tag-wiadomosci","28":"tag-world","29":"tag-world-news","30":"tag-worldnews"},"share_on_mastodon":{"url":"","error":""},"_links":{"self":[{"href":"https:\/\/www.europesays.com\/pl\/wp-json\/wp\/v2\/posts\/15888","targetHints":{"allow":["GET"]}}],"collection":[{"href":"https:\/\/www.europesays.com\/pl\/wp-json\/wp\/v2\/posts"}],"about":[{"href":"https:\/\/www.europesays.com\/pl\/wp-json\/wp\/v2\/types\/post"}],"author":[{"embeddable":true,"href":"https:\/\/www.europesays.com\/pl\/wp-json\/wp\/v2\/users\/2"}],"replies":[{"embeddable":true,"href":"https:\/\/www.europesays.com\/pl\/wp-json\/wp\/v2\/comments?post=15888"}],"version-history":[{"count":0,"href":"https:\/\/www.europesays.com\/pl\/wp-json\/wp\/v2\/posts\/15888\/revisions"}],"wp:featuredmedia":[{"embeddable":true,"href":"https:\/\/www.europesays.com\/pl\/wp-json\/wp\/v2\/media\/15889"}],"wp:attachment":[{"href":"https:\/\/www.europesays.com\/pl\/wp-json\/wp\/v2\/media?parent=15888"}],"wp:term":[{"taxonomy":"category","embeddable":true,"href":"https:\/\/www.europesays.com\/pl\/wp-json\/wp\/v2\/categories?post=15888"},{"taxonomy":"post_tag","embeddable":true,"href":"https:\/\/www.europesays.com\/pl\/wp-json\/wp\/v2\/tags?post=15888"}],"curies":[{"name":"wp","href":"https:\/\/api.w.org\/{rel}","templated":true}]}}