{"id":158883,"date":"2025-12-18T23:07:23","date_gmt":"2025-12-18T23:07:23","guid":{"rendered":"https:\/\/www.europesays.com\/pl\/158883\/"},"modified":"2025-12-18T23:07:23","modified_gmt":"2025-12-18T23:07:23","slug":"problem-w-pogodzie-na-piatek-imgw-wydaje-ostrzezenia-pierwszego-stopnia-2","status":"publish","type":"post","link":"https:\/\/www.europesays.com\/pl\/158883\/","title":{"rendered":"Problem w pogodzie na pi\u0105tek. IMGW wydaje ostrze\u017cenia pierwszego stopnia"},"content":{"rendered":"<p class=\"Paragraph_desktopParagraph__U31Gm\">IMGW wyda\u0142 w czwartek po po\u0142udniu ostrze\u017cenia pierwszego stopnia dotycz\u0105ce g\u0119stych mgie\u0142 dla region\u00f3w wschodnich, centralnych oraz cz\u0119\u015bci po\u0142udniowej Polski. Alerty te b\u0119d\u0105 obowi\u0105zywa\u0107 od godziny 17.00 w czwartek a\u017c do godziny 9.00 w pi\u0105tek. W niekt\u00f3rych miejscach widzialno\u015b\u0107 mo\u017ce spa\u015b\u0107 poni\u017cej 200 m.<\/p>\n<p>Prognoza pogody na pi\u0105tek. Pojawi si\u0119 deszcz <\/p>\n<p class=\"Paragraph_desktopParagraph__U31Gm\">W nocy z czwartku na pi\u0105tek przewidywane s\u0105 g\u0142\u00f3wnie niewielkie lub umiarkowane zachmurzenia, ale na terenach, gdzie pojawi\u0105 si\u0119 mg\u0142y \u2014 na po\u0142udniu, wschodzie i w centrum kraju \u2014 chmur mo\u017ce by\u0107 znacznie wi\u0119cej. W tych rejonach widzialno\u015b\u0107 mo\u017ce zosta\u0107 ograniczona nawet do 100 m. To jednak nie wszystko, bo lokalnie mg\u0142y mog\u0105 powodowa\u0107 osadzanie si\u0119 szadzi. Na drogach zrobi si\u0119 bardzo \u015blisko. Apelujemy o ostro\u017cn\u0105 i bezpieczn\u0105 jazd\u0119!<\/p>\n<p class=\"VideoPlayerText_videoPlayerText__iDwyz\">Dalszy ci\u0105g materia\u0142u pod wideo<\/p>\n<p class=\"Paragraph_desktopParagraph__U31Gm\">Noc najch\u0142odniejsza b\u0119dzie na terenach g\u00f3rskich (-4 st. C). 4 st. C prognozujemy w p\u00f3\u0142nocno-zachodniej Polsce, a w rejonach nadmorskich nawet 6 st. C. Przewa\u017cnie wiatr b\u0119dzie s\u0142aby, jednak nad morzem okresowo mo\u017ce przybiera\u0107 na sile. W g\u00f3rach podmuchy mog\u0105 osi\u0105ga\u0107 pr\u0119dko\u015b\u0107 do 65 km na godz.<\/p>\n<ul class=\"OchatFollowUps_wrapper__1ry7X\">\n<li class=\"OchatFollowUps_item__Dhyly OchatFollowUps_itemDesktop__R6aBv\">Jakie ostrze\u017cenia wyda\u0142 IMGW na pi\u0105tek?<\/li>\n<li class=\"OchatFollowUps_item__Dhyly OchatFollowUps_itemDesktop__R6aBv\">Kiedy maj\u0105 rozpocz\u0105\u0107 si\u0119 mg\u0142y?<\/li>\n<li class=\"OchatFollowUps_item__Dhyly OchatFollowUps_itemDesktop__R6aBv\">Jakie b\u0119d\u0105 temperatury w pi\u0105tek?<\/li>\n<li class=\"OchatFollowUps_item__Dhyly OchatFollowUps_itemDesktop__R6aBv\">Czy prognozowane s\u0105 opady deszczu w pi\u0105tek?<\/li>\n<\/ul>\n<p class=\"Paragraph_desktopParagraph__U31Gm\">W pi\u0105tek w ci\u0105gu dnia pogoda za oknami nie b\u0119dzie zbyt zach\u0119caj\u0105ca do wychodzenia na zewn\u0105trz. Na przewa\u017caj\u0105cym obszarze kraju przewidujemy niewielkie lub umiarkowane zachmurzenie. Mg\u0142y nie odpuszcz\u0105 i b\u0119d\u0105 utrzymywa\u0107 si\u0119 przez ca\u0142y dzie\u0144, ograniczaj\u0105c widzialno\u015b\u0107 do 100-200 m. W rejonach, gdzie si\u0119 pojawi\u0105, chmur b\u0119dzie jeszcze wi\u0119cej. Wieczorem na p\u00f3\u0142nocnym zachodzie mo\u017cliwy jest wzrost zachmurzenia oraz przelotne opady deszczu, kt\u00f3re mog\u0105 utrzyma\u0107 si\u0119 do p\u00f3\u017anych godzin w nocy z pi\u0105tku na sobot\u0119. Na termometrach od 2 st. C na po\u0142udniu, do 8 st. C w zachodniej cz\u0119\u015bci kraju i nawet 9 st. C nad morzem. <\/p>\n<p class=\"Paragraph_desktopParagraph__U31Gm\">Wiatr b\u0119dzie s\u0142aby lub umiarkowany, przewa\u017cnie po\u0142udniowy. W g\u00f3rach porywy mog\u0105 dochodzi\u0107 do 65 km na godz.<\/p>\n<p class=\"Paragraph_desktopParagraph__U31Gm\"><a href=\"https:\/\/pogoda.onet.pl\/artykuly\/w-swieta-pogoda-gwaltownie-sie-odwroci-nadejscie-mrozu-i-sniegu-jest-juz-pewne\/m7xtydn\" id=\"b3dabb2e-437a-42be-8653-f29714a3b625\" rel=\"nofollow noopener\" target=\"_blank\">Na powiew prawdziwej zimy zaczekamy do przysz\u0142ego tygodnia<\/a>.<\/p>\n","protected":false},"excerpt":{"rendered":"IMGW wyda\u0142 w czwartek po po\u0142udniu ostrze\u017cenia pierwszego stopnia dotycz\u0105ce g\u0119stych mgie\u0142 dla region\u00f3w wschodnich, centralnych oraz cz\u0119\u015bci&hellip;\n","protected":false},"author":2,"featured_media":158884,"comment_status":"","ping_status":"","sticky":false,"template":"","format":"standard","meta":{"footnotes":""},"categories":[12],"tags":[32,33,36,37,27,67,34,35,10372,28,31,53,25,52,68,51,55,42,78,38,40,39,41,31460,47,29,30,50,26],"class_list":{"0":"post-158883","1":"post","2":"type-post","3":"status-publish","4":"format-standard","5":"has-post-thumbnail","7":"category-polska","8":"tag-breaking-news","9":"tag-breakingnews","10":"tag-featured-news","11":"tag-featurednews","12":"tag-headlines","13":"tag-intextvideo_splayer","14":"tag-latest-news","15":"tag-latestnews","16":"tag-mgla","17":"tag-naglowki","18":"tag-najwazniejsze-artykuly","19":"tag-new_header","20":"tag-news","21":"tag-onet3","22":"tag-onet3d","23":"tag-onet3d_2i","24":"tag-phx","25":"tag-pl","26":"tag-pogoda","27":"tag-poland","28":"tag-polish","29":"tag-polska","30":"tag-polski","31":"tag-prognozy_pogody","32":"tag-screening_general","33":"tag-top-stories","34":"tag-topstories","35":"tag-v2021","36":"tag-wiadomosci"},"share_on_mastodon":{"url":"https:\/\/pubeurope.com\/@pl\/115743086701902566","error":""},"_links":{"self":[{"href":"https:\/\/www.europesays.com\/pl\/wp-json\/wp\/v2\/posts\/158883","targetHints":{"allow":["GET"]}}],"collection":[{"href":"https:\/\/www.europesays.com\/pl\/wp-json\/wp\/v2\/posts"}],"about":[{"href":"https:\/\/www.europesays.com\/pl\/wp-json\/wp\/v2\/types\/post"}],"author":[{"embeddable":true,"href":"https:\/\/www.europesays.com\/pl\/wp-json\/wp\/v2\/users\/2"}],"replies":[{"embeddable":true,"href":"https:\/\/www.europesays.com\/pl\/wp-json\/wp\/v2\/comments?post=158883"}],"version-history":[{"count":0,"href":"https:\/\/www.europesays.com\/pl\/wp-json\/wp\/v2\/posts\/158883\/revisions"}],"wp:featuredmedia":[{"embeddable":true,"href":"https:\/\/www.europesays.com\/pl\/wp-json\/wp\/v2\/media\/158884"}],"wp:attachment":[{"href":"https:\/\/www.europesays.com\/pl\/wp-json\/wp\/v2\/media?parent=158883"}],"wp:term":[{"taxonomy":"category","embeddable":true,"href":"https:\/\/www.europesays.com\/pl\/wp-json\/wp\/v2\/categories?post=158883"},{"taxonomy":"post_tag","embeddable":true,"href":"https:\/\/www.europesays.com\/pl\/wp-json\/wp\/v2\/tags?post=158883"}],"curies":[{"name":"wp","href":"https:\/\/api.w.org\/{rel}","templated":true}]}}