{"id":158891,"date":"2025-12-18T23:11:15","date_gmt":"2025-12-18T23:11:15","guid":{"rendered":"https:\/\/www.europesays.com\/pl\/158891\/"},"modified":"2025-12-18T23:11:15","modified_gmt":"2025-12-18T23:11:15","slug":"kometa-3i-atlas-jak-gwiazda-betlejemska-za-chwile-znajdzie-sie-najblizej-ziemi","status":"publish","type":"post","link":"https:\/\/www.europesays.com\/pl\/158891\/","title":{"rendered":"Kometa 3I\/Atlas jak Gwiazda Betlejemska. Za chwil\u0119 znajdzie si\u0119 najbli\u017cej Ziemi"},"content":{"rendered":"<p><img decoding=\"async\" id=\"primaryImage\" src=\"https:\/\/m.natemat.pl\/f9e79a3adfc3fed2d2d4d570fe7259e3,1920,0,0,0.webp\" alt=\"Kometa 3I\/Atlas\" title=\"Kometa 3I\/Atlas jak Gwiazda Betlejemska. Za chwil\u0119 znajdzie si\u0119 najbli\u017cej Ziemi\" fetchpriority=\"high\" loading=\"eager\"\/>Kometa 3I\/Atlas 19 grudnia znajdzie si\u0119 najbli\u017cej Ziemi Fot. NASA <\/p>\n<p class=\"c-gfkBWL c-JnCou\">Odkrycie komety 3I\/Atlas ka\u017ce nam ca\u0142kowicie zrewidowa\u0107 wiedz\u0119 o otaczaj\u0105cej nas przestrzeni. Dodatkowo w\u0142a\u015bnie teraz mi\u0119dzygwiezdny przybysz znajduje si\u0119 w kluczowym punkcie swojej podr\u00f3\u017cy \u2013 19 grudnia 2025 znajdzie si\u0119 najbli\u017cej Ziemi. Cho\u0107 odleg\u0142o\u015b\u0107 i tak jest zawrotna.<\/p>\n<p><img decoding=\"async\" src=\"data:image\/svg+xml,%3csvg%20width='24'%20height='24'%20viewBox='0%200%2024%2024'%20fill='none'%20xmlns='http:\/\/www.w3.org\/2000\/svg'%3e%3cpath%20d='M23.047%2016.197L18.729%2020.132C16.698%2021.982%2014.067%2023%2011.321%2023H1C0.447%2023%200%2022.553%200%2022C0%2021.447%200.447%2021%201%2021H11.32C13.567%2021%2015.719%2020.167%2017.381%2018.653L21.665%2014.751C22.012%2014.403%2022.095%2013.807%2021.821%2013.427C21.641%2013.178%2021.379%2013.028%2021.081%2013.003C20.79%2012.984%2020.501%2013.085%2020.293%2013.293L16.059%2017.179C15.521%2017.687%2014.797%2018%2014%2018H9C8.447%2018%208%2017.553%208%2017C8%2016.447%208.447%2016%209%2016H14C14.252%2016%2015%2015.885%2015%2015C15%2014.448%2014.552%2014%2014%2014H9.088C6.685%2014%204.424%2014.937%202.724%2016.636L1.726%2017.689C1.529%2017.896%201.265%2018.001%201%2018.001C0.753%2018.001%200.505%2017.91%200.312%2017.727C-0.088%2017.346%20-0.105%2016.713%200.275%2016.313L1.292%2015.242C3.389%2013.146%206.151%2012.002%209.089%2012.002H14.001C15.237%2012.002%2016.301%2012.754%2016.76%2013.824L18.911%2011.85C19.502%2011.257%2020.367%2010.935%2021.242%2011.011C22.122%2011.081%2022.925%2011.536%2023.445%2012.259C24.289%2013.433%2024.118%2015.125%2023.048%2016.198L23.047%2016.197Z'%20fill='white'\/%3e%3cpath%20fill-rule='evenodd'%20clip-rule='evenodd'%20d='M13%207.32812C14.2944%207.32812%2015.3438%206.27879%2015.3438%204.98438C15.3438%203.68996%2014.2944%202.64062%2013%202.64062C11.7056%202.64062%2010.6562%203.68996%2010.6562%204.98438C10.6562%206.27879%2011.7056%207.32812%2013%207.32812ZM13%209.34375C15.4076%209.34375%2017.3594%207.39199%2017.3594%204.98438C17.3594%202.57676%2015.4076%200.625%2013%200.625C10.5924%200.625%208.64062%202.57676%208.64062%204.98438C8.64062%207.39199%2010.5924%209.34375%2013%209.34375Z'%20fill='white'\/%3e%3c\/svg%3e\"\/><\/p>\n<p class=\"c-kTaKCu\">Daj napiwek autorowi<\/p>\n<p class=\"c-kTaKCu\">Daj napiwek autorowi<\/p>\n<p><img decoding=\"async\" src=\"data:image\/svg+xml,%3csvg%20width='24'%20height='24'%20viewBox='0%200%2024%2024'%20fill='none'%20xmlns='http:\/\/www.w3.org\/2000\/svg'%3e%3cpath%20d='M23.047%2016.197L18.729%2020.132C16.698%2021.982%2014.067%2023%2011.321%2023H1C0.447%2023%200%2022.553%200%2022C0%2021.447%200.447%2021%201%2021H11.32C13.567%2021%2015.719%2020.167%2017.381%2018.653L21.665%2014.751C22.012%2014.403%2022.095%2013.807%2021.821%2013.427C21.641%2013.178%2021.379%2013.028%2021.081%2013.003C20.79%2012.984%2020.501%2013.085%2020.293%2013.293L16.059%2017.179C15.521%2017.687%2014.797%2018%2014%2018H9C8.447%2018%208%2017.553%208%2017C8%2016.447%208.447%2016%209%2016H14C14.252%2016%2015%2015.885%2015%2015C15%2014.448%2014.552%2014%2014%2014H9.088C6.685%2014%204.424%2014.937%202.724%2016.636L1.726%2017.689C1.529%2017.896%201.265%2018.001%201%2018.001C0.753%2018.001%200.505%2017.91%200.312%2017.727C-0.088%2017.346%20-0.105%2016.713%200.275%2016.313L1.292%2015.242C3.389%2013.146%206.151%2012.002%209.089%2012.002H14.001C15.237%2012.002%2016.301%2012.754%2016.76%2013.824L18.911%2011.85C19.502%2011.257%2020.367%2010.935%2021.242%2011.011C22.122%2011.081%2022.925%2011.536%2023.445%2012.259C24.289%2013.433%2024.118%2015.125%2023.048%2016.198L23.047%2016.197Z'%20fill='white'\/%3e%3cpath%20fill-rule='evenodd'%20clip-rule='evenodd'%20d='M13%207.32812C14.2944%207.32812%2015.3438%206.27879%2015.3438%204.98438C15.3438%203.68996%2014.2944%202.64062%2013%202.64062C11.7056%202.64062%2010.6562%203.68996%2010.6562%204.98438C10.6562%206.27879%2011.7056%207.32812%2013%207.32812ZM13%209.34375C15.4076%209.34375%2017.3594%207.39199%2017.3594%204.98438C17.3594%202.57676%2015.4076%200.625%2013%200.625C10.5924%200.625%208.64062%202.57676%208.64062%204.98438C8.64062%207.39199%2010.5924%209.34375%2013%209.34375Z'%20fill='white'\/%3e%3c\/svg%3e\"\/><\/p>\n<p style=\"white-space:pre-wrap\" class=\"c-ePRiEx\">Dawno \u017caden obiekt nie wzbudzi\u0142 takiego zainteresowania naukowc\u00f3w i amator\u00f3w nocnego nieba jak kometa 3I\/Atlas. To dopiero trzeci obiekt mi\u0119dzygwiezdny wykryty w Uk\u0142adzie S\u0142onecznym. Niedawno odkryto, \u017ce <a class=\"page-link \" data-analytics-name=\"in-text-link\" href=\"https:\/\/natemat.pl\/634433,kometa-3i-atlas-promieniuje-odkrycie-japonczykow-rozgrzalo-pasjonatow\" rel=\"nofollow noopener\" target=\"_blank\">kometa promieniuje<\/a>, a to mo\u017ce da\u0107 nam wiele odpowiedzi na temat wszech\u015bwiata.<\/p>\n<p>Kometa 3I\/Atlas 19 grudnia znajdzie si\u0119 najbli\u017cej Ziemi<\/p>\n<p style=\"white-space:pre-wrap\" class=\"c-ePRiEx\">To jednak nie koniec nowo\u015bci zwi\u0105zanych z mi\u0119dzygwiezdnym przybyszem. W pi\u0105tek 19 grudnia <a class=\"page-link \" data-analytics-name=\"in-text-link\" href=\"https:\/\/natemat.pl\/635027,kometa-3i-atlas-na-nowych-zdjeciach-naukowcy-zaskakuja-slowami-o-wybuchu\" rel=\"nofollow noopener\" target=\"_blank\">3I\/Atlas<\/a> znajdzie si\u0119 w perygeum, czyli w punkcie swojej trajektorii po\u0142o\u017conym najbli\u017cej Ziemi. <\/p>\n<p style=\"white-space:pre-wrap\" class=\"c-ePRiEx\">Cho\u0107 termin &#8222;bliskie spotkanie&#8221; w tematyce kosmicznej brzmi dramatycznie, a wr\u0119cz katastroficznie, w rzeczywisto\u015bci dystans ten wyniesie oko\u0142o 1,8 jednostki astronomicznej (AU). Oznacza to, \u017ce 3I\/ATLAS minie nasz\u0105 planet\u0119 w odleg\u0142o\u015bci&#8230; oko\u0142o 270 milion\u00f3w kilometr\u00f3w. To niemal dwa razy wi\u0119kszy dystans ni\u017c ten dziel\u0105cy Ziemi\u0119 od S\u0142o\u0144ca.<\/p>\n<p style=\"white-space:pre-wrap\" class=\"c-ePRiEx\">Jednak to, co rozpala wyobra\u017ani\u0119 naukowc\u00f3w, to nie dystans, ale pochodzenie i natura komety. Jako cia\u0142o mi\u0119dzygwiezdne, 3I\/ATLAS nie powsta\u0142 z tej samej chmury gazu i py\u0142u co Ziemia czy Jowisz. Przez miliony, a mo\u017ce miliardy lat dryfowa\u0142 w pustce mi\u0119dzygwiazdowej.<\/p>\n<p>Sonda Maven bada\u0142a komet\u0119 3I\/Atlas i przesta\u0142a dzia\u0142a\u0107<\/p>\n<p style=\"white-space:pre-wrap\" class=\"c-ePRiEx\">Jak pisali\u015bmy w naTemat.pl, kometa 3I\/Atlas wykazuje szereg anomalii, kt\u00f3re wprawiaj\u0105 ekspert\u00f3w, naukowc\u00f3w i astronaut\u00f3w w zak\u0142opotanie. A ostatnio jedna z nich zaskoczy\u0142a nawet cz\u0142onk\u00f3w NASA. <\/p>\n<p style=\"white-space:pre-wrap\" class=\"c-ePRiEx\"><a class=\"page-link \" data-analytics-name=\"in-text-link\" href=\"https:\/\/natemat.pl\/634958,sonda-maven-badala-komete-3i-atlas-i-przestala-dzialac-w-nasa-zaskoczeni-anomalia\" rel=\"nofollow noopener\" target=\"_blank\">Sonda Maven<\/a>, kt\u00f3ra od dekady bada\u0142a Marsa, przesta\u0142a dzia\u0142a\u0107. Naukowiec Avi Loeb zwr\u00f3ci\u0142 uwag\u0119, \u017ce niedawno zrobi\u0142a ona zdj\u0119cie 3I\/Atlas. Maven (Mars Atmosphere and Volatile Evolution) w listopadzie 2013 roku wystartowa\u0142a w kosmos, rozpoczynaj\u0105c d\u0142ug\u0105 podr\u00f3\u017c na Marsa. We wrze\u015bniu 2014 wesz\u0142a na orbit\u0119 Czerwonej Planety i rozpocz\u0119\u0142a misj\u0119 badawcz\u0105. Od tamtej pory dzia\u0142a\u0142a bez zarzutu. I by\u0142o tak do 6 grudnia.<\/p>\n<p style=\"white-space:pre-wrap\" class=\"c-ePRiEx\"><a class=\"page-link \" data-analytics-name=\"in-text-link\" href=\"https:\/\/natemat.pl\/634433,kometa-3i-atlas-promieniuje-odkrycie-japonczykow-rozgrzalo-pasjonatow\" rel=\"nofollow noopener\" target=\"_blank\">NASA<\/a> og\u0142osi\u0142a bowiem, \u017ce utracono kontakt z sond\u0105. Dane telemetryczne z Maven wykaza\u0142y, \u017ce wszystkie systemy dzia\u0142a\u0142y prawid\u0142owo podczas ostatniego wej\u015bcia na orbit\u0119 za Marsem, ale p\u00f3\u017aniej sie\u0107 Deep Space Network nie wykry\u0142a ju\u017c sygna\u0142u.<\/p>\n<p style=\"white-space:pre-wrap\" class=\"c-ePRiEx\">Naukowcy jak na razie nie wiedz\u0105, co by\u0142o przyczyn\u0105 znikni\u0119cia obiektu oraz czy uda si\u0119 go ponownie uruchomi\u0107. Agencja w swoim o\u015bwiadczeniu poda\u0142a, \u017ce &#8222;zespo\u0142y badaj\u0105 anomali\u0119, aby zaradzi\u0107 tej sytuacji&#8221;.<\/p>\n","protected":false},"excerpt":{"rendered":"Kometa 3I\/Atlas 19 grudnia znajdzie si\u0119 najbli\u017cej Ziemi Fot. NASA Odkrycie komety 3I\/Atlas ka\u017ce nam ca\u0142kowicie zrewidowa\u0107 wiedz\u0119&hellip;\n","protected":false},"author":2,"featured_media":158892,"comment_status":"","ping_status":"","sticky":false,"template":"","format":"standard","meta":{"footnotes":""},"categories":[20],"tags":[120,118,119,42,38,40,39,41,116,114,115,121,117],"class_list":{"0":"post-158891","1":"post","2":"type-post","3":"status-publish","4":"format-standard","5":"has-post-thumbnail","7":"category-nauka-i-technika","8":"tag-nauka","9":"tag-nauka-i-technika","10":"tag-naukatechnika","11":"tag-pl","12":"tag-poland","13":"tag-polish","14":"tag-polska","15":"tag-polski","16":"tag-science","17":"tag-science-and-technology","18":"tag-sciencetechnology","19":"tag-technika","20":"tag-technology"},"share_on_mastodon":{"url":"https:\/\/pubeurope.com\/@pl\/115743102707226162","error":""},"_links":{"self":[{"href":"https:\/\/www.europesays.com\/pl\/wp-json\/wp\/v2\/posts\/158891","targetHints":{"allow":["GET"]}}],"collection":[{"href":"https:\/\/www.europesays.com\/pl\/wp-json\/wp\/v2\/posts"}],"about":[{"href":"https:\/\/www.europesays.com\/pl\/wp-json\/wp\/v2\/types\/post"}],"author":[{"embeddable":true,"href":"https:\/\/www.europesays.com\/pl\/wp-json\/wp\/v2\/users\/2"}],"replies":[{"embeddable":true,"href":"https:\/\/www.europesays.com\/pl\/wp-json\/wp\/v2\/comments?post=158891"}],"version-history":[{"count":0,"href":"https:\/\/www.europesays.com\/pl\/wp-json\/wp\/v2\/posts\/158891\/revisions"}],"wp:featuredmedia":[{"embeddable":true,"href":"https:\/\/www.europesays.com\/pl\/wp-json\/wp\/v2\/media\/158892"}],"wp:attachment":[{"href":"https:\/\/www.europesays.com\/pl\/wp-json\/wp\/v2\/media?parent=158891"}],"wp:term":[{"taxonomy":"category","embeddable":true,"href":"https:\/\/www.europesays.com\/pl\/wp-json\/wp\/v2\/categories?post=158891"},{"taxonomy":"post_tag","embeddable":true,"href":"https:\/\/www.europesays.com\/pl\/wp-json\/wp\/v2\/tags?post=158891"}],"curies":[{"name":"wp","href":"https:\/\/api.w.org\/{rel}","templated":true}]}}