{"id":158897,"date":"2025-12-18T23:14:20","date_gmt":"2025-12-18T23:14:20","guid":{"rendered":"https:\/\/www.europesays.com\/pl\/158897\/"},"modified":"2025-12-18T23:14:20","modified_gmt":"2025-12-18T23:14:20","slug":"zdrowy-47-letni-pilot-linii-lotniczych-zmarl-nagle-kilka-godzin-po-obiedzie-patolodzy-zakwalifikowali-jego","status":"publish","type":"post","link":"https:\/\/www.europesays.com\/pl\/158897\/","title":{"rendered":"Zdrowy 47-letni pilot linii lotniczych zmar\u0142 nagle kilka godzin po obiedzie. Patolodzy zakwalifikowali jego&#8230;"},"content":{"rendered":"<p class=\"Paragraph_desktopPostParagraph__6f0Vh\">Zdrowy 47-letni pilot linii lotniczych zmar\u0142 nagle kilka godzin po obiedzie. Patolodzy zakwalifikowali jego \u015bmier\u0107 jako niewyja\u015bniony przypadek. Po wielu miesi\u0105cach, dzi\u0119ki uporowi \u017cony okaza\u0142o si\u0119, \u017ce zabi\u0142a go&#8230; wo\u0142owina, a specjali\u015bci mogli opisa\u0107 pierwszy znany \u015bmiertelny przypadek zespo\u0142u \u03b1-gal.<\/p>\n<p class=\"Paragraph_desktopPostParagraph__6f0Vh\">Latem 2024 roku m\u0119\u017cczyzna, kt\u00f3ry nie mia\u0142 \u017cadnych powa\u017cnych chor\u00f3b, by\u0142 na campingu z \u017con\u0105 i dzie\u0107mi. Oko\u0142o 22 drugiej rodzina zjad\u0142a kolacj\u0119, na kt\u00f3r\u0105 sk\u0142ada\u0142 si\u0119 stek z wo\u0142owiny. By\u0142o to czym\u015b niezwyk\u0142ym, gdy\u017c zwykle jedli dr\u00f3b. M\u0119\u017cczyzna obudzi\u0142 si\u0119 o 2 w nocy czuj\u0105c dyskomfort w brzuchu. Na dyskomforcie jednak si\u0119 nie sko\u0144czy\u0142o. Z czasem b\u00f3l si\u0119 nasila\u0142, sko\u0144czy\u0142o si\u0119 wymiotami i biegunk\u0105. Rano m\u0119\u017cczyzna czu\u0142 si\u0119 na tyle dobrze, \u017ce poszed\u0142 na kilkukilometrowy spacer, a nast\u0119pnie zjad\u0142 \u015bniadanie. Zastanawiali si\u0119 z \u017con\u0105, czy nie powinien zg\u0142osi\u0107 si\u0119 do lekarza, ale zdecydowali, \u017ce nie. Za to w rozmowie z jednym z syn\u00f3w m\u0119\u017cczyzna przyzna\u0142, \u017ce przez chwil\u0119 czu\u0142 si\u0119 tak, jakby mia\u0142 umrze\u0107.<\/p>\n<p class=\"Paragraph_desktopPostParagraph__6f0Vh\">Dwa tygodnie p\u00f3\u017aniej, ju\u017c u siebie w domu, m\u0119\u017cczyzna wraz z \u017con\u0105 urz\u0105dzili sobie grilla, na kt\u00f3rym zjedli hamburgery. By\u0142o oko\u0142o 15:00. Do 19:00, gdy \u017cona wysz\u0142a z domu m\u0119\u017cczyzna nie mia\u0142 \u017cadnych objaw\u00f3w. O 19:20 poszed\u0142 do \u0142azienki, a 10 minut p\u00f3\u017aniej jeden z syn\u00f3w znalaz\u0142 go nieprzytomnego. Wezwano pogotowie. Ratownicy przez 2 godziny prowadzili resuscytacj\u0119. W ko\u0144cu zabrali m\u0119\u017cczyzn\u0119 do szpitala, gdzie zmar\u0142 o 22:22.<\/p>\n<p class=\"Paragraph_desktopPostParagraph__6f0Vh\">Sekcja zw\u0142ok nie wykaza\u0142a \u017cadnych problem\u00f3w z uk\u0142adem kr\u0105\u017cenia, oddechowym, \u017cadnych niepokoj\u0105cych zmian w jamie brzusznej czy problem\u00f3w neurologicznych. R\u00f3wnie\u017c badania toksykologiczne niczego nie wykaza\u0142y. \u015amier\u0107 zakwalifikowano jako niewyja\u015bnion\u0105.<\/p>\n<p class=\"Paragraph_desktopPostParagraph__6f0Vh\">\u017bona chcia\u0142a jednak wiedzie\u0107, na co zmar\u0142 jej zdrowy m\u0105\u017c. Uda\u0142o si\u0119 jej doprowadzi\u0107 do tego, \u017ce jego krew zosta\u0142a przebadana pod k\u0105tem reakcji alergicznej. Okaza\u0142o si\u0119, \u017ce poziom po\u015bmiertnej tryptazy wynosi\u0142 u zmar\u0142ego powy\u017cej 2000 ng\/mL. To jeden z najwy\u017cszych zarejestrowanych poziom\u00f3w w\u015br\u00f3d os\u00f3b, kt\u00f3re zmar\u0142y z powodu reakcji alergicznej.<\/p>\n<p class=\"Paragraph_desktopPostParagraph__6f0Vh\">Gdy kobiet\u0119 zapytano, czy m\u0119\u017ca ugryz\u0142 kleszcz, okaza\u0142o si\u0119, \u017ce latem mia\u0142 on kilkana\u015bcie ugryzie\u0144 od kleszczy z gatunku Amlyomma americanum. To rozpowszechniony na wschodzie USA i w Meksyku paso\u017cyt. Nie od dzisiaj wiadomo, \u017ce jego ugryzienia mog\u0105 wywo\u0142a\u0107 zesp\u00f3\u0142 \u03b1-gal. To choroba alergiczna, nadwra\u017cliwo\u015b\u0107 na oligosacharydy wyst\u0119puj\u0105ce w mi\u0119\u015bniach ssak\u00f3w nienaczelnych. Zesp\u00f3\u0142 \u03b1-gal wywo\u0142uje op\u00f3\u017anion\u0105 reakcj\u0119 na spo\u017cycie czerwonego mi\u0119sa. Specjali\u015bci od dawna podejrzewali, \u017ce mo\u017ce te\u017c dochodzi\u0107 do \u015bmiertelnych reakcji, jednak jako \u017ce mi\u0119dzy ugryzieniem kleszcza a manifestacj\u0105 zespo\u0142u \u03b1-gal mija zwykle sporo czasu, ponadto \u2013 jak widzimy z opisanego przypadku \u2013 pomi\u0119dzy zjedzeniem czerwonego mi\u0119sa a reakcj\u0105 alergiczn\u0105 te\u017c mo\u017ce up\u0142yn\u0105\u0107 kilka godzin, dotychczas nie odnotowano \u015bmiertelnego przypadku zespo\u0142u \u03b1-gal wywo\u0142anego ugryzieniem kleszcza.<\/p>\n<p class=\"Paragraph_desktopPostParagraph__6f0Vh\">Zesp\u00f3\u0142 \u03b1-gal po raz pierwszy opisano w USA w 2008 roku i powi\u0105zano go z ugryzieniem kleszczy. Od tego czasu jego wyst\u0119powanie zauwa\u017cono te\u017c w kilku krajach europejskich, a w 2021 roku mia\u0142 miejsce pierwszy przypadek w Polsce. Opisano 32-letniego m\u0119\u017cczyzn\u0119, u kt\u00f3rego w ci\u0105gu 3 miesi\u0119cy wyst\u0105pi\u0142o 5 reakcji alergicznych. Mia\u0142y one miejsce 3-6 godzin po zjedzeniu czerwonego mi\u0119sa. Na 2 tygodnie przed wyst\u0105pieniem pierwszych reakcji m\u0119\u017cczyzna zosta\u0142 ugryziony przez kleszcze, prawdopodobnie z gatunku Ixodes ricinus.<\/p>\n<p class=\"Paragraph_desktopPostParagraph__6f0Vh\">Szczeg\u00f3\u0142y znajdziecie tutaj: <a rel=\"nofollow noopener\" href=\"https:\/\/www.jaci-inpractice.org\/article\/S2213-2198\" id=\"42db7e5e-73c9-49de-bf48-65765e364e99\" target=\"_blank\">https:\/\/www.jaci-inpractice.org\/article\/S2213-2198<\/a>(25)00953-5\/fulltext<\/p>\n<p class=\"Paragraph_desktopPostParagraph__6f0Vh\">\u00a9\ufe0fSven Brandsma, Unsplash<\/p>\n<p><img decoding=\"async\" class=\"Image_image__0tuHp Image_autoHeight__f2n87 \" height=\"626\" width=\"940\" src=\"https:\/\/www.europesays.com\/pl\/wp-content\/uploads\/2025\/12\/WQ2k9kuTURBXy81ZjA0MDNhMS0xMThjLTRlMjMtYjgwNy05YjQzMjlmZGM1NDIuanBlZ5GVAs0DrADDw94AA6EwAaExAaEzww.jpeg\" alt=\"post author attached image 914c4edf-7be7-45f2-be49-a04abc2a04da for post\" loading=\"lazy\" \/><\/p>\n","protected":false},"excerpt":{"rendered":"Zdrowy 47-letni pilot linii lotniczych zmar\u0142 nagle kilka godzin po obiedzie. Patolodzy zakwalifikowali jego \u015bmier\u0107 jako niewyja\u015bniony przypadek.&hellip;\n","protected":false},"author":2,"featured_media":158898,"comment_status":"","ping_status":"","sticky":false,"template":"","format":"standard","meta":{"footnotes":""},"categories":[12],"tags":[32,33,36,37,27,1785,34,35,28,31,53,25,52,68,51,55,42,38,40,39,41,47,196,29,30,50,26],"class_list":{"0":"post-158897","1":"post","2":"type-post","3":"status-publish","4":"format-standard","5":"has-post-thumbnail","7":"category-polska","8":"tag-breaking-news","9":"tag-breakingnews","10":"tag-featured-news","11":"tag-featurednews","12":"tag-headlines","13":"tag-kopalniawiedzypl","14":"tag-latest-news","15":"tag-latestnews","16":"tag-naglowki","17":"tag-najwazniejsze-artykuly","18":"tag-new_header","19":"tag-news","20":"tag-onet3","21":"tag-onet3d","22":"tag-onet3d_2i","23":"tag-phx","24":"tag-pl","25":"tag-poland","26":"tag-polish","27":"tag-polska","28":"tag-polski","29":"tag-screening_general","30":"tag-styl_zycia","31":"tag-top-stories","32":"tag-topstories","33":"tag-v2021","34":"tag-wiadomosci"},"share_on_mastodon":{"url":"https:\/\/pubeurope.com\/@pl\/115743114434851034","error":""},"_links":{"self":[{"href":"https:\/\/www.europesays.com\/pl\/wp-json\/wp\/v2\/posts\/158897","targetHints":{"allow":["GET"]}}],"collection":[{"href":"https:\/\/www.europesays.com\/pl\/wp-json\/wp\/v2\/posts"}],"about":[{"href":"https:\/\/www.europesays.com\/pl\/wp-json\/wp\/v2\/types\/post"}],"author":[{"embeddable":true,"href":"https:\/\/www.europesays.com\/pl\/wp-json\/wp\/v2\/users\/2"}],"replies":[{"embeddable":true,"href":"https:\/\/www.europesays.com\/pl\/wp-json\/wp\/v2\/comments?post=158897"}],"version-history":[{"count":0,"href":"https:\/\/www.europesays.com\/pl\/wp-json\/wp\/v2\/posts\/158897\/revisions"}],"wp:featuredmedia":[{"embeddable":true,"href":"https:\/\/www.europesays.com\/pl\/wp-json\/wp\/v2\/media\/158898"}],"wp:attachment":[{"href":"https:\/\/www.europesays.com\/pl\/wp-json\/wp\/v2\/media?parent=158897"}],"wp:term":[{"taxonomy":"category","embeddable":true,"href":"https:\/\/www.europesays.com\/pl\/wp-json\/wp\/v2\/categories?post=158897"},{"taxonomy":"post_tag","embeddable":true,"href":"https:\/\/www.europesays.com\/pl\/wp-json\/wp\/v2\/tags?post=158897"}],"curies":[{"name":"wp","href":"https:\/\/api.w.org\/{rel}","templated":true}]}}