{"id":158911,"date":"2025-12-18T23:21:11","date_gmt":"2025-12-18T23:21:11","guid":{"rendered":"https:\/\/www.europesays.com\/pl\/158911\/"},"modified":"2025-12-18T23:21:11","modified_gmt":"2025-12-18T23:21:11","slug":"borowski-broni-mateusza-morawieckiego-nie-moge-milczec","status":"publish","type":"post","link":"https:\/\/www.europesays.com\/pl\/158911\/","title":{"rendered":"Borowski broni Mateusza Morawieckiego. &#8222;Nie mog\u0119 milcze\u0107&#8221;"},"content":{"rendered":"\n<p>&#13;<br \/>\nAdam Borowski to\u00a0by\u0142y dzia\u0142acz opozycji demokratycznej i\u00a0niepodleg\u0142o\u015bciowej w\u00a0PRL, wydawca i\u00a0dzia\u0142acz spo\u0142eczny. W\u00a0wyborach w\u00a02019 i\u00a02023 bezskutecznie kandydowa\u0142 do\u00a0Sejmu z\u00a0listy PiS. Wszed\u0142 w\u00a0sk\u0142ad komitetu wspieraj\u0105cego kandydatur\u0119 Karola Nawrockiego na\u00a0prezydenta RP w\u00a0wyborach w\u00a02025, a\u00a0teraz zosta\u0142 powo\u0142any w\u00a0sk\u0142ad Rady ds. Kombatant\u00f3w, Os\u00f3b Represjonowanych i\u00a0Dzia\u0142aczy Opozycji Antykomunistycznej przy prezydencie. &#13;\n<\/p>\n<p>&#13;<br \/>\nBorowski zabra\u0142 g\u0142os w\u00a0mediach spo\u0142eczno\u015bciowych ws. konfliktu, kt\u00f3ry jest wewn\u0105trz Prawa i\u00a0Sprawiedliwo\u015bci. &#8222;Nie mog\u0119 milcze\u0107. S\u0105 granice, kt\u00f3rych si\u0119 nie\u00a0przekracza \u2013\u00a0nawet (a mo\u017ce zw\u0142aszcza) w\u00a0sporach wewn\u0105trz obozu prawicy. Mateusz Morawiecki to\u00a0cz\u0142owiek Solidarno\u015bci Walcz\u0105cej, kt\u00f3r\u0105 kierowa\u0142 jego ojciec Kornel. To\u00a0cz\u0142owiek, kt\u00f3ry ryzykowa\u0142 nawet swoje \u017cycie, gdy inni siedzieli cicho. Mateusz Morawiecki w\u00a0wolnej Polsce budowa\u0142 instytucje finansowe s\u0142u\u017c\u0105ce Polsce, a\u00a0nie zagranicznym interesom&#8221; \u2013\u00a0napisa\u0142. &#13;\n<\/p>\n<p>&#13;<br \/>\nW dalszej cz\u0119\u015bci wpisu Borowski wyliczy\u0142 zas\u0142ugi by\u0142ego premiera. &#8222;Zawsze by\u0142 po\u00a0stronie prawdy, pa\u0144stwa i\u00a0narodowej wsp\u00f3lnoty. MM nigdy nie\u00a0zdradzi\u0142 idea\u0142\u00f3w Solidarno\u015bci. Jako premier budowa\u0142 Rzeczpospolit\u0105 Solidarn\u0105 zapisan\u0105 w\u00a0przysi\u0119dze Solidarno\u015bci Walcz\u0105cej. Wzi\u0105\u0142 na\u00a0siebie najci\u0119\u017csze kryzysy ostatnich dekad: pandemi\u0119, wojn\u0119 za\u00a0wschodni\u0105 granic\u0105, presj\u0119 Brukseli, czy\u00a0szanta\u017c energetyczny. Nie\u00a0uciek\u0142 od\u00a0odpowiedzialno\u015bci. Walczy\u0142. Jest lojalnym, oddanym cz\u0142onkiem Prawa i\u00a0Sprawiedliwo\u015bci. Jest filarem PiS i\u00a0ca\u0142ej Zjednoczonej Prawicy; obozu kt\u00f3ry przez lata realnie wzmacnia\u0142 Polsk\u0119 \u2013\u00a0gospodarczo, spo\u0142ecznie i\u00a0mi\u0119dzynarodowo&#8221; \u2013\u00a0oceni\u0142. &#13;\n<\/p>\n<p>&#13;<br \/>\nBorowski zaatakowa\u0142 te\u017c Jacka Kurskiego za\u00a0&#8222;rozbijanie prawicy&#8221; poprzez atak na\u00a0Mateusza Morawieckiego. &#8221; Nie\u00a0nale\u017c\u0119 do\u00a0\u017cadnej partii; jestem dzia\u0142aczem spo\u0142ecznym o\u00a0pogl\u0105dach konserwatywnych i\u00a0od lat wspieram PiS i\u00a0ca\u0142y ob\u00f3z Zjednoczonej Prawicy. Dlatego m\u00f3wi\u0119 wprost: Jacek Kurski przekroczy\u0142 granic\u0119, rozbija prawic\u0119&#8230; a\u00a0potrzebujemy teraz jedno\u015bci jak nigdy, Personalne wojenki, wewn\u0119trzne porachunki, publiczne ataki i\u00a0podwa\u017canie autorytetu w\u0142asnych lider\u00f3w s\u0142u\u017c\u0105 tylko naszym wrogom&#8230; s\u0142u\u017c\u0105 Tuskowi i\u00a0jego antypolskiej ekipie. Na\u00a0pewno nie\u00a0s\u0142u\u017c\u0105 Polsce. Mo\u017cna si\u0119 r\u00f3\u017cni\u0107. Mo\u017cna dyskutowa\u0107. Ale\u00a0nie\u00a0wolno w\u00a0pod\u0142y spos\u00f3b atakowa\u0107 i\u00a0niszczy\u0107 ludzi, kt\u00f3rzy ca\u0142e \u017cycie stali po\u00a0w\u0142a\u015bciwej stronie. Mateusz Morawiecki to\u00a0jeden z\u00a0najwybitniejszych i\u00a0najbardziej kompetentnych polityk\u00f3w obozu patriotycznego, maj\u0105cy Polsk\u0119 w\u00a0sercu i\u00a0wolno\u015b\u0107 w\u00a0duszy. Kto dzi\u015b uderza w\u00a0niego \u2013\u00a0ten bierze odpowiedzialno\u015b\u0107 za\u00a0rozbijanie prawicy, rozbijanie PiSu. Panie Jacku Kurski, dla\u00a0dobra Polski zamilcz. Rozbija\u0142e\u015b ju\u017c PiS i\u00a0nie masz moralnego prawa do\u00a0pouczania premiera Mateusza Morawieckiego&#8221; \u2013\u00a0stwierdzi\u0142. &#13;\n<\/p>\n<p>Konflikt w\u00a0PiS<\/p>\n<p>&#13;<br \/>\nJacek Kurski umie\u015bci\u0142 w\u00a0poniedzia\u0142ek na\u00a0platformie X kilka obszernych wpis\u00f3w, w\u00a0kt\u00f3rych m.in. zarzuci\u0142 Mateuszowi Morawieckiemu nielojalno\u015b\u0107 wobec partii i\u00a0jej kierownictwa oraz\u00a0realizowanie w\u0142asnych ambicji politycznych. &#13;\n<\/p>\n<p>&#13;<br \/>\nBy\u0142y prezes TVP wytkn\u0105\u0142 tak\u017ce wiceprezesowi Prawa i\u00a0Sprawiedliwo\u015bci, \u017ce\u00a0&#8222;demonstracyjnie odm\u00f3wi\u0142 stawiennictwa na\u00a0bardzo wa\u017cnym posiedzeniu w\u0142adz PiS&#8221; i\u00a0&#8222;organizuje konkurencyjne imprezy w\u00a0kraju, a\u00a0nawet zaprosi\u0142 parlamentarzyst\u00f3w na\u00a0odr\u0119bne wobec spotkania op\u0142atkowego na\u00a0Nowogrodzkiej \u2013\u00a0swoje, w\u0142asne tego samego dnia na\u00a0mie\u015bcie&#8221;. Wed\u0142ug Kurskiego, by\u0142y premier &#8222;ewidentnie realizuje jaki\u015b plan. Zachowuje si\u0119 przy tym tak jakby si\u0119 czego\u015b strasznie ba\u0142. A\u00a0strach jest z\u0142ym doradc\u0105&#8221;. &#13;\n<\/p>\n<p>&#13;<br \/>\nWe wtorek Kurski opublikowa\u0142 kolejny wpis na\u00a0X, w\u00a0kt\u00f3rym zapowiedzia\u0142 usuni\u0119cie swoich wcze\u015bniejszych komentarzy dotycz\u0105cych Morawieckiego i\u00a0sytuacji na\u00a0prawicy. Jednocze\u015bnie podkre\u015bli\u0142, \u017ce\u00a0\u2013 w\u00a0jego ocenie \u2013\u00a0osi\u0105gn\u0119\u0142y one zamierzony efekt, a\u00a0mianowicie &#8222;wzmocnienie przekonania, \u017ce\u00a0podporz\u0105dkowujemy swoje ambicje dobru obozu patriotycznego&#8221;. &#13;<\/p>\n","protected":false},"excerpt":{"rendered":"&#13; Adam Borowski to\u00a0by\u0142y dzia\u0142acz opozycji demokratycznej i\u00a0niepodleg\u0142o\u015bciowej w\u00a0PRL, wydawca i\u00a0dzia\u0142acz spo\u0142eczny. W\u00a0wyborach w\u00a02019 i\u00a02023 bezskutecznie kandydowa\u0142 do\u00a0Sejmu&hellip;\n","protected":false},"author":2,"featured_media":158912,"comment_status":"","ping_status":"","sticky":false,"template":"","format":"standard","meta":{"footnotes":""},"categories":[12],"tags":[31503,32,33,98,36,37,27,49,34,35,3816,28,31,25,102,42,38,40,39,41,29,30,26],"class_list":{"0":"post-158911","1":"post","2":"type-post","3":"status-publish","4":"format-standard","5":"has-post-thumbnail","7":"category-polska","8":"tag-borowski","9":"tag-breaking-news","10":"tag-breakingnews","11":"tag-dorzeczy","12":"tag-featured-news","13":"tag-featurednews","14":"tag-headlines","15":"tag-kraj","16":"tag-latest-news","17":"tag-latestnews","18":"tag-morawiecki","19":"tag-naglowki","20":"tag-najwazniejsze-artykuly","21":"tag-news","22":"tag-opinie","23":"tag-pl","24":"tag-poland","25":"tag-polish","26":"tag-polska","27":"tag-polski","28":"tag-top-stories","29":"tag-topstories","30":"tag-wiadomosci"},"share_on_mastodon":{"url":"https:\/\/pubeurope.com\/@pl\/115743141646513898","error":""},"_links":{"self":[{"href":"https:\/\/www.europesays.com\/pl\/wp-json\/wp\/v2\/posts\/158911","targetHints":{"allow":["GET"]}}],"collection":[{"href":"https:\/\/www.europesays.com\/pl\/wp-json\/wp\/v2\/posts"}],"about":[{"href":"https:\/\/www.europesays.com\/pl\/wp-json\/wp\/v2\/types\/post"}],"author":[{"embeddable":true,"href":"https:\/\/www.europesays.com\/pl\/wp-json\/wp\/v2\/users\/2"}],"replies":[{"embeddable":true,"href":"https:\/\/www.europesays.com\/pl\/wp-json\/wp\/v2\/comments?post=158911"}],"version-history":[{"count":0,"href":"https:\/\/www.europesays.com\/pl\/wp-json\/wp\/v2\/posts\/158911\/revisions"}],"wp:featuredmedia":[{"embeddable":true,"href":"https:\/\/www.europesays.com\/pl\/wp-json\/wp\/v2\/media\/158912"}],"wp:attachment":[{"href":"https:\/\/www.europesays.com\/pl\/wp-json\/wp\/v2\/media?parent=158911"}],"wp:term":[{"taxonomy":"category","embeddable":true,"href":"https:\/\/www.europesays.com\/pl\/wp-json\/wp\/v2\/categories?post=158911"},{"taxonomy":"post_tag","embeddable":true,"href":"https:\/\/www.europesays.com\/pl\/wp-json\/wp\/v2\/tags?post=158911"}],"curies":[{"name":"wp","href":"https:\/\/api.w.org\/{rel}","templated":true}]}}