{"id":158944,"date":"2025-12-18T23:38:11","date_gmt":"2025-12-18T23:38:11","guid":{"rendered":"https:\/\/www.europesays.com\/pl\/158944\/"},"modified":"2025-12-18T23:38:11","modified_gmt":"2025-12-18T23:38:11","slug":"joanna-moro-byla-polprzytomna-w-szpitalu-teraz-mowi-co-z-jej-zdrowiem","status":"publish","type":"post","link":"https:\/\/www.europesays.com\/pl\/158944\/","title":{"rendered":"Joanna Moro by\u0142a &#8222;p\u00f3\u0142przytomna&#8221; w szpitalu. Teraz m\u00f3wi, co z jej zdrowiem"},"content":{"rendered":"<p class=\"ods-c-paragraph \">17 grudnia <a href=\"https:\/\/plejada.pl\/temat\/joanna-moro\/5pg1qzz\" id=\"cfbb4179-a9a1-471a-b21f-6a3ba5a6cdef\" rel=\"nofollow noopener\" target=\"_blank\">Joanna Moro<\/a> zaskoczy\u0142a swoich fan\u00f3w, publikuj\u0105c na Instagramie zdj\u0119cie ze <a href=\"https:\/\/plejada.pl\/newsy\/joanna-moro-przekazala-niepokojace-wiesci-aktorka-trafila-do-szpitala\/2wrsr1t\" id=\"042d5db1-10cc-4930-a6f6-1c6a0300f452\" rel=\"nofollow noopener\" target=\"_blank\">szpitalnego \u0142\u00f3\u017cka<\/a>. Na fotografii widoczny by\u0142 wenflon z pod\u0142\u0105czon\u0105 kropl\u00f3wk\u0105, jednak mimo trudnej sytuacji aktorka stara\u0142a si\u0119 zachowa\u0107 spok\u00f3j i u\u015bmiech. Kr\u00f3tki opis przy zdj\u0119ciu mia\u0142 uspokoi\u0107 obserwuj\u0105cych:<\/p>\n<blockquote class=\"ods-o-quota\"><\/blockquote>\n<p><img decoding=\"async\" src=\"https:\/\/www.europesays.com\/pl\/wp-content\/uploads\/2025\/12\/4-Nk9lBaHR0cHM6Ly9vY2RuLmV1L3B1bHNjbXMvTURBXy84MzgyN2ZiODYxZTU4MGIwYjFhZDAwY2NhYTBiZmQwMC5wbmeSlQMAA.jpeg\" height=\"529\" width=\"940\" alt=\"Joanna Moro na Instagramie\" loading=\"lazy\" class=\"ods-c-image__img ods-c-image__img--vertical\"\/><\/p>\n<p>Joanna Moro na Instagramiehttps:\/\/www.instagram.com\/joannamoro.official\/ \/ Matria\u0142y &#8222;Na prawach cytatu&#8221;<\/p>\n<p class=\"ods-c-paragraph \">W kolejnych relacjach Joanna Moro podzieli\u0142a si\u0119 z fanami wdzi\u0119czno\u015bci\u0105 wobec personelu medycznego oraz \u017cartobliwie odnios\u0142a si\u0119 do m\u0119\u017ca, kt\u00f3ry zwykle dokumentuje jej \u017cycie. &#8222;M\u00f3j m\u0105\u017c zawsze dba o dokumentacj\u0119. Tym samym bardzo chcia\u0142abym podzi\u0119kowa\u0107 ca\u0142emu personelowi centrum zdrowia w Otwocku&#8221; \u2014 napisa\u0142a. Aktorka nie ujawni\u0142a przyczyn swojego pobytu w szpitalu, a jak si\u0119 okaza\u0142o, by\u0142 to tylko jednodniowy pobyt. Po powrocie do domu ponownie opublikowa\u0142a fotografi\u0119, kt\u00f3r\u0105 zrobi\u0142a jeszcze przebywaj\u0105c w szpitalu.<\/p>\n<p>   <img decoding=\"async\" src=\"https:\/\/www.europesays.com\/pl\/wp-content\/uploads\/2025\/12\/saak9lBaHR0cHM6Ly9vY2RuLmV1L3B1bHNjbXMvTURBXy84YTI5M2YyY2Q0N2JlNDZmYjU2ZTlhYWJlNWNiNWZlMS5wbmeRlQLNA.jpeg\" height=\"529\" width=\"940\" alt=\"Joanna Moro na Instagramie\" loading=\"lazy\" class=\"ods-c-image__img ods-c-image__img--vertical\"\/><\/p>\n<p>Joanna Moro na InstagramieInstagram<\/p>\n<blockquote class=\"ods-o-quota\">\n<p class=\"ods-o-quota__paragraph\">Le\u017c\u0119 p\u00f3\u0142przytomna. Czasami, chc\u0105c sobie pom\u00f3c, troch\u0119 sami sobie szkodzimy. Te leki przeciwb\u00f3lowe bywaj\u0105 zdradliwe<\/p>\n<\/blockquote>\n<p class=\"ods-c-paragraph \">\u2014 napisa\u0142a. &#8222;Ale chc\u0119 by\u0107 w pe\u0142ni si\u0142 i zdrowa na \u015bwi\u0119ta&#8221; \u2014 doda\u0142a w kolejnej relacji. <\/p>\n<p>Dalszy ci\u0105g artyku\u0142u pod materia\u0142em wideo<\/p>\n<p> Co dok\u0142adnie sta\u0142o si\u0119 z Joann\u0105 Moro w szpitalu? <\/p>\n<p> Jak Joanna Moro czuje si\u0119 po pobycie w szpitalu? <\/p>\n<p> Jakie zdj\u0119cie opublikowa\u0142a Joanna Moro po powrocie do domu? <\/p>\n<p> Co Joanna Moro powiedzia\u0142a o swoim zdrowiu na Instagramie? <\/p>\n<p>  Joanna Moro zaniepokoi\u0142a zdj\u0119ciami ze szpitala. Teraz m\u00f3wi o swoim stanie zdrowia<\/p>\n<p class=\"ods-c-paragraph \">Po tym, jak fani zacz\u0119li intensywnie wyra\u017ca\u0107 swoje obawy, Joanna Moro opublikowa\u0142a na Instagramie kolejne zdj\u0119cie, tym razem ju\u017c du\u017co optymistyczniejsze i z dala od szpitalnego \u0142\u00f3\u017cka. Siedz\u0105c w czapce Miko\u0142aja na masce auta, napisa\u0142a:<\/p>\n<blockquote class=\"ods-o-quota\">\n<p class=\"ods-o-quota__paragraph\">Dla tych, kt\u00f3rzy si\u0119 martwili: ju\u017c si\u0119 czuj\u0119 dobrze. Jestem na chodzie. Ba! Nawet na je\u017adzie. \u017bycie wraca na w\u0142a\u015bciwy pas<\/p>\n<\/blockquote>\n<p class=\"ods-c-paragraph \">\u2014 uspokoi\u0142a swoich obserwuj\u0105cych, pokazuj\u0105c, \u017ce mimo wcze\u015bniejszego niepokoju wszystko wraca do normy.<\/p>\n<p> <img decoding=\"async\" src=\"https:\/\/www.europesays.com\/pl\/wp-content\/uploads\/2025\/12\/xLCk9lBaHR0cHM6Ly9vY2RuLmV1L3B1bHNjbXMvTURBXy9lNzdhZTk2ZWUwMjMxN2I0MTA0NGIwZTM0ZjJmNjYxMi5qcGeRlQLNA.jpeg\" height=\"529\" width=\"940\" alt=\"Joanna Moro\" loading=\"lazy\" class=\"ods-c-image__img ods-c-image__img--vertical\"\/><\/p>\n<p>Joanna MoroPawe\u0142 Wrzecion \/ MW Media<\/p>\n<p class=\"ods-c-paragraph \">Dzi\u0119kujemy, \u017ce przeczyta\u0142a\u015b\/e\u015b nasz artyku\u0142 do ko\u0144ca. W serwisie Plejada.pl ka\u017cdego dnia piszemy o najwa\u017cniejszych wydarzeniach show-biznesowych. B\u0105d\u017a na bie\u017c\u0105co! <a rel=\"nofollow noopener\" href=\"https:\/\/profile.google.com\/cp\/Cg0vZy8xMWJ6X19wdHBx\" id=\"78308763-e4f2-4b9a-862e-e1e0f3206c71\" target=\"_blank\">Obserwuj<\/a> Plejad\u0119 w Google. Odwied\u017a nas tak\u017ce na <a rel=\"nofollow noopener\" href=\"https:\/\/www.facebook.com\/plejadapl\" id=\"42c3aacd-2e0d-4f85-9a66-2cf00d76dd20\" target=\"_blank\">Facebooku<\/a>, <a rel=\"nofollow noopener\" href=\"https:\/\/www.instagram.com\/plejadapl\/\" id=\"8e746119-294d-48ea-b57f-92ede1220dec\" target=\"_blank\">Instagramie<\/a>, <a rel=\"nofollow noopener\" href=\"https:\/\/www.youtube.com\/c\/plejada\" id=\"6dc27f69-852b-4098-b46a-cba2c07e2a8b\" target=\"_blank\">YouTubie<\/a> oraz <a rel=\"nofollow noopener\" href=\"https:\/\/www.tiktok.com\/@plejada_pl\" id=\"cb59a5ce-742d-41bb-b477-10e310ce9724\" target=\"_blank\">TikToku<\/a>.<\/p>\n<p class=\"ods-c-paragraph \">Chcesz podzieli\u0107 si\u0119 ciekawym newsem lub zaproponowa\u0107 temat? Skontaktuj si\u0119 z nami, pisz\u0105c maila na adres: <a rel=\"nofollow noopener\" href=\"https:\/\/plejada.pl\/newsy\/joanna-moro-byla-polprzytomna-w-szpitalu-teraz-mowi-co-z-jej-zdrowiem\/mailto:plejada@redakcjaonet.pl\" id=\"ca2d4e28-6af6-4ab1-990c-3a83e10232ee\" target=\"_blank\">plejada@redakcjaon<\/a><a href=\"https:\/\/et.pl\" id=\"45ef32b8-31f3-4a89-8c56-944075450d19\" rel=\"nofollow noopener\" target=\"_blank\">et.pl<\/a>.<\/p>\n<p><script async src=\"\/\/www.instagram.com\/embed.js\"><\/script><script async src=\"\/\/www.tiktok.com\/embed.js\"><\/script><\/p>\n","protected":false},"excerpt":{"rendered":"17 grudnia Joanna Moro zaskoczy\u0142a swoich fan\u00f3w, publikuj\u0105c na Instagramie zdj\u0119cie ze szpitalnego \u0142\u00f3\u017cka. Na fotografii widoczny by\u0142&hellip;\n","protected":false},"author":2,"featured_media":158945,"comment_status":"","ping_status":"","sticky":false,"template":"","format":"standard","meta":{"footnotes":""},"categories":[22],"tags":[122,15981,48,125,46,42,38,40,39,41,123,47],"class_list":{"0":"post-158944","1":"post","2":"type-post","3":"status-publish","4":"format-standard","5":"has-post-thumbnail","7":"category-rozrywka","8":"tag-entertainment","9":"tag-joanna_moro","10":"tag-nat_styl","11":"tag-newsy","12":"tag-omp","13":"tag-pl","14":"tag-poland","15":"tag-polish","16":"tag-polska","17":"tag-polski","18":"tag-rozrywka","19":"tag-screening_general"},"share_on_mastodon":{"url":"https:\/\/pubeurope.com\/@pl\/115743208654750116","error":""},"_links":{"self":[{"href":"https:\/\/www.europesays.com\/pl\/wp-json\/wp\/v2\/posts\/158944","targetHints":{"allow":["GET"]}}],"collection":[{"href":"https:\/\/www.europesays.com\/pl\/wp-json\/wp\/v2\/posts"}],"about":[{"href":"https:\/\/www.europesays.com\/pl\/wp-json\/wp\/v2\/types\/post"}],"author":[{"embeddable":true,"href":"https:\/\/www.europesays.com\/pl\/wp-json\/wp\/v2\/users\/2"}],"replies":[{"embeddable":true,"href":"https:\/\/www.europesays.com\/pl\/wp-json\/wp\/v2\/comments?post=158944"}],"version-history":[{"count":0,"href":"https:\/\/www.europesays.com\/pl\/wp-json\/wp\/v2\/posts\/158944\/revisions"}],"wp:featuredmedia":[{"embeddable":true,"href":"https:\/\/www.europesays.com\/pl\/wp-json\/wp\/v2\/media\/158945"}],"wp:attachment":[{"href":"https:\/\/www.europesays.com\/pl\/wp-json\/wp\/v2\/media?parent=158944"}],"wp:term":[{"taxonomy":"category","embeddable":true,"href":"https:\/\/www.europesays.com\/pl\/wp-json\/wp\/v2\/categories?post=158944"},{"taxonomy":"post_tag","embeddable":true,"href":"https:\/\/www.europesays.com\/pl\/wp-json\/wp\/v2\/tags?post=158944"}],"curies":[{"name":"wp","href":"https:\/\/api.w.org\/{rel}","templated":true}]}}