{"id":158962,"date":"2025-12-18T23:47:10","date_gmt":"2025-12-18T23:47:10","guid":{"rendered":"https:\/\/www.europesays.com\/pl\/158962\/"},"modified":"2025-12-18T23:47:10","modified_gmt":"2025-12-18T23:47:10","slug":"minister-bije-na-alarm-chinskie-auta-moga-byc-koniem-trojanskim-to-szpiedzy-na-kolach","status":"publish","type":"post","link":"https:\/\/www.europesays.com\/pl\/158962\/","title":{"rendered":"Minister bije na alarm. Chi\u0144skie auta mog\u0105 by\u0107 koniem troja\u0144skim. To szpiedzy na ko\u0142ach?"},"content":{"rendered":"<p class=\"art_paragraph\">W ostatnich dniach europejskie media i analitycy bij\u0105 na alarm w zwi\u0105zku z rosn\u0105c\u0105 obecno\u015bci\u0105 na <a href=\"https:\/\/moto.pl\/drogi#anchorLink\" rel=\"nofollow noopener\" target=\"_blank\">drogach<\/a> inteligentnych chi\u0144skich <a href=\"https:\/\/moto.pl\/MotoPL\/0,0.html#anchorLink\" rel=\"nofollow noopener\" target=\"_blank\">samochod\u00f3w<\/a>. Eksperci coraz cz\u0119\u015bciej ostrzegaj\u0105, \u017ce nowoczesne auta elektryczne produkowane w Chinach nie s\u0105 jedynie \u015brodkami transportu &#8211; mog\u0105 zbiera\u0107 bowiem ogromne ilo\u015bci danych i stwarza\u0107 potencjalne zagro\u017cenia bezpiecze\u0144stwa narodowego i cybernetycznego.<\/p>\n<p> Pojazdy z Chin mog\u0105 by\u0107 czym\u015b wi\u0119cej ni\u017c samochody<\/p>\n<p class=\"art_paragraph\">Problem okre\u015blany przez O\u015brodek Studi\u00f3w Wschodnich (OSW) jako &#8222;smartfony na k\u00f3\u0142kach&#8221; dotyczy zaawansowanych technologicznie pojazd\u00f3w z Chin, kt\u00f3re maj\u0105 bardzo rozbudowane systemy sensoryczne, \u0142\u0105czno\u015b\u0107 i mo\u017cliwo\u015b\u0107 analizowania danych z otoczenia. Wed\u0142ug raportu OSW takie auta mog\u0105 gromadzi\u0107 dane geoprzestrzenne, monitorowa\u0107 otoczenie z du\u017c\u0105 dok\u0142adno\u015bci\u0105 i przesy\u0142a\u0107 informacje o trasach, po\u0142o\u017ceniu, a nawet otoczeniu pojazdu do zewn\u0119trznych system\u00f3w. Dane te potencjalnie mo\u017cna wykorzysta\u0107 w dzia\u0142aniach wywiadowczych.<\/p>\n<p class=\"art_paragraph\">Analitycy zwracaj\u0105 uwag\u0119, \u017ce inteligentne <a href=\"https:\/\/moto.pl\/MotoPL\/7,170318,32405277,ten-samochod-budzi-w-warszawie-sensacje-ludzie-pytaja-sie.html#anchorLink\" rel=\"nofollow noopener\" target=\"_blank\">samochody<\/a> wyposa\u017cone w kamery, lidary, mikrofony\u00a0i systemy rozpoznawania twarzy potrafi\u0105 tworzy\u0107 szczeg\u00f3\u0142owe mapy infrastruktury, \u015bledzi\u0107 ruch os\u00f3b i pojazd\u00f3w oraz analizowa\u0107 dane biometryczne u\u017cytkownik\u00f3w. Tego typu informacje mog\u0105 by\u0107 traktowane jako dane wra\u017cliwe, kt\u00f3rych niekontrolowany przep\u0142yw mo\u017ce mie\u0107 konsekwencje dla bezpiecze\u0144stwa pa\u0144stwa.<\/p>\n<p>   <img decoding=\"async\" src=\"https:\/\/www.europesays.com\/pl\/wp-content\/uploads\/2025\/12\/z32245775IH,Kamera-w-lusterku---Xpeng-G9-AWD-Performance.jpg\" class=\"article-related-photo-picture__img\" loading=\"lazy\" alt=\"Kamera w lusterku - Xpeng G9 AWD Performance\" style=\"aspect-ratio: 2000 \/ 1333\"\/><\/p>\n<p>   Kamera w lusterku &#8211; Xpeng G9 AWD PerformanceFot. Rafa\u0142 M\u0105dry<\/p>\n<p> Ryzyko cyberbezpiecze\u0144stwa i inwigilacji<\/p>\n<p class=\"art_paragraph\">Eksperci podkre\u015blaj\u0105, \u017ce zagro\u017cenie nie ogranicza si\u0119 jedynie do samego zbierania danych. Systemy \u0142\u0105czno\u015bci i oprogramowanie samochod\u00f3w mog\u0105 by\u0107 podatne na cyberataki b\u0105d\u017a zdalne przej\u0119cie kontroli nad pojazdem, co w ekstremalnych scenariuszach mog\u0142oby prowadzi\u0107 do destabilizacji ruchu drogowego lub nawet celowych akcji parali\u017cu infrastruktury.<\/p>\n<p> Polski rz\u0105d i s\u0142u\u017cby analizuj\u0105 zagro\u017cenie<\/p>\n<p class=\"art_paragraph\">O mo\u017cliwo\u015bciach wykorzystania chi\u0144skich pojazd\u00f3w do dzia\u0142a\u0144 wywiadowczych m\u00f3wi\u0142 tak\u017ce w\u00a0rozmowie z &#8222;Rzeczpospolit\u0105&#8221; koordynator s\u0142u\u017cb specjalnych Tomasz Siemoniak. Jak podkre\u015bli\u0142, kwestia ta by\u0142a analizowana na szczeblu mi\u0119dzyresortowym, m.<a href=\"https:\/\/moto.pl\/Porady\/7,178530,26930093,kalkulator-przelicznik-centymetry-cm-i-cale-in-na-stopy.html#anchorLink\" rel=\"nofollow noopener\" target=\"_blank\">in<\/a>. w kontek\u015bcie zakup\u00f3w autobus\u00f3w elektrycznych przez polskie miasta, a tak\u017ce sprz\u0119tu dla s\u0142u\u017cb pa\u0144stwowych. Rz\u0105d deklaruje, \u017ce jest \u015bwiadomy tego ryzyka i bierze je pod uwag\u0119 przy planowaniu zakup\u00f3w publicznych oraz przy tworzeniu przepis\u00f3w dotycz\u0105cych cyberbezpiecze\u0144stwa.<\/p>\n<p class=\"art_paragraph\">W kontek\u015bcie prawnym wskazywane jest, \u017ce nadzorowi bezpiecze\u0144stwa maj\u0105 s\u0142u\u017cy\u0107 <a href=\"https:\/\/moto.pl\/przepisy-ruchu-drogowego#anchorLink\" rel=\"nofollow noopener\" target=\"_blank\">przepisy<\/a> nowej ustawy o Krajowym Systemie Cyberbezpiecze\u0144stwa, kt\u00f3ra ma dawa\u0107 w\u0142adzom narz\u0119dzia do identyfikowania dostawc\u00f3w wysokiego ryzyka i wydawania polece\u0144 zabezpieczaj\u0105cych.<\/p>\n<p> We flotach polskich s\u0142u\u017cb nie ma chi\u0144skich aut<\/p>\n<p class=\"art_paragraph\">&#8222;Rzeczpospolita&#8221; ustali\u0142a, \u017ce flota rz\u0105dowa oraz pojazdy\u00a0r\u00f3\u017cnych s\u0142u\u017cb pa\u0144stwowych\u00a0nie zawieraj\u0105 chi\u0144skich samochod\u00f3w, a zakupy takich aut nie s\u0105 planowane. To efekt rosn\u0105cej \u015bwiadomo\u015bci potencjalnych zagro\u017ce\u0144 i pr\u00f3b unikania sytuacji, w kt\u00f3rej technologie mog\u0142yby zosta\u0107 wykorzystane przeciwko bezpiecze\u0144stwu pa\u0144stwowemu.<\/p>\n","protected":false},"excerpt":{"rendered":"W ostatnich dniach europejskie media i analitycy bij\u0105 na alarm w zwi\u0105zku z rosn\u0105c\u0105 obecno\u015bci\u0105 na drogach inteligentnych&hellip;\n","protected":false},"author":2,"featured_media":158963,"comment_status":"","ping_status":"","sticky":false,"template":"","format":"standard","meta":{"footnotes":""},"categories":[16],"tags":[113,112,42,38,40,39,41],"class_list":{"0":"post-158962","1":"post","2":"type-post","3":"status-publish","4":"format-standard","5":"has-post-thumbnail","7":"category-biznes","8":"tag-biznes","9":"tag-business","10":"tag-pl","11":"tag-poland","12":"tag-polish","13":"tag-polska","14":"tag-polski"},"share_on_mastodon":{"url":"https:\/\/pubeurope.com\/@pl\/115743244003320315","error":""},"_links":{"self":[{"href":"https:\/\/www.europesays.com\/pl\/wp-json\/wp\/v2\/posts\/158962","targetHints":{"allow":["GET"]}}],"collection":[{"href":"https:\/\/www.europesays.com\/pl\/wp-json\/wp\/v2\/posts"}],"about":[{"href":"https:\/\/www.europesays.com\/pl\/wp-json\/wp\/v2\/types\/post"}],"author":[{"embeddable":true,"href":"https:\/\/www.europesays.com\/pl\/wp-json\/wp\/v2\/users\/2"}],"replies":[{"embeddable":true,"href":"https:\/\/www.europesays.com\/pl\/wp-json\/wp\/v2\/comments?post=158962"}],"version-history":[{"count":0,"href":"https:\/\/www.europesays.com\/pl\/wp-json\/wp\/v2\/posts\/158962\/revisions"}],"wp:featuredmedia":[{"embeddable":true,"href":"https:\/\/www.europesays.com\/pl\/wp-json\/wp\/v2\/media\/158963"}],"wp:attachment":[{"href":"https:\/\/www.europesays.com\/pl\/wp-json\/wp\/v2\/media?parent=158962"}],"wp:term":[{"taxonomy":"category","embeddable":true,"href":"https:\/\/www.europesays.com\/pl\/wp-json\/wp\/v2\/categories?post=158962"},{"taxonomy":"post_tag","embeddable":true,"href":"https:\/\/www.europesays.com\/pl\/wp-json\/wp\/v2\/tags?post=158962"}],"curies":[{"name":"wp","href":"https:\/\/api.w.org\/{rel}","templated":true}]}}