{"id":159035,"date":"2025-12-19T00:26:16","date_gmt":"2025-12-19T00:26:16","guid":{"rendered":"https:\/\/www.europesays.com\/pl\/159035\/"},"modified":"2025-12-19T00:26:16","modified_gmt":"2025-12-19T00:26:16","slug":"obawy-przed-meczem-boja-sie-o-bramkarza-barcelony","status":"publish","type":"post","link":"https:\/\/www.europesays.com\/pl\/159035\/","title":{"rendered":"Obawy przed meczem. Boj\u0105 si\u0119 o bramkarza Barcelony"},"content":{"rendered":"\n<p class=\"contentpart contentpart--default contentpart--text\" data-position=\"0\">Derby <a href=\"https:\/\/sportowefakty.wp.pl\/pilka-nozna\/espanyol-barcelona\" rel=\"nofollow noopener\" target=\"_blank\">RCD Espanyolu<\/a>\u00a0z <a href=\"https:\/\/sportowefakty.wp.pl\/pilka-nozna\/fc-barcelona\" rel=\"nofollow noopener\" target=\"_blank\">FC Barcelon\u0105<\/a>\u00a0zaplanowane s\u0105 na sobot\u0119 (3 stycznia). Dla obu klub\u00f3w b\u0119dzie to zarazem pierwszy mecz po przerwie \u015bwi\u0105tecznej. Spotkanie ju\u017c teraz okre\u015blane jest jako jedno z najbardziej napi\u0119tych w ostatnich latach. Wszystko przez osob\u0119 <a href=\"https:\/\/sportowefakty.wp.pl\/tenis\/joan-garcia\" rel=\"nofollow noopener\" target=\"_blank\">Joan Garcii<\/a>.<\/p>\n<p class=\"contentpart contentpart--default contentpart--text\" data-position=\"1\">Bramkarz wr\u00f3ci bowiem na RCDE Stadium jako podstawowy golkiper Barcelony. Jeszcze latem by\u0142 zawodnikiem Espanyolu.<\/p>\n<p> <img role=\"presentation\" src=\"https:\/\/std.wpcdn.pl\/images\/adv\/placeholder_wp.svg\" loading=\"lazy\" alt=\"\" decoding=\"async\"\/>  <\/p>\n<p class=\"contentpart contentpart--default contentpart--text\" data-position=\"2\">Wed\u0142ug podcastu &#8222;Barca Reservat&#8221; na antenie Catalunya Radio, w klubie od dawna obawiaj\u0105 si\u0119 reakcji trybun.<\/p>\n<p class=\"contentpart contentpart--default contentpart--text\" data-position=\"3\">Organizatorzy chc\u0105 unikn\u0105\u0107 wszelkich nieprzyjemnych sytuacji oraz zdarze\u0144, kt\u00f3re mog\u0142yby sko\u0144czy\u0107 si\u0119 surowymi karami lub nawet zamkni\u0119ciem stadionu. Najwi\u0119kszy l\u0119k dotyczy rzucania przedmiotami w stron\u0119 boiska, zw\u0142aszcza w rejonie bramek.<\/p>\n<p class=\"contentpart contentpart--default contentpart--text\" data-position=\"4\">Z tego powodu przygotowywany jest nadzwyczajny plan zabezpieczenia meczu. Na stadionie pojawi si\u0119 wi\u0119cej regionalnych s\u0142u\u017cb i ochrony prywatnej. Szczeg\u00f3lnie chronione maj\u0105 by\u0107 najbardziej zapalne sektory.<\/p>\n<p class=\"contentpart contentpart--default contentpart--text\" data-position=\"5\">R\u00f3wnolegle klub chce obni\u017cy\u0107 temperatur\u0119 jeszcze przed pierwszym gwizdkiem. Kibice mog\u0105 spodziewa\u0107 si\u0119 publicznych apeli o spok\u00f3j i zachowanie zasad wsp\u00f3\u0142\u017cycia spo\u0142ecznego. Espanyol za wszelk\u0105 cen\u0119 chce, aby o derbach m\u00f3wi\u0142o si\u0119 za spraw\u0105 wydarze\u0144 na boisku, a nie na trybunach.<\/p>\n<p> <img role=\"presentation\" src=\"https:\/\/std.wpcdn.pl\/images\/adv\/placeholder_wp.svg\" loading=\"lazy\" alt=\"\" decoding=\"async\"\/>  <\/p>\n<p class=\"contentpart contentpart--default contentpart--text\" data-position=\"6\">ZOBACZ WIDEO: Jan Urban jest lepszym selekcjonerem od Jerzego Brz\u0119czka? &#8222;Nie ma odpowiedzi&#8221;<\/p>\n","protected":false},"excerpt":{"rendered":"Derby RCD Espanyolu\u00a0z FC Barcelon\u0105\u00a0zaplanowane s\u0105 na sobot\u0119 (3 stycznia). Dla obu klub\u00f3w b\u0119dzie to zarazem pierwszy mecz&hellip;\n","protected":false},"author":2,"featured_media":159036,"comment_status":"","ping_status":"","sticky":false,"template":"","format":"standard","meta":{"footnotes":""},"categories":[24],"tags":[272,1875,538,269,540,42,38,40,39,41,3101,127,126],"class_list":{"0":"post-159035","1":"post","2":"type-post","3":"status-publish","4":"format-standard","5":"has-post-thumbnail","7":"category-sport","8":"tag-fc-barcelona","9":"tag-joan-garcia","10":"tag-la-liga","11":"tag-pilka-nozna","12":"tag-pilka-nozna-w-hiszpanii","13":"tag-pl","14":"tag-poland","15":"tag-polish","16":"tag-polska","17":"tag-polski","18":"tag-rcd-espanyol","19":"tag-sport","20":"tag-sports"},"share_on_mastodon":{"url":"https:\/\/pubeurope.com\/@pl\/115743397616859478","error":""},"_links":{"self":[{"href":"https:\/\/www.europesays.com\/pl\/wp-json\/wp\/v2\/posts\/159035","targetHints":{"allow":["GET"]}}],"collection":[{"href":"https:\/\/www.europesays.com\/pl\/wp-json\/wp\/v2\/posts"}],"about":[{"href":"https:\/\/www.europesays.com\/pl\/wp-json\/wp\/v2\/types\/post"}],"author":[{"embeddable":true,"href":"https:\/\/www.europesays.com\/pl\/wp-json\/wp\/v2\/users\/2"}],"replies":[{"embeddable":true,"href":"https:\/\/www.europesays.com\/pl\/wp-json\/wp\/v2\/comments?post=159035"}],"version-history":[{"count":0,"href":"https:\/\/www.europesays.com\/pl\/wp-json\/wp\/v2\/posts\/159035\/revisions"}],"wp:featuredmedia":[{"embeddable":true,"href":"https:\/\/www.europesays.com\/pl\/wp-json\/wp\/v2\/media\/159036"}],"wp:attachment":[{"href":"https:\/\/www.europesays.com\/pl\/wp-json\/wp\/v2\/media?parent=159035"}],"wp:term":[{"taxonomy":"category","embeddable":true,"href":"https:\/\/www.europesays.com\/pl\/wp-json\/wp\/v2\/categories?post=159035"},{"taxonomy":"post_tag","embeddable":true,"href":"https:\/\/www.europesays.com\/pl\/wp-json\/wp\/v2\/tags?post=159035"}],"curies":[{"name":"wp","href":"https:\/\/api.w.org\/{rel}","templated":true}]}}