{"id":159037,"date":"2025-12-19T00:27:10","date_gmt":"2025-12-19T00:27:10","guid":{"rendered":"https:\/\/www.europesays.com\/pl\/159037\/"},"modified":"2025-12-19T00:27:10","modified_gmt":"2025-12-19T00:27:10","slug":"monika-richardson-miala-problem-z-alkoholem-pilam-codziennie-i-to-trwalo-2","status":"publish","type":"post","link":"https:\/\/www.europesays.com\/pl\/159037\/","title":{"rendered":"Monika Richardson mia\u0142a problem z alkoholem. &#8222;Pi\u0142am codziennie i to trwa\u0142o&#8221;"},"content":{"rendered":"<p class=\"ods-c-paragraph \"><a href=\"https:\/\/plejada.pl\/temat\/monika-richardson-zamachowska\/4741mjj\" id=\"9b2520c9-58db-47a6-a86d-d14fced2ef0f\" rel=\"nofollow noopener\" target=\"_blank\">Monika Richardson<\/a> od lat pozostaje jedn\u0105 z najbardziej rozpoznawalnych twarzy polskiego dziennikarstwa telewizyjnego. Karier\u0119 w mediach zaczyna\u0142a ju\u017c w latach 90., zyskuj\u0105c popularno\u015b\u0107 dzi\u0119ki programom informacyjnym i publicystycznym, w kt\u00f3rych da\u0142a si\u0119 pozna\u0107 jako bezpo\u015brednia i charyzmatyczna prezenterka. Przez lata by\u0142a zwi\u0105zana m.in. z TVP i TVN, prowadzi\u0142a rozmowy z politykami, lud\u017ami kultury i show-biznesu, a tak\u017ce relacjonowa\u0142a najwa\u017cniejsze wydarzenia spo\u0142eczne.<\/p>\n<p>Dalszy ci\u0105g artyku\u0142u pod materia\u0142em wideo<\/p>\n<p> W kt\u00f3rym momencie \u017cycia Monika Richardson mia\u0142a problem z alkoholem? <\/p>\n<p> Ile lat trwa\u0142 problem z alkoholem Moniki Richardson? <\/p>\n<p> Jakie zmiany wprowadzi\u0142a Monika Richardson po rozwodzie? <\/p>\n<p> Czy Monika Richardson zrezygnowa\u0142a ca\u0142kowicie z picia alkoholu? <\/p>\n<p>  Monika Richardson wyzna\u0142a, \u017ce otar\u0142a si\u0119 o alkoholizm. Dzi\u015b pije okazjonalnie   <\/p>\n<p class=\"ods-c-paragraph \">Richardson nie unika trudnych temat\u00f3w w publicznych wypowiedziach. W ostatnim wywiadzie dla Kozaczka 53-letnia dziennikarka wr\u00f3ci\u0142a pami\u0119ci\u0105 do bolesnego okresu w swoim \u017cyciu. Przyzna\u0142a, \u017ce w trakcie trzeciego ma\u0142\u017ce\u0144stwa by\u0142a o krok od powa\u017cnej choroby i uzale\u017cnienia. Jak podkre\u015bla, to w\u0142a\u015bnie rozw\u00f3d pozwoli\u0142 jej na nowo uporz\u0105dkowa\u0107 swoje \u017cycie.<\/p>\n<blockquote class=\"ods-o-quota\">\n<p class=\"ods-o-quota__paragraph\">Wstaj\u0119 wcze\u015bnie, dobrze jem, mniej pij\u0119 \u2014 bardzo pom\u00f3g\u0142 mi tutaj m\u00f3j rozw\u00f3d. W okresie mojego trzeciego ma\u0142\u017ce\u0144stwa my\u015bl\u0119, \u017ce ociera\u0142am si\u0119 o alkoholizm. By\u0142o \u017cycie ustawione pod &#8222;kiedy jest nast\u0119pna okazja, \u017ceby si\u0119 napi\u0107&#8221;<\/p>\n<\/blockquote>\n<p class=\"ods-c-paragraph \">\u2014 wspomina\u0142a Richardson.<\/p>\n<p class=\"ods-c-paragraph \">\u2014 Teraz obserwuj\u0119 to u innych: czasem to s\u0105 ma\u0142e ilo\u015bci, ale \u017cycie ustawia si\u0119 pod alkohol. Tu kieliszek wina, tam piwo, aperol, zakupy w sklepie i w\u00f3dka do soku pomara\u0144czowego. A potem na pla\u017c\u0119, by\u0107 mi\u0142ym, weso\u0142ym. Alkoholicy s\u0105 w\u015br\u00f3d nas, wiem to na pewno. Bardzo si\u0119 ciesz\u0119, \u017ce mi Bozia oszcz\u0119dzi\u0142a tego wychodzenia z uzale\u017cnienia \u2014 t\u0142umaczy\u0142a.<\/p>\n<p class=\"ods-c-paragraph \">Po chwili dziennikarka t\u0142umaczy\u0142a, \u017ce nie zrezygnowa\u0142a ca\u0142kowicie z picia alkoholu, a jedynie go ograniczy\u0142a. Nie ukrywa, \u017ce by\u0142 moment w jej \u017cyciu, kiedy pi\u0142a codziennie.<\/p>\n<p class=\"ods-c-paragraph \">\u2014 Nie pij\u0119 codziennie, a by\u0142o w moim \u017cyciu tak, \u017ce pi\u0142am codziennie i trwa\u0142o to kilka \u0142adnych lat. Po drugie, nie upijam si\u0119 do momentu posiadania kaca, bo w wieku 53 lat kaca si\u0119 inaczej prze\u017cywa, ni\u017c jak si\u0119 mia\u0142o 20. Nie doprowadzam si\u0119 do kaca, nie planuj\u0119 \u017cycia pod alkohol \u2014 podsumowuje.<\/p>\n<p>   <img decoding=\"async\" src=\"https:\/\/cdn.plejada.pl\/1\/2s3k9lBaHR0cHM6Ly9vY2RuLmV1L3B1bHNjbXMvTURBXy82M2QzMDBjYTRkNDhhNzY2YmE3ZmI1MTZkOGIyNDYwNS5qcGeRlQLNB1gAwsPeAAKhMAehMQQ\" height=\"628\" width=\"940\" alt=\"Monika Richardson\" loading=\"lazy\" class=\"ods-c-image__img ods-c-image__img--viewport-width\"\/><\/p>\n<p>Monika RichardsonPiotr Andrzejczak \/ MW Media<\/p>\n<p class=\"ods-c-paragraph \">Dzi\u0119kujemy, \u017ce przeczyta\u0142a\u015b\/e\u015b nasz artyku\u0142 do ko\u0144ca. W serwisie Plejada.pl ka\u017cdego dnia piszemy o najwa\u017cniejszych wydarzeniach show-biznesowych. B\u0105d\u017a na bie\u017c\u0105co! <a rel=\"nofollow noopener\" href=\"https:\/\/profile.google.com\/cp\/Cg0vZy8xMWJ6X19wdHBx\" id=\"04b3be90-4562-4cd0-88df-7f734c6d4c25\" target=\"_blank\">Obserwuj<\/a> Plejad\u0119 w Google. Odwied\u017a nas tak\u017ce na <a rel=\"nofollow noopener\" href=\"https:\/\/www.facebook.com\/plejadapl\" id=\"7aae0ed6-5aaf-4c1b-974d-c7a6f2d719db\" target=\"_blank\">Facebooku<\/a>, <a rel=\"nofollow noopener\" href=\"https:\/\/www.instagram.com\/plejadapl\/\" id=\"ec1d0e06-c773-4787-9d19-ab8614abd14a\" target=\"_blank\">Instagramie<\/a>, <a rel=\"nofollow noopener\" href=\"https:\/\/www.youtube.com\/c\/plejada\" id=\"c494a236-3b72-48b2-9274-aacf6192aaae\" target=\"_blank\">YouTubie<\/a> oraz <a rel=\"nofollow noopener\" href=\"https:\/\/www.tiktok.com\/@plejada_pl\" id=\"d175cc38-1445-4366-ab8b-1de9223390ca\" target=\"_blank\">TikToku<\/a>.<\/p>\n<p class=\"ods-c-paragraph \">Chcesz podzieli\u0107 si\u0119 ciekawym newsem lub zaproponowa\u0107 temat? Skontaktuj si\u0119 z nami, pisz\u0105c maila na adres: <a rel=\"nofollow noopener\" href=\"https:\/\/plejada.pl\/newsy\/monika-richardson-miala-problem-z-alkoholem-pilam-codziennie-i-to-trwalo\/mailto:plejada@redakcjaonet.pl\" id=\"0721ae15-2f84-4e38-b2e8-4a26de214c45\" target=\"_blank\">plejada@redakcjaon<\/a><a href=\"https:\/\/et.pl\" id=\"ad21f5a2-a247-4d6d-95f8-7d898e55a207\" rel=\"nofollow noopener\" target=\"_blank\">et.pl<\/a>.<\/p>\n<p><script async src=\"\/\/www.instagram.com\/embed.js\"><\/script><script async src=\"\/\/www.tiktok.com\/embed.js\"><\/script><\/p>\n","protected":false},"excerpt":{"rendered":"Monika Richardson od lat pozostaje jedn\u0105 z najbardziej rozpoznawalnych twarzy polskiego dziennikarstwa telewizyjnego. Karier\u0119 w mediach zaczyna\u0142a ju\u017c&hellip;\n","protected":false},"author":2,"featured_media":159038,"comment_status":"","ping_status":"","sticky":false,"template":"","format":"standard","meta":{"footnotes":""},"categories":[22],"tags":[906,4694,2055,122,5229,48,125,46,42,38,40,39,41,123,47,253],"class_list":{"0":"post-159037","1":"post","2":"type-post","3":"status-publish","4":"format-standard","5":"has-post-thumbnail","7":"category-rozrywka","8":"tag-alkohol","9":"tag-alkoholizm","10":"tag-choroby","11":"tag-entertainment","12":"tag-monika_richardson","13":"tag-nat_styl","14":"tag-newsy","15":"tag-omp","16":"tag-pl","17":"tag-poland","18":"tag-polish","19":"tag-polska","20":"tag-polski","21":"tag-rozrywka","22":"tag-screening_general","23":"tag-zdrowie"},"share_on_mastodon":{"url":"https:\/\/pubeurope.com\/@pl\/115743401152938520","error":""},"_links":{"self":[{"href":"https:\/\/www.europesays.com\/pl\/wp-json\/wp\/v2\/posts\/159037","targetHints":{"allow":["GET"]}}],"collection":[{"href":"https:\/\/www.europesays.com\/pl\/wp-json\/wp\/v2\/posts"}],"about":[{"href":"https:\/\/www.europesays.com\/pl\/wp-json\/wp\/v2\/types\/post"}],"author":[{"embeddable":true,"href":"https:\/\/www.europesays.com\/pl\/wp-json\/wp\/v2\/users\/2"}],"replies":[{"embeddable":true,"href":"https:\/\/www.europesays.com\/pl\/wp-json\/wp\/v2\/comments?post=159037"}],"version-history":[{"count":0,"href":"https:\/\/www.europesays.com\/pl\/wp-json\/wp\/v2\/posts\/159037\/revisions"}],"wp:featuredmedia":[{"embeddable":true,"href":"https:\/\/www.europesays.com\/pl\/wp-json\/wp\/v2\/media\/159038"}],"wp:attachment":[{"href":"https:\/\/www.europesays.com\/pl\/wp-json\/wp\/v2\/media?parent=159037"}],"wp:term":[{"taxonomy":"category","embeddable":true,"href":"https:\/\/www.europesays.com\/pl\/wp-json\/wp\/v2\/categories?post=159037"},{"taxonomy":"post_tag","embeddable":true,"href":"https:\/\/www.europesays.com\/pl\/wp-json\/wp\/v2\/tags?post=159037"}],"curies":[{"name":"wp","href":"https:\/\/api.w.org\/{rel}","templated":true}]}}