{"id":159039,"date":"2025-12-19T00:29:11","date_gmt":"2025-12-19T00:29:11","guid":{"rendered":"https:\/\/www.europesays.com\/pl\/159039\/"},"modified":"2025-12-19T00:29:11","modified_gmt":"2025-12-19T00:29:11","slug":"bedzie-zmiana-na-czele-pwc-agnieszka-gajewska-zostanie-nowa-szefowa-w-regionie-puls-biznesu","status":"publish","type":"post","link":"https:\/\/www.europesays.com\/pl\/159039\/","title":{"rendered":"B\u0119dzie zmiana na czele PwC. Agnieszka Gajewska zostanie now\u0105 szefow\u0105 w regionie &#8211; Puls Biznesu"},"content":{"rendered":"<p data-block-key=\"w4d9q\">W PwC Polka zast\u0105pi Polaka na czele ca\u0142ego regionu CEE, obejmuj\u0105cego 27 kraj\u00f3w i 13 tys. pracownik\u00f3w. Od lipca Adama Krasonia, kt\u00f3ry na czele polskiego oddzia\u0142u sta\u0142 od 2014 r., a ca\u0142ego regionu od dw\u00f3ch lat, zast\u0105pi Agnieszka Gajewska. Prezesem PwC Polska pozostaje Micha\u0142 Mastalerz.<\/p>\n<p data-block-key=\"2ht1q\">&#8222;Bardzo si\u0119 ciesz\u0119, \u017ce partnerzy PwC w Europie \u015arodkowo-Wschodniej powierzyli mi kierowanie firm\u0105 przez najbli\u017csze lata. To prze\u0142omowy czas dla us\u0142ug profesjonalnych w naszym regionie. Napi\u0119cia geopolityczne, zmiany gospodarcze i wp\u0142yw sztucznej inteligencji to czynniki, kt\u00f3re kszta\u0142tuj\u0105 rzeczywisto\u015b\u0107 biznesow\u0105 naszych klient\u00f3w&#8221; &#8211; m\u00f3wi Agnieszka Gajewska, cytowana w komunikacie firmy.<\/p>\n<p data-block-key=\"522pd\">Agnieszka Gajewska od czterech lat by\u0142a w PwC cz\u0142onkiem zarz\u0105du oraz liderem ds. klient\u00f3w i rynk\u00f3w. Jednocze\u015bnie w globalnych strukturach firmy pe\u0142ni funkcj\u0119 partnera zarz\u0105dzaj\u0105cego segmentu us\u0142ug dla sektora publicznego, obejmuj\u0105cego ponad 12 tys. pracownik\u00f3w, oraz wchodzi w sk\u0142ad globalnego komitetu steruj\u0105cego rozwojem AI w firmie.<\/p>\n<p data-block-key=\"e8qg1\">&#8211; Gratuluj\u0119 Agnieszce Gajewskiej wyboru na moj\u0105 nast\u0119pczyni\u0119 na stanowisku prezesa PwC CEE od 1 lipca 2026 r. Agnieszka jest liderk\u0105 z jasn\u0105 wizj\u0105 i g\u0142\u0119bokim zrozumieniem naszych rynk\u00f3w i klient\u00f3w. Jestem gotowy na wsp\u00f3\u0142prac\u0119 z ni\u0105 w nadchodz\u0105cych miesi\u0105cach, aby zapewni\u0107 p\u0142ynn\u0105 zmian\u0119 w zarz\u0105dzaniu firm\u0105 &#8211; m\u00f3wi Adam Kraso\u0144.<\/p>\n<p data-block-key=\"15qff\">Region CEE w PwC obejmuje 27 kraj\u00f3w (w tym kilka w Azji \u015arodkowej), w kt\u00f3rych w 47 biurach pracuje ponad 13 tys. pracownik\u00f3w, w tym 280 partner\u00f3w. Tylko w Polsce firma audytorsko-konsultingowa ma siedem biur i 7 tys. os\u00f3b na pok\u0142adzie.<\/p>\n","protected":false},"excerpt":{"rendered":"W PwC Polka zast\u0105pi Polaka na czele ca\u0142ego regionu CEE, obejmuj\u0105cego 27 kraj\u00f3w i 13 tys. pracownik\u00f3w. Od&hellip;\n","protected":false},"author":2,"featured_media":159040,"comment_status":"","ping_status":"","sticky":false,"template":"","format":"standard","meta":{"footnotes":""},"categories":[16],"tags":[113,112,42,38,40,39,41],"class_list":{"0":"post-159039","1":"post","2":"type-post","3":"status-publish","4":"format-standard","5":"has-post-thumbnail","7":"category-biznes","8":"tag-biznes","9":"tag-business","10":"tag-pl","11":"tag-poland","12":"tag-polish","13":"tag-polska","14":"tag-polski"},"share_on_mastodon":{"url":"https:\/\/pubeurope.com\/@pl\/115743409231727273","error":""},"_links":{"self":[{"href":"https:\/\/www.europesays.com\/pl\/wp-json\/wp\/v2\/posts\/159039","targetHints":{"allow":["GET"]}}],"collection":[{"href":"https:\/\/www.europesays.com\/pl\/wp-json\/wp\/v2\/posts"}],"about":[{"href":"https:\/\/www.europesays.com\/pl\/wp-json\/wp\/v2\/types\/post"}],"author":[{"embeddable":true,"href":"https:\/\/www.europesays.com\/pl\/wp-json\/wp\/v2\/users\/2"}],"replies":[{"embeddable":true,"href":"https:\/\/www.europesays.com\/pl\/wp-json\/wp\/v2\/comments?post=159039"}],"version-history":[{"count":0,"href":"https:\/\/www.europesays.com\/pl\/wp-json\/wp\/v2\/posts\/159039\/revisions"}],"wp:featuredmedia":[{"embeddable":true,"href":"https:\/\/www.europesays.com\/pl\/wp-json\/wp\/v2\/media\/159040"}],"wp:attachment":[{"href":"https:\/\/www.europesays.com\/pl\/wp-json\/wp\/v2\/media?parent=159039"}],"wp:term":[{"taxonomy":"category","embeddable":true,"href":"https:\/\/www.europesays.com\/pl\/wp-json\/wp\/v2\/categories?post=159039"},{"taxonomy":"post_tag","embeddable":true,"href":"https:\/\/www.europesays.com\/pl\/wp-json\/wp\/v2\/tags?post=159039"}],"curies":[{"name":"wp","href":"https:\/\/api.w.org\/{rel}","templated":true}]}}