{"id":159044,"date":"2025-12-19T00:32:18","date_gmt":"2025-12-19T00:32:18","guid":{"rendered":"https:\/\/www.europesays.com\/pl\/159044\/"},"modified":"2025-12-19T00:32:18","modified_gmt":"2025-12-19T00:32:18","slug":"koniec-jacka-kurskiego-w-pis-bedzie-wniosek-o-usuniecie-go-z-partii-3","status":"publish","type":"post","link":"https:\/\/www.europesays.com\/pl\/159044\/","title":{"rendered":"Koniec Jacka Kurskiego w PiS? B\u0119dzie wniosek o usuni\u0119cie go z partii"},"content":{"rendered":"<ul class=\"UnorderedList_container__nmfSl\">\n<li class=\"UnorderedList_listElement__Py7xi\" data-id=\"ai-summary-link\">Du\u017co czytania, a ma\u0142o czasu? Sprawd\u017a\u00a0skr\u00f3t\u00a0artyku\u0142u<\/li>\n<\/ul>\n<p class=\"Paragraph_desktopParagraph__U31Gm\">&#8222;W zwi\u0105zku z obrzydliwymi insynuacjami rozpocz\u0119\u0142a si\u0119 inicjatywa pos\u0142\u00f3w, niezale\u017cnie od frakcji i r\u00f3\u017cnic zda\u0144 w innych sprawach, zbieraj\u0105ca podpisy pod wnioskiem o usuniecie Jacka Kurskiego z Prawa i Sprawiedliwo\u015bci&#8221; \u2014 napisa\u0142 Waldemar Buda w mediach spo\u0142eczno\u015bciowych.<\/p>\n<p class=\"Paragraph_desktopParagraph__U31Gm\">Wcze\u015bniej Jacek Kurski zaatakowa\u0142 by\u0142ego premiera w rozmowie z TV Republika. \u2014 Mateusz Morawiecki mnie atakuje, jakobym mia\u0142 jaki\u015b k\u0142opot ze Smole\u0144skiem. Prosz\u0119, Mateusz, nigdy takich rzeczy nie m\u00f3w, jak nie sprawdzisz. Mateusz Morawiecki powiedzia\u0142 rzecz niedopuszczaln\u0105, \u017cebym w jakikolwiek spos\u00f3b si\u0119 zachowa\u0142 \u017ale wobec Smole\u0144ska. To jest nieprawda. Nigdy nie naruszy\u0142em sacrum \u015bmierci smole\u0144skiej. Je\u017celi by\u0142y jakie\u015b komentarze wynikaj\u0105ce z narracji politycznych, to one mia\u0142y trzeciorz\u0119dne znaczenie. Smole\u0144sk to jest \u015bwi\u0119to\u015b\u0107 \u2014 powiedzia\u0142 polityk.<\/p>\n<p class=\"VideoPlayerText_videoPlayerText__iDwyz\">Dalszy ci\u0105g materia\u0142u pod wideo<\/p>\n<ul class=\"OchatFollowUps_wrapper__1ry7X\">\n<li class=\"OchatFollowUps_item__Dhyly OchatFollowUps_itemDesktop__R6aBv\">Dlaczego politycy PiS chc\u0105 usun\u0105\u0107 Jacka Kurskiego?<\/li>\n<li class=\"OchatFollowUps_item__Dhyly OchatFollowUps_itemDesktop__R6aBv\">Co Jacek Kurski m\u00f3wi\u0142 o Mateuszu Morawieckim?<\/li>\n<li class=\"OchatFollowUps_item__Dhyly OchatFollowUps_itemDesktop__R6aBv\">Kto z\u0142o\u017cy\u0142 wniosek o usuni\u0119cie Kurskiego z partii?<\/li>\n<li class=\"OchatFollowUps_item__Dhyly OchatFollowUps_itemDesktop__R6aBv\">Jakie by\u0142y wcze\u015bniejsze zarzuty wobec Waldemara Budy?<\/li>\n<\/ul>\n<p>Ostre s\u0142owa Jacka Kurskiego o Mateuszu Morawieckim. &#8222;\u015aciska\u0142 si\u0119&#8221; <\/p>\n<p class=\"Paragraph_desktopParagraph__U31Gm\">Nast\u0119pnie stwierdzi\u0142, \u017ce &#8222;je\u017celi kto\u015b ma problem ze Smole\u0144skiem, to raczej Morawiecki&#8221;. Kurski nawi\u0105za\u0142 do cz\u0142onkostwa Morawieckiego w radzie gospodarczej premiera Donalda Tuska. By\u0142 w niej od marca 2010 r. przez blisko dwa lata.<\/p>\n<p class=\"Paragraph_desktopParagraph__U31Gm\">\u2014 Mateusz Morawiecki na miesi\u0105c przed Smole\u0144skiem odm\u00f3wi\u0142 Lechowi Kaczy\u0144skiemu przyst\u0105pienia do Narodowej Rady Rozwoju i przyj\u0105\u0142 ofert\u0119 od Donalda Tuska bycia jego doradc\u0105 w jego radzie gospodarczej. I miesi\u0105c po tym, jak \u015bciska\u0142 si\u0119 na wr\u0119czeniu tej nominacji z Donaldem Tuskiem, miesi\u0105c p\u00f3\u017aniej Donald Tusk tymi r\u0119kami \u015bciska\u0142 W\u0142adimira Putina nad zw\u0142okami Lecha Kaczy\u0144skiego, \u015bwi\u0119tej pami\u0119ci prezydenta, wielkiego, najwi\u0119kszego polskiego prezydenta \u2014 stwierdzi\u0142.<\/p>\n<p>Reakcja Jacka Kurskiego. &#8222;Najpierw op\u0142a\u0107 sk\u0142adki&#8221; <\/p>\n<p class=\"Paragraph_desktopParagraph__U31Gm\">Jacek Kurski w mediach spo\u0142eczno\u015bciowych odpowiedzia\u0142 na zarzuty Waldemara Budy. &#8222;Waldek, najpierw op\u0142a\u0107 sk\u0142adki, a potem bierz si\u0119 za wyrzucanie z Prawa i Sprawiedliwo\u015bci&#8221; \u2014 napisa\u0142 polityk.<\/p>\n<p class=\"Paragraph_desktopParagraph__U31Gm\">Nawi\u0105za\u0142 tym samym do wniosku Agnieszki Wojciechowskiej van Heukelom, kt\u00f3ra pod koniec listopada wyst\u0105pi\u0142a o zawieszenie Waldemara Budy w partii za &#8222;permanentne nieop\u0142acanie sk\u0142adem cz\u0142onkowskich&#8221;. \u2014 Wydaje nam si\u0119 to nieuczciwe wzgl\u0119dem wyborc\u00f3w \u2014 m\u00f3wi\u0142a w\u00f3wczas w rozmowie z TVN24.<\/p>\n","protected":false},"excerpt":{"rendered":"Du\u017co czytania, a ma\u0142o czasu? Sprawd\u017a\u00a0skr\u00f3t\u00a0artyku\u0142u &#8222;W zwi\u0105zku z obrzydliwymi insynuacjami rozpocz\u0119\u0142a si\u0119 inicjatywa pos\u0142\u00f3w, niezale\u017cnie od frakcji&hellip;\n","protected":false},"author":2,"featured_media":158371,"comment_status":"","ping_status":"","sticky":false,"template":"","format":"standard","meta":{"footnotes":""},"categories":[5],"tags":[25734,32,33,200,36,37,27,67,602,34,35,1656,28,31,53,25,52,68,51,55,42,38,40,39,41,868,47,5930,29,30,65,50,20622,26],"class_list":{"0":"post-159044","1":"post","2":"type-post","3":"status-publish","4":"format-standard","5":"has-post-thumbnail","7":"category-naglowki","8":"tag-agnieszka_wojciechowska_van_heukelom","9":"tag-breaking-news","10":"tag-breakingnews","11":"tag-donald_tusk_polityk","12":"tag-featured-news","13":"tag-featurednews","14":"tag-headlines","15":"tag-intextvideo_splayer","16":"tag-jacek_kurski_polityk","17":"tag-latest-news","18":"tag-latestnews","19":"tag-mateusz_morawiecki_polityk","20":"tag-naglowki","21":"tag-najwazniejsze-artykuly","22":"tag-new_header","23":"tag-news","24":"tag-onet3","25":"tag-onet3d","26":"tag-onet3d_2i","27":"tag-phx","28":"tag-pl","29":"tag-poland","30":"tag-polish","31":"tag-polska","32":"tag-polski","33":"tag-prawo_i_sprawiedliwosc_pis","34":"tag-screening_general","35":"tag-sejm_rp_posel_poslanka_poslowie","36":"tag-top-stories","37":"tag-topstories","38":"tag-update_me","39":"tag-v2021","40":"tag-waldemar_buda","41":"tag-wiadomosci"},"share_on_mastodon":{"url":"","error":"Validation failed: Text character limit of 500 exceeded"},"_links":{"self":[{"href":"https:\/\/www.europesays.com\/pl\/wp-json\/wp\/v2\/posts\/159044","targetHints":{"allow":["GET"]}}],"collection":[{"href":"https:\/\/www.europesays.com\/pl\/wp-json\/wp\/v2\/posts"}],"about":[{"href":"https:\/\/www.europesays.com\/pl\/wp-json\/wp\/v2\/types\/post"}],"author":[{"embeddable":true,"href":"https:\/\/www.europesays.com\/pl\/wp-json\/wp\/v2\/users\/2"}],"replies":[{"embeddable":true,"href":"https:\/\/www.europesays.com\/pl\/wp-json\/wp\/v2\/comments?post=159044"}],"version-history":[{"count":0,"href":"https:\/\/www.europesays.com\/pl\/wp-json\/wp\/v2\/posts\/159044\/revisions"}],"wp:featuredmedia":[{"embeddable":true,"href":"https:\/\/www.europesays.com\/pl\/wp-json\/wp\/v2\/media\/158371"}],"wp:attachment":[{"href":"https:\/\/www.europesays.com\/pl\/wp-json\/wp\/v2\/media?parent=159044"}],"wp:term":[{"taxonomy":"category","embeddable":true,"href":"https:\/\/www.europesays.com\/pl\/wp-json\/wp\/v2\/categories?post=159044"},{"taxonomy":"post_tag","embeddable":true,"href":"https:\/\/www.europesays.com\/pl\/wp-json\/wp\/v2\/tags?post=159044"}],"curies":[{"name":"wp","href":"https:\/\/api.w.org\/{rel}","templated":true}]}}