{"id":159045,"date":"2025-12-19T00:33:05","date_gmt":"2025-12-19T00:33:05","guid":{"rendered":"https:\/\/www.europesays.com\/pl\/159045\/"},"modified":"2025-12-19T00:33:05","modified_gmt":"2025-12-19T00:33:05","slug":"tylko-zobacz-co-zrobil-krzysztof-ratajski-na-ms-cala-hala-zaczela-krzyczec-przeglad-sportowy-onet","status":"publish","type":"post","link":"https:\/\/www.europesays.com\/pl\/159045\/","title":{"rendered":"Tylko zobacz co zrobi\u0142 Krzysztof Ratajski na M\u015a! Ca\u0142a hala zacz\u0119\u0142a krzycze\u0107 &#8211; Przegl\u0105d Sportowy Onet"},"content":{"rendered":"<ol>\n<li><a href=\"https:\/\/news.google.com\/rss\/articles\/CBMixgFBVV95cUxPTXp4U3lTSmFSMk1UYXhiUnRZbk1NUk1BQTkxRUM4djBEb1R4Sy01Y0toNFF0VWZ3MzkyLWVGSThNZ2ZLRWFGRnc5OG5NLWZadTN0OGcwMmhDOFVBX3dmckVSTVhRdzg4cW1sVGQtTklYRmh1NjRzMmQ2ZUFpX0ZOZXN4ODVFbUYzTU91RDFuM3NudE9BejRRbERWVVc2TGQ3X25VWVdIMXVOYTNXa011ajd1MF9PeVJWSzN2Y0FOS2xHT0l5SWc?oc=5\" target=\"_blank\" rel=\"nofollow noopener\">Tylko zobacz co zrobi\u0142 Krzysztof Ratajski na M\u015a! Ca\u0142a hala zacz\u0119\u0142a krzycze\u0107<\/a>&nbsp;&nbsp;Przegl\u0105d Sportowy Onet<\/li>\n<li><a href=\"https:\/\/news.google.com\/rss\/articles\/CBMiwgFBVV95cUxQTXZMT1BjT19aVXpYdW5qcDVFSnN4dFRnRVVGQ0FNQVFaM3ZtSEkxZ3dab0RKTVNCLWgxUkU0d3JnaS00aC1hRVBCaWNQa3FHTmFheE9VYUl3YVRHYUJLLUNEOW5PeENfUWZqNFBhRGNZQ1FOMWlkb2M4OE5mOVpuYUpyQ3lEeWRYUnA0cWRQd09sX1FjYUU2dGtXQnVVVXVRZ08zdVVjcjJPRmszdzZpQ0pXZnFFUEtfb0xSUW9zcmgzQQ?oc=5\" target=\"_blank\" rel=\"nofollow noopener\">Ratajski rozpoczyna gr\u0119 na M\u015a! Ogl\u0105daj mecz 1. rundy w TVP<\/a>&nbsp;&nbsp;sport.tvp.pl<\/li>\n<li><a href=\"https:\/\/news.google.com\/rss\/articles\/CBMitgFBVV95cUxQN2J3Z1RvLUhBdkJtZkxHZm4zcTZtSTJsd2JBVUlxOE5RbHVlOWlKWXg5emNORU9ITlRsVkpicXJRRHN5Q1B4bVdINWpSOHQ3QU0wNDl6QlVwM0d2THhtRWFiOFhrRnVDakNYMnV5emdnUllQTTZMZzM5bTU4Zm5HMUotbXQyU2RVelp4U0VPdUdlU0lGRmFCUEtpV3JoQW9WSWpnZXJuYk90RUwyZTRmeWtPVzNjQQ?oc=5\" target=\"_blank\" rel=\"nofollow noopener\">Popis Polaka na M\u015a. Po p\u00f3\u0142nocy postawi\u0142 stempel na drodze po 5 milion\u00f3w<\/a>&nbsp;&nbsp;Sport w INTERIA.PL<\/li>\n<li><a href=\"https:\/\/news.google.com\/rss\/articles\/CBMioAFBVV95cUxQR1lueGZpXzYxWkRheEQ3VHdraTlMR2l5NzEzZWhNUk9KRzRTdDFxZEpWR3ZqRWMzeWF2eHNyaGE4RXdVRVluYjB5UDYxa004QW84YlVObGxBUjlNYVpMelBsX2xNNHRsZUdKdEQ4aWdnMU82eDBWMUhFWXVZREJvOWg3clpHSFFmYktISE5JcEVpZ0I1LVJEN2hVZXJVaElF?oc=5\" target=\"_blank\" rel=\"nofollow noopener\">Polak zmia\u017cd\u017cy\u0142 rywala na mistrzostwach \u015bwiata. Pewny awans<\/a>&nbsp;&nbsp;Meczyki.pl<\/li>\n<li><a href=\"https:\/\/news.google.com\/rss\/articles\/CBMivgFBVV95cUxQWTdKU2ZVX1lWdWltb1ljQ3E1WTBPdmQ0SERtRG1waG1jS29WbkNGaGhpYk9hTHpVRlRlVjVXSnZabUVKRTJYOTBYajY1WFpfbDctVkt2emJJYnBxdUMtZlBCVGtla21qbzU5VmdIVFc2YjZubmZlQmRPLXJRcGg2UnZiam1vTTZoLS1aRHg1OTNDTWVEd0dYWkJ3WEZyaGxXM2Q0eEpMaHV2OVVzdlY1Y3hNRzcycjNiMXNhOVBB?oc=5\" target=\"_blank\" rel=\"nofollow noopener\">Kr\u00f3tko, wolno i w nocy. Krzysztof Ratajski z awansem do II rundy mistrzostw \u015bwiata<\/a>&nbsp;&nbsp;SportoweFakty<\/li>\n<\/ol>\n","protected":false},"excerpt":{"rendered":"Tylko zobacz co zrobi\u0142 Krzysztof Ratajski na M\u015a! Ca\u0142a hala zacz\u0119\u0142a krzycze\u0107&nbsp;&nbsp;Przegl\u0105d Sportowy Onet Ratajski rozpoczyna gr\u0119 na&hellip;\n","protected":false},"author":2,"featured_media":159046,"comment_status":"","ping_status":"","sticky":false,"template":"","format":"standard","meta":{"footnotes":""},"categories":[24],"tags":[10622,67,31513,42,38,40,39,41,136,128,47,31512,127,135,126,130],"class_list":{"0":"post-159045","1":"post","2":"type-post","3":"status-publish","4":"format-standard","5":"has-post-thumbnail","7":"category-sport","8":"tag-inne_sporty","9":"tag-intextvideo_splayer","10":"tag-krzysztof_ratajski","11":"tag-pl","12":"tag-poland","13":"tag-polish","14":"tag-polska","15":"tag-polski","16":"tag-ps_detal_new","17":"tag-psv2","18":"tag-screening_general","19":"tag-sebastian_bialecki","20":"tag-sport","21":"tag-sport_sport","22":"tag-sports","23":"tag-wiadomosci_sportowe"},"share_on_mastodon":{"url":"https:\/\/pubeurope.com\/@pl\/115743424912083900","error":""},"_links":{"self":[{"href":"https:\/\/www.europesays.com\/pl\/wp-json\/wp\/v2\/posts\/159045","targetHints":{"allow":["GET"]}}],"collection":[{"href":"https:\/\/www.europesays.com\/pl\/wp-json\/wp\/v2\/posts"}],"about":[{"href":"https:\/\/www.europesays.com\/pl\/wp-json\/wp\/v2\/types\/post"}],"author":[{"embeddable":true,"href":"https:\/\/www.europesays.com\/pl\/wp-json\/wp\/v2\/users\/2"}],"replies":[{"embeddable":true,"href":"https:\/\/www.europesays.com\/pl\/wp-json\/wp\/v2\/comments?post=159045"}],"version-history":[{"count":0,"href":"https:\/\/www.europesays.com\/pl\/wp-json\/wp\/v2\/posts\/159045\/revisions"}],"wp:featuredmedia":[{"embeddable":true,"href":"https:\/\/www.europesays.com\/pl\/wp-json\/wp\/v2\/media\/159046"}],"wp:attachment":[{"href":"https:\/\/www.europesays.com\/pl\/wp-json\/wp\/v2\/media?parent=159045"}],"wp:term":[{"taxonomy":"category","embeddable":true,"href":"https:\/\/www.europesays.com\/pl\/wp-json\/wp\/v2\/categories?post=159045"},{"taxonomy":"post_tag","embeddable":true,"href":"https:\/\/www.europesays.com\/pl\/wp-json\/wp\/v2\/tags?post=159045"}],"curies":[{"name":"wp","href":"https:\/\/api.w.org\/{rel}","templated":true}]}}