{"id":159048,"date":"2025-12-19T00:36:17","date_gmt":"2025-12-19T00:36:17","guid":{"rendered":"https:\/\/www.europesays.com\/pl\/159048\/"},"modified":"2025-12-19T00:36:17","modified_gmt":"2025-12-19T00:36:17","slug":"regiojet-broni-sie-przed-zarzutami-utk","status":"publish","type":"post","link":"https:\/\/www.europesays.com\/pl\/159048\/","title":{"rendered":"RegioJet broni si\u0119 przed zarzutami UTK"},"content":{"rendered":"<p>RegioJet sprzeciwia si\u0119 twierdzeniom, jakoby dopu\u015bci\u0142a si\u0119 dzia\u0142a\u0144 niezgodnych z prawem lub naruszy\u0142a interesy pasa\u017cer\u00f3w, jak podaje Urz\u0105d Transportu Kolejowego w swoim komunikacie prasowym.<\/p>\n<blockquote>\n<p>Jeste\u015bmy \u015bwiadomi, \u017ce w pocz\u0105tkowej fazie dzia\u0142alno\u015bci w Polsce nie uda\u0142o nam si\u0119 uruchomi\u0107 wszystkich planowanych po\u0142\u0105cze\u0144 w zakresie, kt\u00f3ry pierwotnie og\u0142osili\u015bmy. Proces rekrutacji niekt\u00f3rych stanowisk, w szczeg\u00f3lno\u015bci kierownik\u00f3w poci\u0105g\u00f3w, przebiega wolniej, ni\u017c by\u015bmy sobie \u017cyczyli, jednak nadal trwa, a osobom zainteresowanym zatrudnieniem oferujemy znacznie lepsze warunki ni\u017c inni przewo\u017anicy kolejowi. Jednocze\u015bnie wyst\u0105pi\u0142y op\u00f3\u017anienia w budowie zaplecza technicznego. Nie zaprzeczamy tym faktom i otwarcie je komunikujemy. Intensywnie pracujemy, aby wszystkie planowane po\u0142\u0105czenia mog\u0142y zosta\u0107 uruchomione w mo\u017cliwie najkr\u00f3tszym czasie \u2013 czytamy w stanowisku RegioJet.<\/p>\n<\/blockquote>\n<p>Czeski przewo\u017anik przypomina, \u017ce wszyscy pasa\u017cerowie dotkni\u0119ci op\u00f3\u017anieniami zostali\u00a0 przeproszeni, a op\u0142aty za bilety zwr\u00f3cone niezw\u0142ocznie w pe\u0142nej wysoko\u015bci, bez konieczno\u015bci sk\u0142adania reklamacji. Dodatkowo, jako rekompensat\u0119, przyznano bonus w wysoko\u015bci 100 z\u0142. R\u00f3wnocze\u015bnie zaproponowano alternatywne rozwi\u0105zanie. Poci\u0105gi na trasie Krak\u00f3w\u2013Warszawa\u2013Gdynia kursuj\u0105 codziennie.<\/p>\n<blockquote>\n<p>Odrzucamy twierdzenie, \u017ce firma RegioJet odwo\u0142a\u0142a ponad tysi\u0105c po\u0142\u0105cze\u0144, czyli do 250 tysi\u0119cy miejsc, jak podaje PKP Intercity. Informacja ta jest nieprawdziwa. Uwa\u017camy r\u00f3wnie\u017c za niew\u0142a\u015bciwe, \u017ce UTK w swoim komunikacie prasowym wymienia wy\u0142\u0105cznie RegioJet, podczas gdy na wsp\u00f3lnym spotkaniu z przedstawicielami przewo\u017anik\u00f3w, organizator\u00f3w transportu publicznego i zarz\u0105dcy infrastruktury poinformowano, \u017ce jeden z przewo\u017anik\u00f3w ma problemy znacznie wi\u0119kszej skali z realizacj\u0105 swoich zobowi\u0105za\u0144 ni\u017c RegioJet \u2013 zauwa\u017ca czeska sp\u00f3\u0142ka.<\/p>\n<\/blockquote>\n<p>RegioJet zwraca uwag\u0119, \u017ce do zada\u0144 Urz\u0119du Transportu Kolejowego nale\u017cy przede wszystkim rzetelny i r\u00f3wny nadz\u00f3r nad ca\u0142ym rynkiem oraz ochrona konkurencji, w tym mniejszych i nowych przewo\u017anik\u00f3w.<\/p>\n<blockquote>\n<p>Obecne dzia\u0142ania UTK budz\u0105 niestety obawy, \u017ce celem mo\u017ce by\u0107 odebranie ju\u017c przydzielonych pojemno\u015bci firmie RegioJet na rzecz pa\u0144stwowego przewo\u017anika PKP Intercity \u2013 uwa\u017ca czeski przewo\u017anik.<\/p>\n<\/blockquote>\n<p>RegioJet przypomina, \u017ce prowadzi swoje poci\u0105gi na w\u0142asne ryzyko komercyjne, bez \u017cadnych dotacji.<\/p>\n<p>Konkurencja, kt\u00f3r\u0105 wprowadzamy, ma udowodniony pozytywny wp\u0142yw \u2013 w ci\u0105gu zaledwie trzech miesi\u0119cy naszej dzia\u0142alno\u015bci dosz\u0142o do znacz\u0105cego obni\u017cenia cen bilet\u00f3w r\u00f3wnie\u017c przez PKP Intercity. Zwyci\u0119zcami tej konkurencji s\u0105 przede wszystkim pasa\u017cerowie, kt\u00f3rzy maj\u0105 szerszy wyb\u00f3r po\u0142\u0105cze\u0144 i korzystniejsze ceny \u2013 podkre\u015bla RegioJet.<\/p>\n<p data-start=\"105\" data-end=\"392\">Przypomnijmy, \u017ce cho\u0107 RegioJet zapowiada\u0142 znaczn\u0105 rozbudow\u0119 siatki po\u0142\u0105cze\u0144 w Polsce, start us\u0142ug okaza\u0142 si\u0119 skromniejszy, ni\u017c pierwotnie planowano. Na trasie Krak\u00f3w \u2013 Warszawa czeski przewo\u017anik uruchomi\u0142 zaledwie po\u0142ow\u0119 po\u0142\u0105cze\u0144. <a href=\"https:\/\/kolejowyportal.pl\/regiojet-zmienia-plany-nie-bedzie-polaczen-warszawa-poznan\/\" rel=\"nofollow noopener\" target=\"_blank\">Nie wystartowa\u0142y tak\u017ce poci\u0105gi z Warszawy do Poznania.<\/a><\/p>\n<p data-start=\"399\" data-end=\"552\"><a href=\"https:\/\/kolejowyportal.pl\/regiojet-przeprasza-pasazerow-i-oferuje-100-zl-rekompensaty\/\" rel=\"nofollow noopener\" target=\"_blank\">Nowe po\u0142\u0105czenia mi\u0119dzy Krakowem, Warszaw\u0105 a Tr\u00f3jmiastem maj\u0105 pojawia\u0107 si\u0119 sukcesywnie od po\u0142owy stycznia<\/a>, a po\u0142\u0105czenia stolicy z Poznaniem \u2014 od 1 lutego.<\/p>\n","protected":false},"excerpt":{"rendered":"RegioJet sprzeciwia si\u0119 twierdzeniom, jakoby dopu\u015bci\u0142a si\u0119 dzia\u0142a\u0144 niezgodnych z prawem lub naruszy\u0142a interesy pasa\u017cer\u00f3w, jak podaje Urz\u0105d&hellip;\n","protected":false},"author":2,"featured_media":159049,"comment_status":"","ping_status":"","sticky":false,"template":"","format":"standard","meta":{"footnotes":""},"categories":[16],"tags":[113,112,1195,42,38,40,39,41,1196,10373],"class_list":{"0":"post-159048","1":"post","2":"type-post","3":"status-publish","4":"format-standard","5":"has-post-thumbnail","7":"category-biznes","8":"tag-biznes","9":"tag-business","10":"tag-pkp-intercity","11":"tag-pl","12":"tag-poland","13":"tag-polish","14":"tag-polska","15":"tag-polski","16":"tag-regiojet","17":"tag-utk"},"share_on_mastodon":{"url":"https:\/\/pubeurope.com\/@pl\/115743436715473354","error":""},"_links":{"self":[{"href":"https:\/\/www.europesays.com\/pl\/wp-json\/wp\/v2\/posts\/159048","targetHints":{"allow":["GET"]}}],"collection":[{"href":"https:\/\/www.europesays.com\/pl\/wp-json\/wp\/v2\/posts"}],"about":[{"href":"https:\/\/www.europesays.com\/pl\/wp-json\/wp\/v2\/types\/post"}],"author":[{"embeddable":true,"href":"https:\/\/www.europesays.com\/pl\/wp-json\/wp\/v2\/users\/2"}],"replies":[{"embeddable":true,"href":"https:\/\/www.europesays.com\/pl\/wp-json\/wp\/v2\/comments?post=159048"}],"version-history":[{"count":0,"href":"https:\/\/www.europesays.com\/pl\/wp-json\/wp\/v2\/posts\/159048\/revisions"}],"wp:featuredmedia":[{"embeddable":true,"href":"https:\/\/www.europesays.com\/pl\/wp-json\/wp\/v2\/media\/159049"}],"wp:attachment":[{"href":"https:\/\/www.europesays.com\/pl\/wp-json\/wp\/v2\/media?parent=159048"}],"wp:term":[{"taxonomy":"category","embeddable":true,"href":"https:\/\/www.europesays.com\/pl\/wp-json\/wp\/v2\/categories?post=159048"},{"taxonomy":"post_tag","embeddable":true,"href":"https:\/\/www.europesays.com\/pl\/wp-json\/wp\/v2\/tags?post=159048"}],"curies":[{"name":"wp","href":"https:\/\/api.w.org\/{rel}","templated":true}]}}