{"id":159070,"date":"2025-12-19T00:50:18","date_gmt":"2025-12-19T00:50:18","guid":{"rendered":"https:\/\/www.europesays.com\/pl\/159070\/"},"modified":"2025-12-19T00:50:18","modified_gmt":"2025-12-19T00:50:18","slug":"usprawnienie-czy-inwigilacja-internauci-o-krajowym-systemie-e-faktur","status":"publish","type":"post","link":"https:\/\/www.europesays.com\/pl\/159070\/","title":{"rendered":"Usprawnienie czy inwigilacja? Internauci o Krajowym Systemie e-Faktur"},"content":{"rendered":"<p>KSeF oczami internaut\u00f3w <\/p>\n<p class=\"Paragraph_desktopParagraph__U31Gm\">Eksperci z Instytutu Monitorowania Medi\u00f3w (IMM) zbadali dyskusje wok\u00f3\u0142 tematu w mediach spo\u0142eczno\u015bciowych. Analiza ukazuje obraz g\u0142\u0119bokiej polaryzacji \u2014 od obaw o inwigilacj\u0119 i utrat\u0119 tajemnicy handlowej po postrzeganie systemu jako &#8222;nieunikniony krok w stron\u0119 cyfryzacji&#8221;. IMM przeanalizowa\u0142 tak\u017ce obecno\u015b\u0107 tematu w mediach klasycznych i wytypowa\u0142 \u017ar\u00f3d\u0142a najcz\u0119\u015bciej informuj\u0105ce o rz\u0105dowej reformie.<\/p>\n<ul class=\"OchatFollowUps_wrapper__1ry7X\">\n<li class=\"OchatFollowUps_item__Dhyly OchatFollowUps_itemDesktop__R6aBv\">Jakie obawy maj\u0105 internauci dotycz\u0105ce Krajowego Systemu e-Faktur?<\/li>\n<li class=\"OchatFollowUps_item__Dhyly OchatFollowUps_itemDesktop__R6aBv\">Co przedsi\u0119biorcy uwa\u017caj\u0105 za zagro\u017cenie zwi\u0105zane z KSeF?<\/li>\n<li class=\"OchatFollowUps_item__Dhyly OchatFollowUps_itemDesktop__R6aBv\">Jakie s\u0105 potencjalne korzy\u015bci wynikaj\u0105ce z wdro\u017cenia KSeF?<\/li>\n<li class=\"OchatFollowUps_item__Dhyly OchatFollowUps_itemDesktop__R6aBv\">Jakie media najcz\u0119\u015bciej informuj\u0105 o Krajowym Systemie e-Faktur?<\/li>\n<\/ul>\n<p class=\"Paragraph_desktopParagraph__U31Gm\">Wdro\u017cenie krajowego systemu fakturowania budzi coraz wi\u0119ksze zainteresowanie zar\u00f3wno w mediach klasycznych, jak i spo\u0142eczno\u015bciowych. Analitycy IMM zauwa\u017cyli, \u017ce w analizowanym okresie liczba publikacji na ten temat niemal si\u0119 podwoi\u0142a \u2014 od 3,2 tys. przekaz\u00f3w w sierpniu br. do 5,9 tys. w listopadzie 2025 r.<\/p>\n<p><img decoding=\"async\" class=\"Image_image__0tuHp Image_autoHeight__f2n87 \" height=\"470\" width=\"940\" src=\"https:\/\/www.europesays.com\/pl\/wp-content\/uploads\/2025\/12\/Pd5k9kpTURBXy9kMTFlMDAzNTQ3ZTM5ZTNmZjM3Y2Y5YjMwODNiM2Q4Ny5wbmeSlQLNA6wAwsOVAgDNAkvCw94AA6EwAaExAaEzw.jpeg\" alt=\"imm-ksef-01\" loading=\"lazy\" \/>IMM<\/p>\n<p>imm-ksef-01<\/p>\n<p class=\"Paragraph_desktopParagraph__U31Gm\">Szczeg\u00f3\u0142owej analizie zosta\u0142y poddane dyskusje w mediach spo\u0142eczno\u015bciowych wok\u00f3\u0142 KSeF. W zwi\u0105zku z planowanymi zmianami internauci dziel\u0105 si\u0119 licznymi obawami \u2014 g\u0142osy krytyczne koncentruj\u0105 si\u0119 na zagro\u017ceniach dla prywatno\u015bci, nieproporcjonalnych obci\u0105\u017ceniach dla najmniejszych firm oraz chaosie organizacyjnym towarzysz\u0105cym implementacji systemu.<\/p>\n<p>KSeF jako &#8222;narz\u0119dzie inwigilacji&#8221;? <\/p>\n<p class=\"Paragraph_desktopParagraph__U31Gm\">Jedn\u0105 z najcz\u0119stszych obaw jest l\u0119k przed masow\u0105 inwigilacj\u0105 ze strony aparatu skarbowego, kt\u00f3ry poprzez KSeF uzyska bezprecedensowy wgl\u0105d w dzia\u0142alno\u015b\u0107 firm. System jest przez cz\u0119\u015b\u0107 przedsi\u0119biorc\u00f3w postrzegany jako narz\u0119dzie kontroli. Przedsi\u0119biorcy obawiaj\u0105 si\u0119, \u017ce b\u0119d\u0105 musieli &#8222;spowiada\u0107 si\u0119 rz\u0105dowi i s\u0142u\u017cbom z ka\u017cdej transakcji&#8221;. Zaniepokojenie internaut\u00f3w budzi tak\u017ce ryzyko utraty tajemnicy handlowej.<\/p>\n<p class=\"Paragraph_desktopParagraph__U31Gm\">Centralna baza danych, zawieraj\u0105ca szczeg\u00f3\u0142owe informacje o kontrahentach, cenach, mar\u017cach i wolumenach sprzeda\u017cy, jest postrzegana jako zagro\u017cenie dla biznesu. Eksperci IMM zidentyfikowali najcz\u0119\u015bciej wzmiankowane w komentarzach obawy internaut\u00f3w zwi\u0105zane z tym w\u0105tkiem:<\/p>\n<ul class=\"UnorderedList_container__nmfSl\">\n<li class=\"UnorderedList_listElement__Py7xi UnorderedList_listElementDefault__oEOOV\">Ryzyko wycieku wra\u017cliwych danych: istnieje obawa, \u017ce scentralizowane informacje mog\u0105 trafi\u0107 &#8222;w niepowo\u0142ane r\u0119ce w celu zniszczenia konkurencji&#8221;, a nawet pos\u0142u\u017cy\u0107 do wrogich przej\u0119\u0107.<\/li>\n<li class=\"UnorderedList_listElement__Py7xi UnorderedList_listElementDefault__oEOOV\">Pe\u0142na kontrola transakcji: przedsi\u0119biorcy postrzegaj\u0105 system jako narz\u0119dzie &#8222;totalnej inwigilacji&#8221; i zwiastun &#8222;ko\u0144ca tajemnicy handlowej&#8221;, gdzie ka\u017cda operacja gospodarcza b\u0119dzie widoczna dla urz\u0119dnik\u00f3w w czasie rzeczywistym.<\/li>\n<li class=\"UnorderedList_listElement__Py7xi UnorderedList_listElementDefault__oEOOV\">Nadu\u017cycia ze strony administracji: pojawiaj\u0105 si\u0119 podejrzenia, \u017ce zgromadzone dane mog\u0105 by\u0107 wykorzystywane do cel\u00f3w pozapodatkowych, w tym przez s\u0142u\u017cby specjalne, lub do wywierania presji na konkretne podmioty gospodarcze.<\/li>\n<\/ul>\n<p>Obawy ma\u0142ych i \u015brednich firm <\/p>\n<p class=\"Paragraph_desktopParagraph__U31Gm\">W dyskusjach w mediach spo\u0142eczno\u015bciowych pojawia si\u0119 tak\u017ce argument, \u017ce KSeF stanowi nieproporcjonalne obci\u0105\u017cenie dla sektora M\u015aP, a w szczeg\u00f3lno\u015bci dla jednoosobowych dzia\u0142alno\u015bci gospodarczych. Wielu komentuj\u0105cych przewiduje, \u017ce reforma doprowadzi do masowej likwidacji najmniejszych podmiot\u00f3w. Jako najcz\u0119\u015bciej wzmiankowane przez komentuj\u0105cych zagro\u017cenia w tym obszarze analitycy IMM wytypowali:<\/p>\n<ul class=\"UnorderedList_container__nmfSl\">\n<li class=\"UnorderedList_listElement__Py7xi UnorderedList_listElementDefault__oEOOV\">Koszty wdro\u017cenia \u2014 potrzeba p\u0142acenia za &#8222;nowe oprogramowania&#8221;, co jest postrzegane jako spos\u00f3b na &#8222;zarobienie na tym systemie&#8221; przez firmy IT.<\/li>\n<li class=\"UnorderedList_listElement__Py7xi UnorderedList_listElementDefault__oEOOV\">Zwi\u0119kszona biurokracja \u2014 konieczno\u015b\u0107 po\u015bwi\u0119cania czasu na &#8222;siedzenie w papirologii, zamiast skupi\u0107 si\u0119 na zarabianiu pieni\u0119dzy&#8221;.<\/li>\n<li class=\"UnorderedList_listElement__Py7xi UnorderedList_listElementDefault__oEOOV\">Bariera technologiczna \u2014 problem dla os\u00f3b, kt\u00f3re &#8222;pisz\u0105 r\u0119czne faktury&#8221; lub maj\u0105 trudno\u015bci z &#8222;podstawow\u0105 obs\u0142ug\u0105 komputera&#8221;.<\/li>\n<li class=\"UnorderedList_listElement__Py7xi UnorderedList_listElementDefault__oEOOV\">Ryzyko likwidacji \u2014 przewidywania, \u017ce &#8222;90 proc. JDG zniknie&#8221; lub \u017ce system &#8222;zaorze praktycznie wszystkie JDG i ma\u0142e firmy&#8221;.<\/li>\n<\/ul>\n<p>Chaos wdro\u017ceniowy i nieprzygotowanie systemu <\/p>\n<p class=\"Paragraph_desktopParagraph__U31Gm\">Kolejnym cz\u0119sto przytaczanym w\u0105tkiem jest techniczne i organizacyjne nieprzygotowanie pa\u0144stwa do wdro\u017cenia tak skomplikowanej reformy. Przedsi\u0119biorcy wskazuj\u0105, \u017ce nawet \u015brodowiska testowe &#8222;niezbyt dobrze dzia\u0142aj\u0105&#8221;, a sama implementacja mo\u017ce w konsekwencji &#8222;zatrzyma\u0107 gospodark\u0119&#8221;.<\/p>\n<p class=\"Paragraph_desktopParagraph__U31Gm\">W dyskusji przytaczane s\u0105 tak\u017ce przyk\u0142ady z zagranicy \u2014 komentuj\u0105cy pisz\u0105, \u017ce &#8222;wszystkie kraje odroczy\u0142y KSeF&#8221; (mimo \u017ce informacja ta nie jest zgodna z prawd\u0105), a polski rz\u0105d, wprowadzaj\u0105c system, &#8222;wychodzi przed szereg&#8221;, nara\u017caj\u0105c rodzimy biznes na niepotrzebne ryzyko. Istotnym problemem jest r\u00f3wnie\u017c brak finalnych rozporz\u0105dze\u0144 wykonawczych, co uniemo\u017cliwia firmom i dostawcom oprogramowania pe\u0142ne przygotowanie si\u0119 do zmian. Problem ten mi\u0119dzy innymi podsumowuje pytanie jednego z internaut\u00f3w: &#8222;Jak my mamy to wdro\u017cy\u0107, jak nie wiemy co?&#8221;<\/p>\n<p>Nie tylko obawy. Przedsi\u0119biorcy dostrzegaj\u0105 potencja\u0142 systemu <\/p>\n<p class=\"Paragraph_desktopParagraph__U31Gm\">Pomimo dominacji g\u0142os\u00f3w krytycznych, w dyskusji pojawiaj\u0105 si\u0119 r\u00f3wnie\u017c argumenty wskazuj\u0105ce na potencjalne korzy\u015bci zwi\u0105zane z wdro\u017ceniem KSeF. Internauci postrzegaj\u0105 system jako narz\u0119dzie modernizacji, usprawnienia proces\u00f3w biznesowych oraz skuteczny instrument do walki z szar\u0105 stref\u0105.<\/p>\n<p class=\"Paragraph_desktopParagraph__U31Gm\">Media klasyczne dominuj\u0105cym \u017ar\u00f3d\u0142em informacji o KSeF<\/p>\n<p class=\"Paragraph_desktopParagraph__U31Gm\">Temat KSeF jest stale obecny w social mediach i budzi w nich silne emocje, jednak to media klasyczne odpowiadaj\u0105 za blisko 75 proc. zasi\u0119gu tre\u015bci dotycz\u0105cych rz\u0105dowej inicjatywy. W analizowanym okresie w prasie, radiu, telewizji i portalach informacyjnych ukaza\u0142o si\u0119 13,5 tys. publikacji o zasi\u0119gu szacowanym na 162,7 mln potencjalnych kontakt\u00f3w z przekazem.<\/p>\n<p><img decoding=\"async\" class=\"Image_image__0tuHp Image_autoHeight__f2n87 \" height=\"470\" width=\"940\" src=\"https:\/\/www.europesays.com\/pl\/wp-content\/uploads\/2025\/12\/jEOk9kpTURBXy80OTFlMDM4ODJhNGRjOTI4YmJmMmUwZmJhNWRhMzJmZC5wbmeSlQLNA6wAwsOVAgDNAkvCw94AA6EwAaExAaEzw.jpeg\" alt=\"imm-ksef-02\" loading=\"lazy\" \/>IMM<\/p>\n<p>imm-ksef-02<\/p>\n<p class=\"Paragraph_desktopParagraph__U31Gm\">Eksperci IMM sprawdzili tak\u017ce, kt\u00f3re media najcz\u0119\u015bciej podejmuj\u0105 ten temat. Z analizy wynika, \u017ce najwi\u0119cej materia\u0142\u00f3w ukazuje si\u0119 w mediach o tematyce biznesowej i prawnej. W\u015br\u00f3d stacji radiowych i telewizyjnych dominuje Biznes24 (849 publikacji), wyprzedzaj\u0105c Radio TOK FM i PR24. W internecie najwi\u0119cej informacji dostarczaj\u0105 serwisy inforlex.pl oraz ksiegowosc.infor.pl, a tak\u017ce oficjalny portal gov.pl. W kategorii prasy drukowanej liderem pozostaje &#8222;Dziennik Gazeta Prawna&#8221; przed &#8222;Rzeczpospolit\u0105&#8221; i &#8222;Gazet\u0105 Podatkow\u0105&#8221;.<\/p>\n<p><img decoding=\"async\" class=\"Image_image__0tuHp Image_autoHeight__f2n87 \" height=\"470\" width=\"940\" src=\"https:\/\/www.europesays.com\/pl\/wp-content\/uploads\/2025\/12\/CJgk9kpTURBXy8wNjE2Zjc4ZTQ1ZjI0ODIxNjYxMzFkNmViZTM2ZjY2My5wbmeSlQLNA6wAwsOVAgDNAkvCw94AA6EwAaExAaEzw.jpeg\" alt=\"imm-ksef-03\" loading=\"lazy\" \/>IMM<\/p>\n<p>imm-ksef-03<\/p>\n<p class=\"Paragraph_desktopParagraph__U31Gm\">Analiza nastroj\u00f3w zwi\u0105zanych z wdro\u017ceniem Krajowego Systemu e-Faktur ukazuje obraz g\u0142\u0119bokiej polaryzacji \u2014 z jednej strony KSeF jest postrzegany jako narz\u0119dzie modernizacji, uszczelnienia systemu podatkowego i nieunikniony krok w stron\u0119 cyfryzacji gospodarki. Z drugiej strony, w\u015br\u00f3d komentarzy dominuje wizja systemu jako instrumentu opresji i inwigilacji ma\u0142ych firm \u2014 komentuje Tomasz Lubieniecki, Kierownik Dzia\u0142u Raport\u00f3w Medialnych w IMM.<\/p>\n<p class=\"Paragraph_desktopParagraph__U31Gm\">\u2014 Oficjalna narracja o korzy\u015bciach nie przebija si\u0119 skutecznie do \u015bwiadomo\u015bci szerszego grona przedsi\u0119biorc\u00f3w. Koncentruj\u0105 si\u0119 oni raczej na bezpo\u015brednich kosztach, barierach technologicznych, ryzyku utraty tajemnicy handlowej i chaosie legislacyjnym. Powodzenie reformy KSeF zale\u017cy zatem nie tylko od stabilno\u015bci technologicznej systemu, ale przede wszystkim od zdolno\u015bci administracji do zbudowania zaufania sektora M\u015aP \u2014 dodaje Tomasz Lubieniecki z IMM.<\/p>\n<p class=\"Paragraph_desktopParagraph__U31Gm\">Analiz\u0119 przeprowadzono na podstawie przekaz\u00f3w w polskiej prasie, radiu, telewizji, portalach internetowych i social mediach opublikowanych w dn. 1.08-9.12.2025 r.<\/p>\n","protected":false},"excerpt":{"rendered":"KSeF oczami internaut\u00f3w Eksperci z Instytutu Monitorowania Medi\u00f3w (IMM) zbadali dyskusje wok\u00f3\u0142 tematu w mediach spo\u0142eczno\u015bciowych. Analiza ukazuje&hellip;\n","protected":false},"author":2,"featured_media":159071,"comment_status":"","ping_status":"","sticky":false,"template":"","format":"standard","meta":{"footnotes":""},"categories":[16],"tags":[113,112,105,31520,1816,53,52,68,51,55,42,38,40,39,41,47,50],"class_list":{"0":"post-159070","1":"post","2":"type-post","3":"status-publish","4":"format-standard","5":"has-post-thumbnail","7":"category-biznes","8":"tag-biznes","9":"tag-business","10":"tag-ekonomia","11":"tag-instytut_monitorowania_mediow","12":"tag-mm","13":"tag-new_header","14":"tag-onet3","15":"tag-onet3d","16":"tag-onet3d_2i","17":"tag-phx","18":"tag-pl","19":"tag-poland","20":"tag-polish","21":"tag-polska","22":"tag-polski","23":"tag-screening_general","24":"tag-v2021"},"share_on_mastodon":{"url":"https:\/\/pubeurope.com\/@pl\/115743491883789133","error":""},"_links":{"self":[{"href":"https:\/\/www.europesays.com\/pl\/wp-json\/wp\/v2\/posts\/159070","targetHints":{"allow":["GET"]}}],"collection":[{"href":"https:\/\/www.europesays.com\/pl\/wp-json\/wp\/v2\/posts"}],"about":[{"href":"https:\/\/www.europesays.com\/pl\/wp-json\/wp\/v2\/types\/post"}],"author":[{"embeddable":true,"href":"https:\/\/www.europesays.com\/pl\/wp-json\/wp\/v2\/users\/2"}],"replies":[{"embeddable":true,"href":"https:\/\/www.europesays.com\/pl\/wp-json\/wp\/v2\/comments?post=159070"}],"version-history":[{"count":0,"href":"https:\/\/www.europesays.com\/pl\/wp-json\/wp\/v2\/posts\/159070\/revisions"}],"wp:featuredmedia":[{"embeddable":true,"href":"https:\/\/www.europesays.com\/pl\/wp-json\/wp\/v2\/media\/159071"}],"wp:attachment":[{"href":"https:\/\/www.europesays.com\/pl\/wp-json\/wp\/v2\/media?parent=159070"}],"wp:term":[{"taxonomy":"category","embeddable":true,"href":"https:\/\/www.europesays.com\/pl\/wp-json\/wp\/v2\/categories?post=159070"},{"taxonomy":"post_tag","embeddable":true,"href":"https:\/\/www.europesays.com\/pl\/wp-json\/wp\/v2\/tags?post=159070"}],"curies":[{"name":"wp","href":"https:\/\/api.w.org\/{rel}","templated":true}]}}