{"id":159080,"date":"2025-12-19T00:57:53","date_gmt":"2025-12-19T00:57:53","guid":{"rendered":"https:\/\/www.europesays.com\/pl\/159080\/"},"modified":"2025-12-19T00:57:53","modified_gmt":"2025-12-19T00:57:53","slug":"droga-s10-bydgoszcz-naklo-nad-notecia-w-przetargu-kiedy-planowane-oddanie","status":"publish","type":"post","link":"https:\/\/www.europesays.com\/pl\/159080\/","title":{"rendered":"Droga S10 Bydgoszcz &#8211; Nak\u0142o nad Noteci\u0105 w przetargu. Kiedy planowane oddanie?"},"content":{"rendered":"<ul class=\"ods-m-bullet-list\">\n<li class=\"ods-a-bullet ods-a-bullet--bold\"> Rusza przetarg na projekt i budow\u0119 odcinka drogi S10 Nak\u0142o nad Noteci\u0105 \u2013 Bydgoszcz Zach\u00f3d o d\u0142ugo\u015bci 19,5 km <\/li>\n<li class=\"ods-a-bullet ods-a-bullet--bold\"> Droga S10 ma poprawi\u0107 komunikacj\u0119 mi\u0119dzy Szczecinem, Bydgoszcz\u0105, p\u00f3\u0142nocn\u0105 Wielkopolsk\u0105 i wojew\u00f3dztwem zachodniopomorskim <\/li>\n<li class=\"ods-a-bullet ods-a-bullet--bold\"> S10 b\u0119dzie cz\u0119\u015bci\u0105 Transeuropejskiej Sieci Transportowej, docelowo maj\u0105c ponad 400 km d\u0142ugo\u015bci <\/li>\n<li class=\"ods-a-bullet ods-a-bullet--bold\"> Zach\u0119camy do oddawania g\u0142os\u00f3w w ankiecie, kt\u00f3ra znajduje si\u0119 na ko\u0144cu artyku\u0142u <\/li>\n<li id=\"ods-a-bullet-czat-ai-summary\" data-section=\"ochat-summary-link\" class=\"ods-a-bullet ods-a-bullet--czatai\"> <a href=\"#\"><br \/>\n    Du\u017co czytania, a ma\u0142o czasu? Sprawd\u017a skr\u00f3t artyku\u0142u<br \/>\n<\/a> <\/li>\n<\/ul>\n<p>SPIS TRE\u015aCI<\/p>\n<ol class=\"ods-a-table-of-content__items\">\n<li class=\"ods-a-table-of-content__item\"><a href=\"#toc-ile-kilometrow-bedzie-mial-nowy-fragment-s10\" class=\"ods-a-table-of-content__link\">Ile kilometr\u00f3w b\u0119dzie mia\u0142 nowy fragment S10?<\/a><\/li>\n<li class=\"ods-a-table-of-content__item\"><a href=\"#toc-kiedy-ma-powstac-s10-pod-bydgoszcza\" class=\"ods-a-table-of-content__link\">Kiedy ma powsta\u0107 S10 pod Bydgoszcz\u0105?<\/a><\/li>\n<li class=\"ods-a-table-of-content__item\"><a href=\"#toc-ile-kilometrow-bedzie-miala-droga-s10\" class=\"ods-a-table-of-content__link\">Ile kilometr\u00f3w b\u0119dzie mia\u0142a droga S10?<\/a><\/li>\n<\/ol>\n<p class=\"ods-c-paragraph \">Ju\u017c 9 grudnia, przy okazji og\u0142oszenia przetargu na odcinek S10 Wyrzysk \u2013 Nak\u0142o nad Noteci\u0105, GDDKiA zapowiada\u0142a, \u017ce jeszcze w grudniu ruszy post\u0119powanie na kolejny fragment trasy. S\u0142owa dotrzyma\u0142a \u2013 czas na S10 Nak\u0142o nad Noteci\u0105 \u2013 Bydgoszcz Zach\u00f3d.<\/p>\n<p>Dalszy ci\u0105g artyku\u0142u pod materia\u0142em wideo<\/p>\n<p> Ile kilometr\u00f3w ma nowy odcinek drogi S10? <\/p>\n<p> Kiedy planowane jest rozpocz\u0119cie budowy S10? <\/p>\n<p> Jakie w\u0119z\u0142y powstan\u0105 na S10? <\/p>\n<p> Do kiedy GDDKiA czeka na oferty wykonawc\u00f3w? <\/p>\n<p>  Ile kilometr\u00f3w b\u0119dzie mia\u0142 nowy fragment S10?<\/p>\n<p class=\"ods-c-paragraph \">Przetarg obejmuje prawie 20-kilometrowy odcinek od okolic obwodnicy Nak\u0142a nad Noteci\u0105 do w\u0119z\u0142a Bydgoszcz Zach\u00f3d na S5. Nowa S10 poprowadzi na p\u00f3\u0142noc, r\u00f3wnolegle do obecnej DK10, kt\u00f3ra w przysz\u0142o\u015bci zmieni si\u0119 w drog\u0119 wojew\u00f3dzk\u0105.<\/p>\n<p class=\"ods-c-paragraph \">W ramach inwestycji powstan\u0105 dwa nowe w\u0119z\u0142y \u2013 \u015alesin i Kruszyn (Sicienko), a \u0142\u0105cznice w\u0119z\u0142a Bydgoszcz Zach\u00f3d zostan\u0105 przebudowane. Projekt przewiduje r\u00f3wnie\u017c budow\u0119 pary Miejsc Obs\u0142ugi Podr\u00f3\u017cnych w Strzelewie (w tym ze stacj\u0105 paliw) oraz a\u017c 22 obiekt\u00f3w in\u017cynierskich.<\/p>\n<p><img decoding=\"async\" src=\"https:\/\/www.europesays.com\/pl\/wp-content\/uploads\/2025\/12\/91vk9lBaHR0cHM6Ly9vY2RuLmV1L3B1bHNjbXMvTURBXy9hMWMyZmYyM2ZhNzRmM2Y2M2FiMzQzNjk5MTJlNWIxNi5qcGeRlQLNB.jpeg\" height=\"666\" width=\"800\" alt=\"S10 Nak\u0142o nad Noteci\u0105 - Bydgoszcz Zach\u00f3d - mapa\" loading=\"lazy\" class=\"ods-c-image__img ods-c-image__img--viewport-width\"\/><\/p>\n<p>S10 Nak\u0142o nad Noteci\u0105 &#8211; Bydgoszcz Zach\u00f3d &#8211; mapaGDDKiA<\/p>\n<p> Kiedy ma powsta\u0107 S10 pod Bydgoszcz\u0105?<\/p>\n<p class=\"ods-c-paragraph \">Nowy odcinek S10 ma nie tylko skr\u00f3ci\u0107 czas podr\u00f3\u017cy mi\u0119dzy Szczecinem a Bydgoszcz\u0105, ale te\u017c poprawi\u0107 komunikacj\u0119 regionu z p\u00f3\u0142nocn\u0105 Wielkopolsk\u0105 i wojew\u00f3dztwem zachodniopomorskim.<\/p>\n<p class=\"ods-c-paragraph \">Na oferty wykonawc\u00f3w GDDKiA czeka do 23 stycznia 2026 r. Podpisanie umowy planowane jest na trzeci kwarta\u0142 przysz\u0142ego roku. Potem nast\u0105pi faza projektowa i uzyskiwanie niezb\u0119dnych pozwole\u0144. Budowa ma ruszy\u0107 w latach 2028\u20132031.<\/p>\n<p>Ile kilometr\u00f3w b\u0119dzie mia\u0142a droga S10?<\/p>\n<p class=\"ods-c-paragraph \">Prace przygotowawcze do budowy S10 trwaj\u0105 od 2018 r., kiedy podpisano umow\u0119 na opracowanie Studium techniczno-ekonomiczno-\u015brodowiskowego. Decyzja \u015brodowiskowa zosta\u0142a wydana w listopadzie 2022 r. W 2023 r. og\u0142oszono przetarg na badania pod\u0142o\u017ca, kt\u00f3re w latach 2024\u20132025 przeprowadzi\u0142o biuro Transprojekt Gda\u0144ski. Warto doda\u0107, \u017ce po raz pierwszy w Polsce wykorzystano tu sond\u0119 Boxed Crawler 100 kN.<\/p>\n<p class=\"ods-c-paragraph \">Droga ekspresowa S10 b\u0119dzie cz\u0119\u015bci\u0105 Transeuropejskiej Sieci Transportowej (TEN-T), \u0142\u0105cz\u0105cej porty w Szczecinie i \u015awinouj\u015bciu przez Bydgoszcz i Toru\u0144 z planowan\u0105 Obwodnic\u0105 Aglomeracji Warszawskiej. Docelowo S10 ma mie\u0107 ponad 400 km d\u0142ugo\u015bci, staj\u0105c si\u0119 jednym z kluczowych szlak\u00f3w komunikacyjnych w Polsce i Europie.<\/p>\n<p class=\"ods-c-paragraph \">To bardzo wa\u017cna droga, kt\u00f3ra zdecydowanie potrafi transport drogowy regionu. Aktualna droga nr 10 nie jest ani bezpieczna, ani wygodna. Ze wzgl\u0119du na swoje usytuowanie w\u015br\u00f3d pag\u00f3rk\u00f3w i przez prowadzenie w sporej liczbie miejscowo\u015bci przedostanie si\u0119 z Bydgoszczy na zach\u00f3d kraju trwa d\u0142ugo, dlatego droga S10 zdecydowanie poprawi bezpiecze\u0144stwo i komfort, a tak\u017ce skr\u00f3ci czas podr\u00f3\u017cy.<\/p>\n","protected":false},"excerpt":{"rendered":"Rusza przetarg na projekt i budow\u0119 odcinka drogi S10 Nak\u0142o nad Noteci\u0105 \u2013 Bydgoszcz Zach\u00f3d o d\u0142ugo\u015bci 19,5&hellip;\n","protected":false},"author":2,"featured_media":159081,"comment_status":"","ping_status":"","sticky":false,"template":"","format":"standard","meta":{"footnotes":""},"categories":[16],"tags":[210,113,112,7132,31522,1854,1856,31521,48,46,42,38,40,39,41,1052,47,26],"class_list":{"0":"post-159080","1":"post","2":"type-post","3":"status-publish","4":"format-standard","5":"has-post-thumbnail","7":"category-biznes","8":"tag-aktualnosci","9":"tag-biznes","10":"tag-business","11":"tag-bydgoszcz","12":"tag-droga_ekspresowa_s10","13":"tag-drogi","14":"tag-gddkia","15":"tag-naklo_nad_notecia","16":"tag-nat_styl","17":"tag-omp","18":"tag-pl","19":"tag-poland","20":"tag-polish","21":"tag-polska","22":"tag-polski","23":"tag-przetarg","24":"tag-screening_general","25":"tag-wiadomosci"},"share_on_mastodon":{"url":"https:\/\/pubeurope.com\/@pl\/115743524142978736","error":""},"_links":{"self":[{"href":"https:\/\/www.europesays.com\/pl\/wp-json\/wp\/v2\/posts\/159080","targetHints":{"allow":["GET"]}}],"collection":[{"href":"https:\/\/www.europesays.com\/pl\/wp-json\/wp\/v2\/posts"}],"about":[{"href":"https:\/\/www.europesays.com\/pl\/wp-json\/wp\/v2\/types\/post"}],"author":[{"embeddable":true,"href":"https:\/\/www.europesays.com\/pl\/wp-json\/wp\/v2\/users\/2"}],"replies":[{"embeddable":true,"href":"https:\/\/www.europesays.com\/pl\/wp-json\/wp\/v2\/comments?post=159080"}],"version-history":[{"count":0,"href":"https:\/\/www.europesays.com\/pl\/wp-json\/wp\/v2\/posts\/159080\/revisions"}],"wp:featuredmedia":[{"embeddable":true,"href":"https:\/\/www.europesays.com\/pl\/wp-json\/wp\/v2\/media\/159081"}],"wp:attachment":[{"href":"https:\/\/www.europesays.com\/pl\/wp-json\/wp\/v2\/media?parent=159080"}],"wp:term":[{"taxonomy":"category","embeddable":true,"href":"https:\/\/www.europesays.com\/pl\/wp-json\/wp\/v2\/categories?post=159080"},{"taxonomy":"post_tag","embeddable":true,"href":"https:\/\/www.europesays.com\/pl\/wp-json\/wp\/v2\/tags?post=159080"}],"curies":[{"name":"wp","href":"https:\/\/api.w.org\/{rel}","templated":true}]}}