{"id":159119,"date":"2025-12-19T02:05:18","date_gmt":"2025-12-19T02:05:18","guid":{"rendered":"https:\/\/www.europesays.com\/pl\/159119\/"},"modified":"2025-12-19T02:05:18","modified_gmt":"2025-12-19T02:05:18","slug":"dominika-gwit-mowila-o-swoim-dziecku-nagle-wyznala-potrzebuje-pomocy-2","status":"publish","type":"post","link":"https:\/\/www.europesays.com\/pl\/159119\/","title":{"rendered":"Dominika Gwit m\u00f3wi\u0142a o swoim dziecku. Nagle wyzna\u0142a: potrzebuj\u0119 pomocy"},"content":{"rendered":"<p class=\"Paragraph_desktopParagraph__U31Gm\"><a href=\"https:\/\/plejada.pl\/dominika-gwit\" id=\"8dfd333b-7bfe-470c-b293-6b801d2335e5\" rel=\"nofollow noopener\" target=\"_blank\">Dominika Gwit<\/a>, znana z takich produkcji jak &#8222;Galerianki&#8221; czy &#8222;Przepis na \u017cycie&#8221;, od ponad dw\u00f3ch lat spe\u0142nia si\u0119 w roli mamy. Aktorka nale\u017cy do celebryt\u00f3w aktywnie dzia\u0142aj\u0105cych w mediach spo\u0142eczno\u015bciowych, gdzie ods\u0142ania kulisy swojej matczynej, jak i zawodowej codzienno\u015bci.<\/p>\n<ul class=\"OchatFollowUps_wrapper__1ry7X\">\n<li class=\"OchatFollowUps_item__Dhyly OchatFollowUps_itemDesktop__R6aBv\">Jakie trudno\u015bci zwi\u0105zane z opiek\u0105 nad dzieckiem mia\u0142a Dominika Gwit?<\/li>\n<li class=\"OchatFollowUps_item__Dhyly OchatFollowUps_itemDesktop__R6aBv\">Czym zajmuje si\u0119 Dominika Gwit poza macierzy\u0144stwem?<\/li>\n<li class=\"OchatFollowUps_item__Dhyly OchatFollowUps_itemDesktop__R6aBv\">Jakie komentarze otrzymywa\u0142a Dominika Gwit na temat opiekunki?<\/li>\n<li class=\"OchatFollowUps_item__Dhyly OchatFollowUps_itemDesktop__R6aBv\">Co Dominika Gwit powiedzia\u0142a na temat proszenia o pomoc?<\/li>\n<\/ul>\n<p>Dominika Gwit m\u00f3wi\u0142a o swoim dziecku. Nagle wyzna\u0142a: potrzebuj\u0119 pomocy <\/p>\n<p class=\"Paragraph_desktopParagraph__U31Gm\">Dominika Gwit, co jaki\u015b czas pojawia si\u0119 r\u00f3wnie\u017c w mediach, gdzie ch\u0119tnie udziela wywiad\u00f3w. Niedawno go\u015bci\u0142a w podca\u015bcie &#8222;Call me mommy&#8221;, w kt\u00f3rym ch\u0119tnie opowiada\u0142a o szcz\u0119\u015bliwych chwilach, jak i trudach macierzy\u0144stwa.<\/p>\n<p class=\"Paragraph_desktopParagraph__U31Gm\">W pewnym momencie gospodyni porozmawia\u0142a z Gwit na temat opiekunki do dziecka. Jak przyzna\u0142a aktorka, przez lata musia\u0142a zmaga\u0107 si\u0119 z k\u0105\u015bliwymi komentarzami i t\u0142umaczeniem si\u0119, dlaczego podj\u0119\u0142a decyzj\u0119 o &#8222;niani&#8221;.<\/p>\n<blockquote>\n<p class=\"Paragraph_desktopParagraph__U31Gm\">T\u0142umaczy\u0142am \u015bwiatu, \u017ce mam niani\u0119. No mam, bo nie mam nikogo innego do pomocy. Jakbym jej nie mia\u0142a, to bym umar\u0142a. Jak ja mam \u017cy\u0107, pracowa\u0107 i jednocze\u015bnie na 100 proc. zajmowa\u0107 si\u0119 dzieckiem, bo nie mam \u017cadnej innej pomocy. Nie da si\u0119 tak \u017cy\u0107<\/p>\n<\/blockquote>\n<p class=\"Paragraph_desktopParagraph__U31Gm\">\u2014 wyzna\u0142a artystka.<\/p>\n<p class=\"Paragraph_desktopParagraph__U31Gm\">Na jej s\u0142owa zareagowa\u0142a dziennikarka, kt\u00f3ra zauwa\u017cy\u0142a, \u017ce &#8222;da si\u0119 tak \u017cy\u0107, ale jakim kosztem&#8221;. W tym momencie Gwit nie wytrzyma\u0142a, odpowiadaj\u0105c na jej s\u0142owa kr\u00f3tkim apelem.<\/p>\n<p class=\"Paragraph_desktopParagraph__U31Gm\">&#8222;Nie chc\u0119 ponosi\u0107 takiego kosztu. Chc\u0119 by\u0107 najlepsz\u0105 matk\u0105 dla swojego dziecka, a b\u0119d\u0119 ni\u0105 wtedy, kiedy b\u0119d\u0119 mia\u0142a si\u0142\u0119 na to. Bo jak nie masz tej si\u0142y, no to jak? Co masz da\u0107, jak nie masz z czego? \u017beby nie oszale\u0107, nie umrze\u0107. Potrzebuj\u0119 po prostu tej pomocy. Ka\u017cdy z nas tej pomocy potrzebuje. I nie b\u00f3jmy si\u0119 o t\u0119 pomoc prosi\u0107. Nie wstyd\u017amy si\u0119 prosi\u0107 o pomoc&#8221; \u2014 apelowa\u0142a.<\/p>\n<p class=\"Paragraph_desktopParagraph__U31Gm\">Dzi\u0119kujemy, \u017ce przeczyta\u0142a\u015b\/e\u015b nasz artyku\u0142 do ko\u0144ca. W serwisie Plejada.pl ka\u017cdego dnia piszemy o najwa\u017cniejszych wydarzeniach show-biznesowych. B\u0105d\u017a na bie\u017c\u0105co! <a rel=\"nofollow noopener\" href=\"https:\/\/profile.google.com\/cp\/Cg0vZy8xMWJ6X19wdHBx\" id=\"96042b4c-e702-41a4-9777-1ab36ebc5908\" target=\"_blank\">Obserwuj<\/a> Plejad\u0119 w Google. Odwied\u017a nas tak\u017ce na <a rel=\"nofollow noopener\" href=\"https:\/\/www.facebook.com\/plejadapl\" id=\"1a96530b-69fc-4344-841f-e9d18c7a5139\" target=\"_blank\">Facebooku<\/a>, <a rel=\"nofollow noopener\" href=\"https:\/\/www.instagram.com\/plejadapl\/\" id=\"374c7c68-4651-427d-85ef-a5c1b65e895e\" target=\"_blank\">Instagramie<\/a>, <a rel=\"nofollow noopener\" href=\"https:\/\/www.youtube.com\/c\/plejada\" id=\"e1830835-35ea-4400-ae8c-479c9331f231\" target=\"_blank\">YouTubie<\/a> oraz <a rel=\"nofollow noopener\" href=\"https:\/\/www.tiktok.com\/@plejada_pl\" id=\"1a41bb9c-1c85-4ea5-9d01-15e584de7f0f\" target=\"_blank\">TikToku<\/a>.<\/p>\n<p class=\"Paragraph_desktopParagraph__U31Gm\">Chcesz podzieli\u0107 si\u0119 ciekawym newsem lub zaproponowa\u0107 temat? Skontaktuj si\u0119 z nami, pisz\u0105c maila na adres: <a href=\"https:\/\/www.onet.pl\/styl-zycia\/plejada\/dominika-gwit-mowila-o-swoim-dziecku-nagle-wyznala-potrzebuje-pomocy\/mailto:plejada@redakcjaonet.pl\" id=\"a11032a1-0230-45fd-a8f0-99ae6563a17e\" rel=\"nofollow noopener\" target=\"_blank\">plejada@redakcjaon<\/a><a rel=\"nofollow noopener\" href=\"http:\/\/et.pl\" id=\"5dedeb0c-0c7c-4f2c-96b9-119c65a716f0\" target=\"_blank\">et.pl<\/a>.<\/p>\n<p><script async src=\"\/\/www.instagram.com\/embed.js\"><\/script><script async src=\"\/\/www.tiktok.com\/embed.js\"><\/script><\/p>\n","protected":false},"excerpt":{"rendered":"Dominika Gwit, znana z takich produkcji jak &#8222;Galerianki&#8221; czy &#8222;Przepis na \u017cycie&#8221;, od ponad dw\u00f3ch lat spe\u0142nia si\u0119&hellip;\n","protected":false},"author":2,"featured_media":159120,"comment_status":"","ping_status":"","sticky":false,"template":"","format":"standard","meta":{"footnotes":""},"categories":[22],"tags":[31315,245,122,67,5693,53,52,68,51,55,42,38,40,39,41,123,47,196,65,50],"class_list":{"0":"post-159119","1":"post","2":"type-post","3":"status-publish","4":"format-standard","5":"has-post-thumbnail","7":"category-rozrywka","8":"tag-dominika_gwit","9":"tag-dziecko_dzieci_dziecinstwo","10":"tag-entertainment","11":"tag-intextvideo_splayer","12":"tag-macierzynstwo_matka_matki_mama_mamy","13":"tag-new_header","14":"tag-onet3","15":"tag-onet3d","16":"tag-onet3d_2i","17":"tag-phx","18":"tag-pl","19":"tag-poland","20":"tag-polish","21":"tag-polska","22":"tag-polski","23":"tag-rozrywka","24":"tag-screening_general","25":"tag-styl_zycia","26":"tag-update_me","27":"tag-v2021"},"share_on_mastodon":{"url":"https:\/\/pubeurope.com\/@pl\/115743786455650501","error":""},"_links":{"self":[{"href":"https:\/\/www.europesays.com\/pl\/wp-json\/wp\/v2\/posts\/159119","targetHints":{"allow":["GET"]}}],"collection":[{"href":"https:\/\/www.europesays.com\/pl\/wp-json\/wp\/v2\/posts"}],"about":[{"href":"https:\/\/www.europesays.com\/pl\/wp-json\/wp\/v2\/types\/post"}],"author":[{"embeddable":true,"href":"https:\/\/www.europesays.com\/pl\/wp-json\/wp\/v2\/users\/2"}],"replies":[{"embeddable":true,"href":"https:\/\/www.europesays.com\/pl\/wp-json\/wp\/v2\/comments?post=159119"}],"version-history":[{"count":0,"href":"https:\/\/www.europesays.com\/pl\/wp-json\/wp\/v2\/posts\/159119\/revisions"}],"wp:featuredmedia":[{"embeddable":true,"href":"https:\/\/www.europesays.com\/pl\/wp-json\/wp\/v2\/media\/159120"}],"wp:attachment":[{"href":"https:\/\/www.europesays.com\/pl\/wp-json\/wp\/v2\/media?parent=159119"}],"wp:term":[{"taxonomy":"category","embeddable":true,"href":"https:\/\/www.europesays.com\/pl\/wp-json\/wp\/v2\/categories?post=159119"},{"taxonomy":"post_tag","embeddable":true,"href":"https:\/\/www.europesays.com\/pl\/wp-json\/wp\/v2\/tags?post=159119"}],"curies":[{"name":"wp","href":"https:\/\/api.w.org\/{rel}","templated":true}]}}