{"id":159210,"date":"2025-12-19T04:38:06","date_gmt":"2025-12-19T04:38:06","guid":{"rendered":"https:\/\/www.europesays.com\/pl\/159210\/"},"modified":"2025-12-19T04:38:06","modified_gmt":"2025-12-19T04:38:06","slug":"krotko-wolno-i-w-nocy-krzysztof-ratajski-z-awansem-do-ii-rundy-mistrzostw-swiata","status":"publish","type":"post","link":"https:\/\/www.europesays.com\/pl\/159210\/","title":{"rendered":"Kr\u00f3tko, wolno i w nocy. Krzysztof Ratajski z awansem do II rundy mistrzostw \u015bwiata"},"content":{"rendered":"\n<p class=\"contentpart contentpart--default contentpart--text\" data-position=\"0\">Dla postronnego kibica to by\u0142o spotkanie ju\u017c troch\u0119 &#8222;na dobicie&#8221;. Szczeg\u00f3lnie po tym, jak na pocz\u0105tku sesji Jermaine Wattimena rozegra\u0142 pi\u0119\u0107 set\u00f3w z Dominikiem Gruellichem, potem na scenie pojawi\u0142a si\u0119 jedna z pi\u0119ciu kobiet &#8211; Fallon Sherrock, kt\u00f3ra uleg\u0142a w trzech partiach Dave&#8217;owi Chisnallowi, a tu\u017c przed starciem Polskiego Or\u0142a niespodziewane k\u0142opoty spotka\u0142y Michaela van Gerwena, kt\u00f3ry d\u0142ugo m\u0119czy\u0142 si\u0119 Japo\u0144czykiem Mitsuhiko Tatsunamim, ale wygra\u0142 3:1.<\/p>\n<p class=\"contentpart contentpart--default contentpart--text\" data-position=\"1\">Dodajmy, \u017ce przed rokiem Krzysztof Ratajski tak\u017ce spotka\u0142 si\u0119 z Alexisem Toylo na mistrzostwach \u015bwiata i by\u0142 to dla niego pierwszy mecz na tym turnieju, ale wtedy na etapie II rundy. Ju\u017c wtedy &#8222;Polski Orze\u0142&#8221; wiedzia\u0142, \u017ce musi uzbroi\u0107 si\u0119 w cierpliwo\u015b\u0107, bo rywal to najwolniej rzucaj\u0105cy gracz na tych mistrzostwach \u015bwiata. Polak wygra\u0142 w\u00f3wczas 3:1.<\/p>\n<p> <img role=\"presentation\" src=\"https:\/\/std.wpcdn.pl\/images\/adv\/placeholder_wp.svg\" loading=\"lazy\" alt=\"\" decoding=\"async\"\/>  <\/p>\n<p class=\"contentpart contentpart--default contentpart--text\" data-position=\"2\">ZOBACZ WIDEO: Brz\u0119czek musia\u0142 si\u0119 wkupi\u0107 do kadry? &#8222;Wtedy si\u0119 zdenerwowa\u0142em&#8221;<\/p>\n<p class=\"contentpart contentpart--default contentpart--text\" data-position=\"4\">Lecz to powolne zbieranie si\u0119 do rzutu filipi\u0144skiemu darterowi na nic si\u0119 zda\u0142o. Pierwsz\u0105 parti\u0119 przegra\u0142 do zera. Drugiego lega Ratajski zamkn\u0105\u0142 efektownie, bo w 12 lotkach, z czego ostatnia trafi\u0142a w bulla. Toylo nawet nie mia\u0142 szansy na zako\u0144czenie doublem \u017cadnej z gier w tym secie.<\/p>\n<p class=\"contentpart contentpart--default contentpart--text\" data-position=\"5\">W drugim secie Filipi\u0144czyk wygra\u0142 w ko\u0144cu swojego pierwszego lega, ale warszawianin szybko wyr\u00f3wna\u0142. A na prowadzenie 2-1 wyszed\u0142 dzi\u0119ki zagraniu tzw. big fisha, czyli wyzerowaniu licznika ze stanu 170 punkt\u00f3w, a potem dope\u0142ni\u0142 dzie\u0142a na D8.<\/p>\n<p class=\"contentpart contentpart--default contentpart--text\" data-position=\"6\">Trzecia ods\u0142ona to r\u00f3wnie\u017c jeden honorowy leg Toylo i pe\u0142na kontrola Ratajskiego. Najlepszy polski darter, gdy tylko m\u00f3g\u0142, ustawia\u0142 si\u0119 na podw\u00f3jn\u0105 szesnastk\u0119, kt\u00f3r\u0105 zazwyczaj trafia\u0142. W ten spos\u00f3b wygra\u0142 3-1 i zamkn\u0105\u0142 ca\u0142e d\u0142u\u017c\u0105ce si\u0119 spotkanie.<\/p>\n<p> <img role=\"presentation\" src=\"https:\/\/std.wpcdn.pl\/images\/adv\/placeholder_wp.svg\" loading=\"lazy\" alt=\"\" decoding=\"async\"\/>  <\/p>\n<p class=\"contentpart contentpart--default contentpart--text\" data-position=\"7\">W kolejnej rundzie na Krzysztofa Ratajskiego czeka ju\u017c rozstawiony z numerem 22. Ryan Joyce, kt\u00f3ry pewnie w trzech setach pokona\u0142 Owena Batesa. Wszystko wskazuje na to, \u017ce mecz odb\u0119dzie si\u0119 w niedziel\u0119, 21 grudnia, ale w kt\u00f3rej sesji i o kt\u00f3rej godzinie &#8211; jeszcze nie wiadomo.<\/p>\n<p class=\"contentpart contentpart--default contentpart--text\" data-position=\"8\">W pi\u0105tek do gry przyst\u0105pi trzeci z Polak\u00f3w &#8211; Krzysztof Kciuk, kt\u00f3ry chwil\u0119 po godzinie 20:00 otworzy sesj\u0119 wieczorn\u0105 meczem z Irlandczykiem Williamem O&#8217;Connorem. Przypomnijmy, \u017ce z turniejem po\u017cegna\u0142 si\u0119 ju\u017c Sebastian Bia\u0142ecki, kt\u00f3ry w minion\u0105 niedziel\u0119 uleg\u0142 w pi\u0119ciu partiach Stephenowi Buntingowi.<\/p>\n<p class=\"contentpart contentpart--default contentpart--text\" data-position=\"9\">M\u015a w darcie &#8211; I runda:<\/p>\n<p class=\"contentpart contentpart--default contentpart--text\" data-position=\"10\"><a href=\"https:\/\/sportowefakty.wp.pl\/inne\/krzysztof-ratajski\" rel=\"nofollow noopener\" target=\"_blank\">Krzysztof Ratajski<\/a>\u00a0(Polska) &#8211; Alexis Toylo (Filipiny) 3:0 (3-0, 3-1, 3-1)<\/p>\n","protected":false},"excerpt":{"rendered":"Dla postronnego kibica to by\u0142o spotkanie ju\u017c troch\u0119 &#8222;na dobicie&#8221;. Szczeg\u00f3lnie po tym, jak na pocz\u0105tku sesji Jermaine&hellip;\n","protected":false},"author":2,"featured_media":159211,"comment_status":"","ping_status":"","sticky":false,"template":"","format":"standard","meta":{"footnotes":""},"categories":[24],"tags":[25321,31544,25322,2782,31545,42,38,40,39,41,127,126,106],"class_list":{"0":"post-159210","1":"post","2":"type-post","3":"status-publish","4":"format-standard","5":"has-post-thumbnail","7":"category-sport","8":"tag-dart","9":"tag-fallon-sherrock","10":"tag-krzysztof-ratajski","11":"tag-londyn","12":"tag-michael-van-gerwen","13":"tag-pl","14":"tag-poland","15":"tag-polish","16":"tag-polska","17":"tag-polski","18":"tag-sport","19":"tag-sports","20":"tag-wielka-brytania"},"share_on_mastodon":{"url":"https:\/\/pubeurope.com\/@pl\/115744388334648680","error":""},"_links":{"self":[{"href":"https:\/\/www.europesays.com\/pl\/wp-json\/wp\/v2\/posts\/159210","targetHints":{"allow":["GET"]}}],"collection":[{"href":"https:\/\/www.europesays.com\/pl\/wp-json\/wp\/v2\/posts"}],"about":[{"href":"https:\/\/www.europesays.com\/pl\/wp-json\/wp\/v2\/types\/post"}],"author":[{"embeddable":true,"href":"https:\/\/www.europesays.com\/pl\/wp-json\/wp\/v2\/users\/2"}],"replies":[{"embeddable":true,"href":"https:\/\/www.europesays.com\/pl\/wp-json\/wp\/v2\/comments?post=159210"}],"version-history":[{"count":0,"href":"https:\/\/www.europesays.com\/pl\/wp-json\/wp\/v2\/posts\/159210\/revisions"}],"wp:featuredmedia":[{"embeddable":true,"href":"https:\/\/www.europesays.com\/pl\/wp-json\/wp\/v2\/media\/159211"}],"wp:attachment":[{"href":"https:\/\/www.europesays.com\/pl\/wp-json\/wp\/v2\/media?parent=159210"}],"wp:term":[{"taxonomy":"category","embeddable":true,"href":"https:\/\/www.europesays.com\/pl\/wp-json\/wp\/v2\/categories?post=159210"},{"taxonomy":"post_tag","embeddable":true,"href":"https:\/\/www.europesays.com\/pl\/wp-json\/wp\/v2\/tags?post=159210"}],"curies":[{"name":"wp","href":"https:\/\/api.w.org\/{rel}","templated":true}]}}