{"id":159212,"date":"2025-12-19T04:45:17","date_gmt":"2025-12-19T04:45:17","guid":{"rendered":"https:\/\/www.europesays.com\/pl\/159212\/"},"modified":"2025-12-19T04:45:17","modified_gmt":"2025-12-19T04:45:17","slug":"zuzel-namawiam-go-krzysztof-mrozek-chce-go-w-swoim-zespole","status":"publish","type":"post","link":"https:\/\/www.europesays.com\/pl\/159212\/","title":{"rendered":"\u017bu\u017cel. &#8222;Namawiam go&#8221;. Krzysztof Mrozek chce go w swoim zespole"},"content":{"rendered":"\n<p class=\"contentpart contentpart--default contentpart--text\" data-position=\"0\"><a href=\"https:\/\/sportowefakty.wp.pl\/zuzel\/zks-row-rybnik\" rel=\"nofollow noopener\" target=\"_blank\">Innpro ROW Rybnik<\/a>\u00a0szybko skompletowa\u0142 sk\u0142ad na przysz\u0142oroczne rozgrywki <a href=\"https:\/\/sportowefakty.wp.pl\/zuzel\/i-liga\" rel=\"nofollow noopener\" target=\"_blank\">Metalkas 2. Ekstraligi<\/a>. Klub zawar\u0142 porozumienia z czw\u00f3rk\u0105 senior\u00f3w oraz zawodnikiem, kt\u00f3ry b\u0119dzie wype\u0142nia\u0142 obowi\u0105zkowe miejsce dla \u017cu\u017clowca kategorii U24. Kadra jednak wci\u0105\u017c nie jest kompletna, bo brakuje w niej m\u0142odzie\u017cowc\u00f3w.<\/p>\n<p class=\"contentpart contentpart--default contentpart--text\" data-position=\"1\">Rybnicka formacja do 21. roku \u017cycia liczy w tej chwili zaledwie trzech zawodnik\u00f3w i stanowi\u0105 j\u0105: Kacper Tkocz, Pawe\u0142 Wyczyszczok i Roch Wujec. Problemem jest jednak fakt, \u017ce tylko pierwszy z nich mo\u017ce m\u00f3wi\u0107 o jakimkolwiek do\u015bwiadczeniu. Dwaj pozostali jeszcze nie je\u017adzili w lidze, a Wujec dopiero niedawno uzyska\u0142 certyfikat.<\/p>\n<p> <img role=\"presentation\" src=\"https:\/\/std.wpcdn.pl\/images\/adv\/placeholder_wp.svg\" loading=\"lazy\" alt=\"\" decoding=\"async\"\/>  <\/p>\n<p class=\"contentpart contentpart--default contentpart--text\" data-position=\"2\">W klubie wci\u0105\u017c wierz\u0105, \u017ce do dru\u017cyny wr\u00f3ci <a href=\"https:\/\/sportowefakty.wp.pl\/zuzel\/pawel-trzesniewski\" rel=\"nofollow noopener\" target=\"_blank\">Pawe\u0142 Trze\u015bniewski<\/a>\u00a0przed kt\u00f3rym ostatni sezon w gronie junior\u00f3w. &#8211; Pawe\u0142 zosta\u0142 zaproszony na rozmowy kontraktowe, nie dogadali\u015bmy si\u0119 co do pieni\u0105\u017ck\u00f3w i \u017ce\u015bmy si\u0119 rozstali w zgodzie, powiedzia\u0142, \u017ce zawiesza karier\u0119. Ja my\u015bl\u0119, \u017ce jest jeszcze jedno okienko transferowe, kt\u00f3re si\u0119 zaczyna 23 grudnia. Namawiam go, \u017ceby przemy\u015bla\u0142 wszystkie te tematy, \u017ceby zadzwoni\u0142, przyszed\u0142 &#8211; przyzna\u0142 <a href=\"https:\/\/sportowefakty.wp.pl\/zuzel\/krzysztof-mrozek\" rel=\"nofollow noopener\" target=\"_blank\">Krzysztof Mrozek<\/a>\u00a0w rozmowie z Radio90.pl.<\/p>\n<p class=\"contentpart contentpart--default contentpart--text\" data-position=\"3\">Okienko transferowe uzupe\u0142niaj\u0105ce potrwa od 23 grudnia do 31 grudnia.\u00a0W trakcie sezonu czynne b\u0119d\u0105 cztery okienka transferowe, kt\u00f3re b\u0119d\u0105 obowi\u0105zywa\u0107 do pi\u0119ciu dni po kalendarzowej dacie 3, 6, 10 i 14 kolejki rundy zasadniczej. Kluby mog\u0105 w\u00f3wczas pozyskiwa\u0107 zawodnik\u00f3w bez kontraktu w lidze polskiej.<\/p>\n<p class=\"contentpart contentpart--default contentpart--text\" data-position=\"4\">ZOBACZ WIDEO: #dziejesiewsporcie: Gol z po\u0142owy boiska. Mo\u017cna ogl\u0105da\u0107 i ogl\u0105da\u0107<\/p>\n","protected":false},"excerpt":{"rendered":"Innpro ROW Rybnik\u00a0szybko skompletowa\u0142 sk\u0142ad na przysz\u0142oroczne rozgrywki Metalkas 2. Ekstraligi. Klub zawar\u0142 porozumienia z czw\u00f3rk\u0105 senior\u00f3w oraz&hellip;\n","protected":false},"author":2,"featured_media":159213,"comment_status":"","ping_status":"","sticky":false,"template":"","format":"standard","meta":{"footnotes":""},"categories":[24],"tags":[1327,3116,979,31546,42,38,40,39,41,127,126,174],"class_list":{"0":"post-159212","1":"post","2":"type-post","3":"status-publish","4":"format-standard","5":"has-post-thumbnail","7":"category-sport","8":"tag-innpro-row-rybnik","9":"tag-krzysztof-mrozek","10":"tag-metalkas-2-ekstraliga","11":"tag-pawel-trzesniewski","12":"tag-pl","13":"tag-poland","14":"tag-polish","15":"tag-polska","16":"tag-polski","17":"tag-sport","18":"tag-sports","19":"tag-zuzel"},"share_on_mastodon":{"url":"https:\/\/pubeurope.com\/@pl\/115744415864351689","error":""},"_links":{"self":[{"href":"https:\/\/www.europesays.com\/pl\/wp-json\/wp\/v2\/posts\/159212","targetHints":{"allow":["GET"]}}],"collection":[{"href":"https:\/\/www.europesays.com\/pl\/wp-json\/wp\/v2\/posts"}],"about":[{"href":"https:\/\/www.europesays.com\/pl\/wp-json\/wp\/v2\/types\/post"}],"author":[{"embeddable":true,"href":"https:\/\/www.europesays.com\/pl\/wp-json\/wp\/v2\/users\/2"}],"replies":[{"embeddable":true,"href":"https:\/\/www.europesays.com\/pl\/wp-json\/wp\/v2\/comments?post=159212"}],"version-history":[{"count":0,"href":"https:\/\/www.europesays.com\/pl\/wp-json\/wp\/v2\/posts\/159212\/revisions"}],"wp:featuredmedia":[{"embeddable":true,"href":"https:\/\/www.europesays.com\/pl\/wp-json\/wp\/v2\/media\/159213"}],"wp:attachment":[{"href":"https:\/\/www.europesays.com\/pl\/wp-json\/wp\/v2\/media?parent=159212"}],"wp:term":[{"taxonomy":"category","embeddable":true,"href":"https:\/\/www.europesays.com\/pl\/wp-json\/wp\/v2\/categories?post=159212"},{"taxonomy":"post_tag","embeddable":true,"href":"https:\/\/www.europesays.com\/pl\/wp-json\/wp\/v2\/tags?post=159212"}],"curies":[{"name":"wp","href":"https:\/\/api.w.org\/{rel}","templated":true}]}}