{"id":159214,"date":"2025-12-19T04:52:15","date_gmt":"2025-12-19T04:52:15","guid":{"rendered":"https:\/\/www.europesays.com\/pl\/159214\/"},"modified":"2025-12-19T04:52:15","modified_gmt":"2025-12-19T04:52:15","slug":"w-pucharze-krola-sypnelo-niespodziankami","status":"publish","type":"post","link":"https:\/\/www.europesays.com\/pl\/159214\/","title":{"rendered":"W Pucharze Kr\u00f3la sypn\u0119\u0142o niespodziankami"},"content":{"rendered":"\n<p class=\"contentpart contentpart--default contentpart--text\" data-position=\"0\">W \u015brod\u0119 poznali\u015bmy kolejne zespo\u0142y, kt\u00f3re awansowa\u0142y do 1\/8 fina\u0142u <a href=\"https:\/\/sportowefakty.wp.pl\/pilka-nozna\/puchar-krola\" rel=\"nofollow noopener\" target=\"_blank\">Pucharu Kr\u00f3la<\/a>. Nie oby\u0142o si\u0119 bez niespodzianek. Najwi\u0119ksz\u0105 jest po\u017cegnanie si\u0119 z marzeniami o trofeum uczestnika Ligi Mistrz\u00f3w Villarrealu.<\/p>\n<p class=\"contentpart contentpart--default contentpart--text\" data-position=\"1\">Gracze \u017b\u00f3\u0142tej \u0141odzi Podwodnej \u015bwietnie radz\u0105 sobie w La Lidze, ale w rywalizacji z liderem Segunda Division Racingiem Santander g\u00f3r\u0105 by\u0142 ni\u017cej notowany rywal. Gospodarze wygrali 2:1. Racing ju\u017c po niespe\u0142na dw\u00f3ch kwadransach prowadzi\u0142 dwoma golami. Villarreal bramkowy kontakt bramkowy z\u0142apa\u0142 w ko\u0144c\u00f3wce.<\/p>\n<p> <img role=\"presentation\" src=\"https:\/\/std.wpcdn.pl\/images\/adv\/placeholder_wp.svg\" loading=\"lazy\" alt=\"\" decoding=\"async\"\/>  <\/p>\n<p class=\"contentpart contentpart--default contentpart--text\" data-position=\"2\">Za burt\u0105 Pucharu Kr\u00f3la znalaz\u0142 si\u0119 r\u00f3wnie\u017c zamykaj\u0105cy La Lig\u0119 zesp\u00f3\u0142 Levante, kt\u00f3ry 0:1 uleg\u0142 dru\u017cynie Cultural Leonesa. Dalej gra za to Atletico Madryt. Zesp\u00f3\u0142 Diego Simeone jednak tylko 3:2 pokona\u0142 Baleares.<\/p>\n<p class=\"contentpart contentpart--default contentpart--text\" data-position=\"3\">O krajowym trofeum mo\u017ce zapomnie\u0107 ju\u017c tak\u017ce Celta. Dru\u017cyna z Vigo po dogrywce remisowa\u0142a 2:2 z Albacete. W konkursie &#8222;jedenastek&#8221; zesp\u00f3\u0142 z La Ligi zmarnowa\u0142 wszystkie trzy pr\u00f3by. Gospodarze byli bezb\u0142\u0119dni i to oni zagraj\u0105 w kolejnej rundzie. Awans do 1\/8 fina\u0142u dopiero po dogrywce wywalczy\u0142a Osasuna 4:2 pokonuj\u0105c Huesk\u0119.<\/p>\n<p class=\"contentpart contentpart--default contentpart--text\" data-position=\"4\">ZOBACZ WIDEO: Jan Urban jest lepszym selekcjonerem od Jerzego Brz\u0119czka? &#8222;Nie ma odpowiedzi&#8221;<\/p>\n<p class=\"contentpart contentpart--default contentpart--text\" data-position=\"6\">\u015arodowe mecze 1\/16 fina\u0142u Pucharu Kr\u00f3la:<br \/>Cultural Leonesa &#8211; <a href=\"https:\/\/sportowefakty.wp.pl\/pilka-nozna\/levante-ud\" rel=\"nofollow noopener\" target=\"_blank\">Levante UD<\/a>\u00a01:0 (1:0)<br \/>1:0 &#8211;\u00a0Tresaco 12&#8242;<\/p>\n<p> <img role=\"presentation\" src=\"https:\/\/std.wpcdn.pl\/images\/adv\/placeholder_wp.svg\" loading=\"lazy\" alt=\"\" decoding=\"async\"\/>  <\/p>\n<p class=\"contentpart contentpart--default contentpart--text\" data-position=\"7\"><a href=\"https:\/\/sportowefakty.wp.pl\/pilka-nozna\/albacete\" rel=\"nofollow noopener\" target=\"_blank\">Albacete Balompie<\/a>\u00a0&#8211; <a href=\"https:\/\/sportowefakty.wp.pl\/pilka-nozna\/celta-vigo\" rel=\"nofollow noopener\" target=\"_blank\">Celta Vigo<\/a>\u00a02:2 (2:2, 1:0) k. 3:0<br \/>1:0 &#8211; Betancor 18&#8242;<br \/>1:1 &#8211; Lancor 64&#8242;<br \/>1:2 &#8211; Iglesias 75&#8242;<br \/>2:2 &#8211; Vallejo 90+5&#8242;<\/p>\n<p class=\"contentpart contentpart--default contentpart--text\" data-position=\"8\">Baleares &#8211; <a href=\"https:\/\/sportowefakty.wp.pl\/pilka-nozna\/atletico-madryt\" rel=\"nofollow noopener\" target=\"_blank\">Atletico Madryt<\/a>\u00a02:3 (1:2)<br \/>0:1 &#8211; Griezmann 16&#8242;<br \/>0:2 &#8211; Raspadori 20&#8242;<br \/>1:2 &#8211; Bonet 28&#8242;<br \/>1:3 &#8211; Griezman 72&#8242;<br \/>2:3 &#8211; Keita (k.) 90&#8242;<\/p>\n<p class=\"contentpart contentpart--default contentpart--text\" data-position=\"9\"><a href=\"https:\/\/sportowefakty.wp.pl\/pilka-nozna\/sd-huesca\" rel=\"nofollow noopener\" target=\"_blank\">SD Huesca<\/a>\u00a0&#8211; <a href=\"https:\/\/sportowefakty.wp.pl\/pilka-nozna\/osasuna-pampeluna\" rel=\"nofollow noopener\" target=\"_blank\">CA Osasuna<\/a>\u00a02:4 (1:1, 1:1)<br \/>1:0 &#8211; Luna 35&#8242;<br \/>1:1 &#8211; Garcia 45+1&#8242;<br \/>1:2 &#8211; Garcia 95&#8242;<br \/>2:2 &#8211;\u00a0Kortajarena 105+1&#8242;<br \/>2:3 &#8211; Osambela 111&#8242;<br \/>2:4 &#8211; Budimir 118&#8242;<\/p>\n<p class=\"contentpart contentpart--default contentpart--text\" data-position=\"10\"><a href=\"https:\/\/sportowefakty.wp.pl\/pilka-nozna\/racing-santander\" rel=\"nofollow noopener\" target=\"_blank\">Racing Santander<\/a>\u00a0&#8211; <a href=\"https:\/\/sportowefakty.wp.pl\/pilka-nozna\/villarreal-cf\" rel=\"nofollow noopener\" target=\"_blank\">Villarreal CF<\/a>\u00a0 2:1 (2:0)<br \/>1:0 &#8211; Arana 6&#8242;<br \/>2:0 &#8211; Arana 28&#8242;<br \/>2:1 &#8211; Perez 86&#8242;<\/p>\n","protected":false},"excerpt":{"rendered":"W \u015brod\u0119 poznali\u015bmy kolejne zespo\u0142y, kt\u00f3re awansowa\u0142y do 1\/8 fina\u0142u Pucharu Kr\u00f3la. Nie oby\u0142o si\u0119 bez niespodzianek. Najwi\u0119ksz\u0105&hellip;\n","protected":false},"author":2,"featured_media":159215,"comment_status":"","ping_status":"","sticky":false,"template":"","format":"standard","meta":{"footnotes":""},"categories":[24],"tags":[31547,999,29768,20871,538,10442,269,540,42,38,40,39,41,30625,31549,31548,127,126,9405],"class_list":{"0":"post-159214","1":"post","2":"type-post","3":"status-publish","4":"format-standard","5":"has-post-thumbnail","7":"category-sport","8":"tag-albacete-balompie","9":"tag-atletico-madryt","10":"tag-ca-osasuna","11":"tag-celta-vigo","12":"tag-la-liga","13":"tag-levante-ud","14":"tag-pilka-nozna","15":"tag-pilka-nozna-w-hiszpanii","16":"tag-pl","17":"tag-poland","18":"tag-polish","19":"tag-polska","20":"tag-polski","21":"tag-puchar-krola","22":"tag-racing-santander","23":"tag-sd-huesca","24":"tag-sport","25":"tag-sports","26":"tag-villarreal-cf"},"share_on_mastodon":{"url":"https:\/\/pubeurope.com\/@pl\/115744443566931619","error":""},"_links":{"self":[{"href":"https:\/\/www.europesays.com\/pl\/wp-json\/wp\/v2\/posts\/159214","targetHints":{"allow":["GET"]}}],"collection":[{"href":"https:\/\/www.europesays.com\/pl\/wp-json\/wp\/v2\/posts"}],"about":[{"href":"https:\/\/www.europesays.com\/pl\/wp-json\/wp\/v2\/types\/post"}],"author":[{"embeddable":true,"href":"https:\/\/www.europesays.com\/pl\/wp-json\/wp\/v2\/users\/2"}],"replies":[{"embeddable":true,"href":"https:\/\/www.europesays.com\/pl\/wp-json\/wp\/v2\/comments?post=159214"}],"version-history":[{"count":0,"href":"https:\/\/www.europesays.com\/pl\/wp-json\/wp\/v2\/posts\/159214\/revisions"}],"wp:featuredmedia":[{"embeddable":true,"href":"https:\/\/www.europesays.com\/pl\/wp-json\/wp\/v2\/media\/159215"}],"wp:attachment":[{"href":"https:\/\/www.europesays.com\/pl\/wp-json\/wp\/v2\/media?parent=159214"}],"wp:term":[{"taxonomy":"category","embeddable":true,"href":"https:\/\/www.europesays.com\/pl\/wp-json\/wp\/v2\/categories?post=159214"},{"taxonomy":"post_tag","embeddable":true,"href":"https:\/\/www.europesays.com\/pl\/wp-json\/wp\/v2\/tags?post=159214"}],"curies":[{"name":"wp","href":"https:\/\/api.w.org\/{rel}","templated":true}]}}