{"id":159216,"date":"2025-12-19T04:53:12","date_gmt":"2025-12-19T04:53:12","guid":{"rendered":"https:\/\/www.europesays.com\/pl\/159216\/"},"modified":"2025-12-19T04:53:12","modified_gmt":"2025-12-19T04:53:12","slug":"ostatnie-zyczenie-magdy-umer-spelnione-znamy-miejsce-jej-spoczynku","status":"publish","type":"post","link":"https:\/\/www.europesays.com\/pl\/159216\/","title":{"rendered":"Ostatnie \u017cyczenie Magdy Umer spe\u0142nione. Znamy miejsce jej spoczynku"},"content":{"rendered":"<p class=\"article-p\" data-section=\"detail-body\">W pi\u0105tek 12 grudnia 2025 r. media poinformowa\u0142y o \u015bmierci Magdy Umer, wybitnej artystki i jednej z najwa\u017cniejszych postaci polskiej sceny muzycznej. Artystka zmar\u0142a w wieku 76 lat, a informacj\u0119 o jej odej\u015bciu potwierdzili synowie \u2014 Mateusz Pohoryles i Franciszek Przeradzki. Wiadomo, \u017ce ceremonia pogrzebowa odb\u0119dzie si\u0119 19 grudnia i gdzie spocznie ta wielka artystka.<\/p>\n<p>        Ostatnie miesi\u0105ce \u017cycia Magdy Umer<\/p>\n<p class=\"article-p\" data-section=\"detail-body\"><a href=\"https:\/\/ludzie.fakt.pl\/tak-wygladaly-ostatnie-miesiace-magdy-umer-syn-ujawnia-poruszajace-kulisy\/61wd7zr\" id=\"137bda31-c5dd-463a-94fa-d7f0424b07be\" rel=\"nofollow noopener\" target=\"_blank\">Kilka miesi\u0119cy przed \u015bmierci\u0105 Magda Umer zmaga\u0142a si\u0119 z powa\u017cnymi problemami zdrowotnymi,<\/a> kt\u00f3re zmusi\u0142y j\u0105 do odwo\u0142ania koncert\u00f3w. Dopiero po jej odej\u015bciu syn Franciszek Przeradzki ujawni\u0142 szczeg\u00f3\u0142y dotycz\u0105ce tego trudnego okresu. Jak napisa\u0142, w lipcu 2025 r. u artystki wykryto guza, kt\u00f3ry okaza\u0142 si\u0119 nowotworem z\u0142o\u015bliwym. <a href=\"https:\/\/ludzie.fakt.pl\/wzruszajace-slowa-przyjaciela-o-smierci-magdy-umer-wierzylismy-do-konca\/wz0194b\" id=\"f75475b2-348e-457b-8a19-233b23d84166\" rel=\"nofollow noopener\" target=\"_blank\">We wrze\u015bniu przesz\u0142a operacj\u0119, kt\u00f3ra dawa\u0142a nadziej\u0119 na popraw\u0119<\/a>, jednak w listopadzie dosz\u0142o do powa\u017cnych powik\u0142a\u0144<a href=\"https:\/\/ludzie.fakt.pl\/nie-zyje-magda-umer-stan-zdrowia-zmusil-ja-do-wycofania-sie-ze-sceny\/rdt1v2g\" id=\"d5e90399-2769-4efb-80ad-0f413391f608\" rel=\"nofollow noopener\" target=\"_blank\">, a jej stan gwa\u0142townie si\u0119 pogorszy\u0142. <\/a>Ostatecznie Magda Umer zmar\u0142a w otoczeniu rodziny.<\/p>\n<p>        Magda Umer chcia\u0142a spocz\u0105\u0107 obok m\u0119\u017ca<\/p>\n<p class=\"article-p\" data-section=\"detail-body\">Magda Umer przez niemal 40 lat by\u0142a \u017con\u0105 Andrzeja Przeradzkiego, kt\u00f3ry zmar\u0142 w listopadzie 2019 r. Po jego \u015bmierci artystka d\u0142ugo nie mog\u0142a pogodzi\u0107 si\u0119 z t\u0105 strat\u0105. Jak wynika z medialnych doniesie\u0144, wyrazi\u0142a \u017cyczenie, aby po \u015bmierci spocz\u0105\u0107 obok ukochanego m\u0119\u017ca.<\/p>\n<p class=\"article-p\" data-section=\"detail-body\">Gr\u00f3b Andrzeja Przeradzkiego znajduje si\u0119 na Cmentarzu Ewangelicko-Reformowanym w Warszawie, gdzie ostatecznie zostanie pochowana tak\u017ce Magda Umer. Rodzina uszanowa\u0142a wol\u0119 artystki. Jednak na nagrobku pojawi si\u0119 nieco inne imi\u0119 i nazwisko: Ma\u0142gorzata Umer-Przeradzka. Ma\u0142gorzata to pierwsze imi\u0119 zmar\u0142ej artystki.<\/p>\n","protected":false},"excerpt":{"rendered":"W pi\u0105tek 12 grudnia 2025 r. media poinformowa\u0142y o \u015bmierci Magdy Umer, wybitnej artystki i jednej z najwa\u017cniejszych&hellip;\n","protected":false},"author":2,"featured_media":159217,"comment_status":"","ping_status":"","sticky":false,"template":"","format":"standard","meta":{"footnotes":""},"categories":[22],"tags":[122,42,38,40,39,41,123],"class_list":{"0":"post-159216","1":"post","2":"type-post","3":"status-publish","4":"format-standard","5":"has-post-thumbnail","7":"category-rozrywka","8":"tag-entertainment","9":"tag-pl","10":"tag-poland","11":"tag-polish","12":"tag-polska","13":"tag-polski","14":"tag-rozrywka"},"share_on_mastodon":{"url":"https:\/\/pubeurope.com\/@pl\/115744447031514173","error":""},"_links":{"self":[{"href":"https:\/\/www.europesays.com\/pl\/wp-json\/wp\/v2\/posts\/159216","targetHints":{"allow":["GET"]}}],"collection":[{"href":"https:\/\/www.europesays.com\/pl\/wp-json\/wp\/v2\/posts"}],"about":[{"href":"https:\/\/www.europesays.com\/pl\/wp-json\/wp\/v2\/types\/post"}],"author":[{"embeddable":true,"href":"https:\/\/www.europesays.com\/pl\/wp-json\/wp\/v2\/users\/2"}],"replies":[{"embeddable":true,"href":"https:\/\/www.europesays.com\/pl\/wp-json\/wp\/v2\/comments?post=159216"}],"version-history":[{"count":0,"href":"https:\/\/www.europesays.com\/pl\/wp-json\/wp\/v2\/posts\/159216\/revisions"}],"wp:featuredmedia":[{"embeddable":true,"href":"https:\/\/www.europesays.com\/pl\/wp-json\/wp\/v2\/media\/159217"}],"wp:attachment":[{"href":"https:\/\/www.europesays.com\/pl\/wp-json\/wp\/v2\/media?parent=159216"}],"wp:term":[{"taxonomy":"category","embeddable":true,"href":"https:\/\/www.europesays.com\/pl\/wp-json\/wp\/v2\/categories?post=159216"},{"taxonomy":"post_tag","embeddable":true,"href":"https:\/\/www.europesays.com\/pl\/wp-json\/wp\/v2\/tags?post=159216"}],"curies":[{"name":"wp","href":"https:\/\/api.w.org\/{rel}","templated":true}]}}