{"id":159280,"date":"2025-12-19T06:10:17","date_gmt":"2025-12-19T06:10:17","guid":{"rendered":"https:\/\/www.europesays.com\/pl\/159280\/"},"modified":"2025-12-19T06:10:17","modified_gmt":"2025-12-19T06:10:17","slug":"agnieszka-kaczorowska-otwarcie-o-kolejnym-dziecku-moglabym-byc-mama","status":"publish","type":"post","link":"https:\/\/www.europesays.com\/pl\/159280\/","title":{"rendered":"Agnieszka Kaczorowska otwarcie o kolejnym dziecku. &#8222;Mog\u0142abym by\u0107 mam\u0105&#8221;"},"content":{"rendered":"<p class=\"ods-c-paragraph \"><a href=\"https:\/\/plejada.pl\/temat\/agnieszka-kaczorowska\" id=\"d2b0bfa7-4c31-4c2e-9d9e-0791ed39b05d\" rel=\"nofollow noopener\" target=\"_blank\">Agnieszka Kaczorowska<\/a> odk\u0105d rozsta\u0142a si\u0119 z Maciejem Pel\u0105 i zwi\u0105za\u0142a si\u0119 z Marcinem Rogacewiczem, z kt\u00f3rym wyst\u0119powa\u0142a w &#8222;Ta\u0144cu z gwiazdami&#8221;, ch\u0119tnie udziela wywiad\u00f3w, w kt\u00f3rych opowiada o swojej relacji z ukochanym i ich wsp\u00f3lnych projektach. <\/p>\n<p>Dalszy ci\u0105g artyku\u0142u pod materia\u0142em wideo<\/p>\n<p> Agnieszka Kaczorowska planuje trzecie dziecko? <\/p>\n<p> Dlaczego Kaczorowska nie planuje dziecka? <\/p>\n<p> Co m\u00f3wi\u0142a Kaczorowska o macierzy\u0144stwie? <\/p>\n<p> Jakie ma podej\u015bcie Kaczorowska do planowania przysz\u0142o\u015bci? <\/p>\n<p>  Agnieszka Kaczorowska my\u015bli o kolejnym dziecku? &#8222;Kocham by\u0107 mam\u0105&#8221;<\/p>\n<p class=\"ods-c-paragraph \">Agnieszka Kaczorowska by\u0142a go\u015bciem w podca\u015bcie &#8222;Call me mommy&#8221;, gdzie opowiedzia\u0142a o macierzy\u0144stwie. Zapytana, czy by\u0142aby w stanie by\u0107 mam\u0105 trzeciego dziecka, odpowiedzia\u0142a bez wahania:<\/p>\n<blockquote class=\"ods-o-quota\">\n<p class=\"ods-o-quota__paragraph\">Tak. Kocham by\u0107 mam\u0105. Niczego nie planuj\u0119 i niczego nie oczekuj\u0119. W\u0142a\u015bnie to jest ta wielka zmiana, kt\u00f3ra da\u0142a mi wolno\u015b\u0107 w \u017cyciu. Zadzia\u0142a si\u0119 ona we mnie przez ostatnie, w zasadzie my\u015bl\u0119, \u017ce ju\u017c ze dwa lata, ale ten ostatni rok by\u0142 takim budowaniem siebie na nowo, takim odradzaniem siebie. To jest taka wolno\u015b\u0107 w decydowaniu, co tu i teraz.<\/p>\n<\/blockquote>\n<p class=\"ods-c-paragraph \">W dalszej cz\u0119\u015bci rozmowy tancerka zacz\u0119\u0142a rozwodzi\u0107 si\u0119 na temat og\u00f3lnopoj\u0119tego planowania.<\/p>\n<p class=\"ods-c-paragraph \">&#8222;To jest bardzo trudne, bo jakby wszyscy chcemy planowa\u0107. Ty ju\u017c pewnie planujesz, co tam na \u015bwi\u0119ta zrobisz, kupisz i tak dalej. I to jest okej, bo trzeba pewne rzeczy planowa\u0107. Maj\u0105c dzieci, b\u0119d\u0105c mam\u0105, musisz zaplanowa\u0107, gdzie pojedziesz na ferie i co zrobisz z dzie\u0107mi w ferie lub czy gdzie\u015b je wy\u015blesz, czy jedziecie razem i tak dalej. Tak samo wakacje, r\u00f3\u017cne rzeczy. Musisz sobie ten kalendarz pi\u0119knie organizowa\u0107, ale jednocze\u015bnie ja nie wybiegam w przysz\u0142o\u015b\u0107. Mam swoje marzenia, mam swoje plany, ale ja decyduj\u0119 o tym, co jest tu i teraz, bo tak naprawd\u0119 nie wiesz, jaka b\u0119dzie rzeczywisto\u015b\u0107, gdzie b\u0119dziesz \u017cy\u0107, z kim b\u0119dziesz \u017cy\u0107. Chcesz, \u017ceby to by\u0142o tak i tak, ale nie planuj. Odklej si\u0119 od planowania. Odpu\u015b\u0107 planowanie. To jest w og\u00f3le taka absolutnie cudowna rzecz, \u017ce ja nie my\u015bl\u0119 o tym &#8222;\u2014 m\u00f3wi\u0142a.<\/p>\n<p class=\"ods-c-paragraph \">Kaczorowska nast\u0119pnie wr\u00f3ci\u0142a do pytania o dziecku. Jak sama przyzna\u0142a, mog\u0142aby ponownie zaj\u015b\u0107 w ci\u0105\u017c\u0119, bo \u0142atwo odnalaz\u0142aby si\u0119 w tej roli, ale na razie nie ma tego w planach.<\/p>\n<blockquote class=\"ods-o-quota\">\n<p class=\"ods-o-quota__paragraph\">Pytasz mnie, czy mog\u0142abym [mie\u0107 kolejne dziecko \u2014 przyp. red.]? Mog\u0142abym, bo kocham by\u0107 mam\u0105. Czy planuj\u0119, nie planuj\u0119 i nie wiem. Trudno mi odpowiedzie\u0107 na to pytanie, czy chc\u0119. Na ten moment jestem w takim momencie \u017cycia, \u017ce jestem skoncentrowana na moich dziewczynkach plus swojej pracy zawodowej. Co b\u0119dzie w przysz\u0142o\u015bci? Nie wiem.<\/p>\n<\/blockquote>\n<p class=\"ods-c-paragraph \">\u2014 wyzna\u0142a.<\/p>\n<p><img decoding=\"async\" src=\"https:\/\/www.europesays.com\/pl\/wp-content\/uploads\/2025\/11\/dUSk9lBaHR0cHM6Ly9vY2RuLmV1L3B1bHNjbXMvTURBXy8wMDM3NGRhM2I1ODQwYjc2MWVkZTE3NGU4ZmE1YmQ3NS5qcGeRlQLNA.jpeg\" height=\"529\" width=\"940\" alt=\"Agnieszka Kaczorowska\" loading=\"lazy\" class=\"ods-c-image__img ods-c-image__img--vertical\"\/><\/p>\n<p>Agnieszka KaczorowskaAndras Szilagyi \/ MW Media<\/p>\n<p class=\"ods-c-paragraph \">Dzi\u0119kujemy, \u017ce przeczyta\u0142a\u015b\/e\u015b nasz artyku\u0142 do ko\u0144ca. W serwisie Plejada.pl ka\u017cdego dnia piszemy o najwa\u017cniejszych wydarzeniach show-biznesowych. B\u0105d\u017a na bie\u017c\u0105co! <a rel=\"nofollow noopener\" href=\"https:\/\/profile.google.com\/cp\/Cg0vZy8xMWJ6X19wdHBx\" id=\"1a6d7fe2-e437-4e7a-b922-9555b6ec797b\" target=\"_blank\">Obserwuj<\/a> Plejad\u0119 w Wiadomo\u015bciach Google. Odwied\u017a nas tak\u017ce na <a rel=\"nofollow noopener\" href=\"https:\/\/www.facebook.com\/plejadapl\" id=\"b7a64f73-a11b-46ca-9ae1-6f94073bc427\" target=\"_blank\">Facebooku<\/a>, <a rel=\"nofollow noopener\" href=\"https:\/\/www.instagram.com\/plejadapl\/\" id=\"712e0a9d-64b7-4342-b109-f290093ac745\" target=\"_blank\">Instagramie<\/a>, <a rel=\"nofollow noopener\" href=\"https:\/\/www.youtube.com\/c\/plejada\" id=\"af152701-6ceb-4f8c-86c2-dc627d713b2c\" target=\"_blank\">YouTube<\/a> oraz <a rel=\"nofollow noopener\" href=\"https:\/\/www.tiktok.com\/@plejada_pl\" id=\"818ce7c4-bb49-4ef0-8052-c08435d4e05d\" target=\"_blank\">TikToku<\/a>.<\/p>\n<p class=\"ods-c-paragraph \">Chcesz podzieli\u0107 si\u0119 ciekawym newsem lub zaproponowa\u0107 temat? Skontaktuj si\u0119 z nami, pisz\u0105c e-maila na adres: <a rel=\"nofollow noopener\" href=\"https:\/\/plejada.pl\/newsy\/agnieszka-kaczorowska-otwarcie-o-kolejnym-dziecku-moglabym-byc-mama\/mailto:plejada@redakcjaonet.pl\" id=\"6544773e-abad-4d49-bb6b-d6d97e63fc83\" target=\"_blank\">plejada@redakcjaonet.pl<\/a>.<\/p>\n<p><script async src=\"\/\/www.instagram.com\/embed.js\"><\/script><script async src=\"\/\/www.tiktok.com\/embed.js\"><\/script><\/p>\n","protected":false},"excerpt":{"rendered":"Agnieszka Kaczorowska odk\u0105d rozsta\u0142a si\u0119 z Maciejem Pel\u0105 i zwi\u0105za\u0142a si\u0119 z Marcinem Rogacewiczem, z kt\u00f3rym wyst\u0119powa\u0142a w&hellip;\n","protected":false},"author":2,"featured_media":159281,"comment_status":"","ping_status":"","sticky":false,"template":"","format":"standard","meta":{"footnotes":""},"categories":[22],"tags":[172,122,48,125,46,42,38,40,39,41,123,47],"class_list":{"0":"post-159280","1":"post","2":"type-post","3":"status-publish","4":"format-standard","5":"has-post-thumbnail","7":"category-rozrywka","8":"tag-agnieszka_kaczorowska","9":"tag-entertainment","10":"tag-nat_styl","11":"tag-newsy","12":"tag-omp","13":"tag-pl","14":"tag-poland","15":"tag-polish","16":"tag-polska","17":"tag-polski","18":"tag-rozrywka","19":"tag-screening_general"},"share_on_mastodon":{"url":"https:\/\/pubeurope.com\/@pl\/115744750160845489","error":""},"_links":{"self":[{"href":"https:\/\/www.europesays.com\/pl\/wp-json\/wp\/v2\/posts\/159280","targetHints":{"allow":["GET"]}}],"collection":[{"href":"https:\/\/www.europesays.com\/pl\/wp-json\/wp\/v2\/posts"}],"about":[{"href":"https:\/\/www.europesays.com\/pl\/wp-json\/wp\/v2\/types\/post"}],"author":[{"embeddable":true,"href":"https:\/\/www.europesays.com\/pl\/wp-json\/wp\/v2\/users\/2"}],"replies":[{"embeddable":true,"href":"https:\/\/www.europesays.com\/pl\/wp-json\/wp\/v2\/comments?post=159280"}],"version-history":[{"count":0,"href":"https:\/\/www.europesays.com\/pl\/wp-json\/wp\/v2\/posts\/159280\/revisions"}],"wp:featuredmedia":[{"embeddable":true,"href":"https:\/\/www.europesays.com\/pl\/wp-json\/wp\/v2\/media\/159281"}],"wp:attachment":[{"href":"https:\/\/www.europesays.com\/pl\/wp-json\/wp\/v2\/media?parent=159280"}],"wp:term":[{"taxonomy":"category","embeddable":true,"href":"https:\/\/www.europesays.com\/pl\/wp-json\/wp\/v2\/categories?post=159280"},{"taxonomy":"post_tag","embeddable":true,"href":"https:\/\/www.europesays.com\/pl\/wp-json\/wp\/v2\/tags?post=159280"}],"curies":[{"name":"wp","href":"https:\/\/api.w.org\/{rel}","templated":true}]}}