{"id":159313,"date":"2025-12-19T06:37:19","date_gmt":"2025-12-19T06:37:19","guid":{"rendered":"https:\/\/www.europesays.com\/pl\/159313\/"},"modified":"2025-12-19T06:37:19","modified_gmt":"2025-12-19T06:37:19","slug":"ukraincy-pracuja-placa-skladki-ale-dom-maja-gdzie-indziej-polska-moze-miec-powazny-problem","status":"publish","type":"post","link":"https:\/\/www.europesays.com\/pl\/159313\/","title":{"rendered":"Ukrai\u0144cy pracuj\u0105, p\u0142ac\u0105 sk\u0142adki, ale dom maj\u0105 gdzie indziej. Polska mo\u017ce mie\u0107 powa\u017cny problem"},"content":{"rendered":"<ul>&#13;<\/p>\n<li>W Polsce obecnie przebywa legalnie ok. 1,5 mln obywateli Ukrainy, Zdecydowana wi\u0119kszo\u015b\u0107 z nich pracuje.<\/li>\n<p>&#13;<\/p>\n<li>40 na 10 doros\u0142ych Ukrai\u0144c\u00f3w prawdopodobnie planuje pozosta\u0107 w Polsce na sta\u0142e.<\/li>\n<p>&#13;<\/p>\n<li>Jednak fakt posiadania pracy ma niedu\u017cy wp\u0142yw na ich decyzj\u0119 o pozostaniu w Polsce. Du\u017co wi\u0119ksze znaczenie ma poziom integracji spo\u0142ecznej czy kulturowej, a w tym przypadku jest wiele do nadrobienia.<\/li>\n<p>&#13;\n<\/ul>\n<p>Cztery grupy Ukrai\u0144c\u00f3w w Polsce. Wi\u0119kszo\u015b\u0107 z nich pracuje<\/p>\n<p>W Polsce obecnie legalnie przebywa ponad 1,5 mln imigrant\u00f3w z Ukrainy (dzieci i doros\u0142ych). Oko\u0142o 75-85 proc. doros\u0142ych jest aktywnych zawodowo.\u00a0W por\u00f3wnaniu z innymi krajami Europy wska\u017anik ten jest bardzo wysoki.<\/p>\n<p>        <a href=\"https:\/\/www.pulshr.pl\/prawo-pracy\/26-dni-urlopu-ale-az-40-dni-wolnego-w-2026-roku-pracownicy-beda-zadowoleni,115932.html\" class=\"read-more-box-img-cnt\" rel=\"nofollow noopener\" target=\"_blank\"><br \/>\n        \t            <img decoding=\"async\" src=\"https:\/\/www.europesays.com\/pl\/wp-content\/uploads\/2025\/12\/131940_r0_300.jpg\" class=\"read-more-box-img\" loading=\"lazy\" alt=\"26 dni urlopu, ale a\u017c 40 dni wolnego w 2026 roku. Pracownicy b\u0119d\u0105 zadowoleni\" width=\"300\" height=\"200\"\/><br \/>\n                    <\/a><\/p>\n<p>W najnowszym raporcie\u00a0Polskiego Instytutu Ekonomicznego \u201eIntegracja imigrant\u00f3w z Ukrainy na tle plan\u00f3w dotycz\u0105cych pobytu w Polsce&#8221; przeczytamy, \u017ce Ukrai\u0144c\u00f3w obecnych w Polsce podzieli\u0107 mo\u017cemy na cztery grupy. To:<\/p>\n<ul>&#13;<\/p>\n<li>go\u015bcie (39 proc.) &#8211; najwi\u0119ksza grupa, z\u0142o\u017cona z aktywnych zawodowo os\u00f3b (g\u0142\u00f3wnie m\u0119\u017cczyzn) przyby\u0142ych do Polski w wi\u0119kszo\u015bci po wybuchy wojny w Ukrainie w lutym 2022 r. Cho\u0107 ponad 60 proc. posiada wykszta\u0142cenie wy\u017csze, 75 proc. pracuje w zawodach niewymagaj\u0105cych wysokich kwalifikacji. Mediana wieku w tej grupie to 45 lat, a po\u0142owa jest w zwi\u0105zku ma\u0142\u017ce\u0144skim;<\/li>\n<p>&#13;<\/p>\n<li>podr\u00f3\u017cniczki (30 proc.) &#8211; wy\u0142\u0105cznie m\u0142ode kobiety (2\/3 w wieku 30-44 lata) przyby\u0142e do Polski po eskalacji wojny. Wszystkie pracuj\u0105, 44 proc. w us\u0142ugach (gastronomia, handel, ochrona zdrowia, inne us\u0142ugi) i edukacji. Co dziesi\u0105ta prowadzi w\u0142asn\u0105 dzia\u0142alno\u015b\u0107 gospodarcz\u0105;<\/li>\n<p>&#13;<\/p>\n<li>przybysze (16 proc.) &#8211; osoby niepracuj\u0105ce (2\/3 z nich to osoby bezrobotne poszukuj\u0105ce pracy, a 1\/3 to osoby nieaktywne zawodowo), do kt\u00f3rych nale\u017c\u0105 g\u0142\u00f3wnie kobiety mieszkaj\u0105ce w Polsce nie d\u0142u\u017cej ni\u017c 4 lata. 65 proc. z nich to osoby z wy\u017cszym wykszta\u0142ceniem, wi\u0119kszo\u015b\u0107 jest w zwi\u0105zku ma\u0142\u017ce\u0144skim;<\/li>\n<p>&#13;<\/p>\n<li>osadnicy (15 proc.) &#8211; m\u0142ode osoby, kt\u00f3re przebywaj\u0105 w Polsce d\u0142u\u017cej ni\u017c 4 lata. S\u0105 to przewa\u017cnie m\u0119\u017cczy\u017ani pracuj\u0105cy zar\u00f3wno w zawodach wymagaj\u0105cych niewielkich i \u015brednich, jak i wysokich kwalifikacji. Jest to grupa o najwy\u017cszych dochodach, zamieszkuj\u0105ca przede wszystkim du\u017ce miasta.<\/li>\n<p>&#13;\n<\/ul>\n<p>Integracja Ukrai\u0144c\u00f3w post\u0119puje najszybciej w wymiarze ekonomicznym<\/p>\n<p>Z raportu PIE wynika, \u017ce\u00a0ich integracja w Polsce jest procesem wyra\u017anie zr\u00f3\u017cnicowanym w poszczeg\u00f3lnych wymiarach. \u201eWej\u015bcie\u201d w spo\u0142ecze\u0144stwo nie jest jednolitym, r\u00f3wnomiernym procesem;\u00a0 post\u0119py w r\u00f3\u017cnych aspektach \u017cycia spo\u0142ecznego przebiegaj\u0105 w odmiennym tempie.<\/p>\n<p>\t\t<img decoding=\"async\" loading=\"lazy\" alt=\"Raport PIE: Integracja imigrant\u00f3w z Ukrainy na tle plan\u00f3w dotycz\u0105cych pobytu w Polsce Licencja: Materia\u0142y prasowe \/ PIE\" src=\"https:\/\/www.europesays.com\/pl\/wp-content\/uploads\/2025\/12\/131962.png\" width=\"990\" height=\"543\"\/><\/p>\n<p>\n\t\tRaport PIE: Integracja imigrant\u00f3w z Ukrainy na tle plan\u00f3w dotycz\u0105cych pobytu w Polsce Licencja: Materia\u0142y prasowe \/ PIE\n\t<\/p>\n<p>Ich integracja post\u0119puje najszybciej w wymiarze ekonomicznym, znacznie wolniej za\u015b w wymiarze kulturowym, spo\u0142ecznym oraz to\u017csamo\u015bciowym.\u00a0<\/p>\n<p>Jak wskazuje Cezary Przyby\u0142, doradca w zespole analiz proces\u00f3w spo\u0142ecznych w PIE, najwy\u017cszy poziom integracji mo\u017cna zaobserwowa\u0107 w wymiarze ekonomicznym, co wskazuje, \u017ce imigranci stosunkowo najlepiej radz\u0105 sobie w sferze pracy, zatrudnienia i ekonomicznego utrzymania si\u0119 w Polsce.<\/p>\n<p>        <a href=\"https:\/\/www.pulshr.pl\/rekrutacja\/najbardziej-poszukiwane-zawody-w-2026-roku-w-tych-profesjach-najlatwiej-znajdziesz-prace,115927.html\" class=\"read-more-box-img-cnt\" rel=\"nofollow noopener\" target=\"_blank\"><br \/>\n        \t            <img decoding=\"async\" src=\"https:\/\/www.europesays.com\/pl\/wp-content\/uploads\/2025\/12\/131931_r0_300.jpg\" class=\"read-more-box-img\" loading=\"lazy\" alt=\"Najbardziej poszukiwane zawody w 2026 roku. W tych profesjach naj\u0142atwiej znajdziesz prac\u0119\" width=\"300\" height=\"200\"\/><br \/>\n                    <\/a><\/p>\n<p>&#8211; Poziom aktywno\u015bci zawodowej doros\u0142ych imigrant\u00f3w z Ukrainy, kt\u00f3ry wynosi 75-85 proc., jest wy\u017cszy ni\u017c w\u015br\u00f3d Polak\u00f3w. Imigranci z Ukrainy stanowi\u0105 ju\u017c 5 proc. wszystkich os\u00f3b ubezpieczonych w ZUS, uzupe\u0142niaj\u0105c wakaty w kluczowych dla gospodarki obszarach, takich jak us\u0142ugi, przemys\u0142, budownictwo czy bran\u017ca TSL. Ni\u017cszy poziom integracji notowany jest natomiast w wymiarze kulturowym, spo\u0142ecznym i to\u017csamo\u015bciowym. To oznacza, \u017ce proces adaptacji norm kulturowych, budowania wi\u0119zi spo\u0142ecznych i poczucia przynale\u017cno\u015bci do kraju przebiega znacznie wolniej, co mo\u017ce by\u0107 barier\u0105 dla pe\u0142nej integracji oraz podj\u0119cia decyzji o pozostaniu w Polsce na sta\u0142e. Odpowied\u017a na to wyzwanie ma strategiczne znaczenie w obliczu wyzwa\u0144 demograficznych, przed jakimi stoi Polska, takich jak starzej\u0105ce si\u0119 spo\u0142ecze\u0144stwo i deficyt si\u0142y roboczej &#8211; zauwa\u017ca\u00a0Cezary Przyby\u0142.<\/p>\n<p>4 na 10 Ukrai\u0144c\u00f3w chce pozosta\u0107 w Polsce na sta\u0142e<\/p>\n<p>Wed\u0142ug szacunk\u00f3w PIE w przypadku 4 na 10 doros\u0142ych Ukrai\u0144c\u00f3w istnieje du\u017ce prawdopodobie\u0144stwo pozostania w Polsce na sta\u0142e. Ro\u015bnie ono wraz ze zwi\u0119kszaniem stopnia integracji z Polsk\u0105. Jednak z analizy PIE wynika,\u00a0i\u017c stabilizacja ekonomiczna nie jest wystarczaj\u0105cym ani dominuj\u0105cym czynnikiem decyduj\u0105cym o planach dotycz\u0105cych pozostania w Polsce.<\/p>\n<p>Du\u017co wi\u0119ksze znaczenie ma wymiar to\u017csamo\u015bciowy, kt\u00f3ry jest ponad cztery razy silniej skorelowany z decyzj\u0105 o pozostaniu ni\u017c wymiar ekonomiczny. To oznacza, \u017ce decyzja o pozostaniu w Polsce jest w wi\u0119kszym stopniu kwesti\u0105 psychologiczn\u0105 i emocjonaln\u0105, a nie pragmatycznym kalkulowaniem wymiernych korzy\u015bci.<\/p>\n<p>        <a href=\"https:\/\/www.pulshr.pl\/zarzadzanie\/ukraincy-zrobili-cos-co-moze-mocno-zaszkodzic-polsce,115720.html\" class=\"read-more-box-img-cnt\" rel=\"nofollow noopener\" target=\"_blank\"><br \/>\n        \t            <img decoding=\"async\" src=\"https:\/\/www.europesays.com\/pl\/wp-content\/uploads\/2025\/12\/131645_r0_300.jpg\" class=\"read-more-box-img\" loading=\"lazy\" alt=\"Ukrai\u0144cy zrobili co\u015b, co mo\u017ce mocno zaszkodzi\u0107 Polsce\" width=\"300\" height=\"200\"\/><br \/>\n                    <\/a><\/p>\n<p>&#8211; Badani\u00a0nie tylko deklaruj\u0105, \u017ce chc\u0105 pozosta\u0107 w Polsce, ale podj\u0119li te\u017c r\u00f3\u017cne dzia\u0142ania, kt\u00f3re na to wskazuj\u0105, np. w zakresie legalizacji pobytu. Im wy\u017cszy poziom \u201ewej\u015bcia\u201d w spo\u0142ecze\u0144stwo, tym wy\u017csze prawdopodobie\u0144stwo pozostania, przy czym najwi\u0119ksze istnieje w przypadku \u201eosadnik\u00f3w\u201d, kt\u00f3r\u0105 to grup\u0119 tworz\u0105 relatywnie m\u0142odzi ludzie\u00a0mieszkaj\u0105cy w Polsce od ponad 4 lat (przybyli przed eskalacj\u0105 wojny). D\u0142u\u017cszy ni\u017c w przypadku pozosta\u0142ych imigrant\u00f3w czas pobytu w Polsce pozwoli\u0142 im na nabycie kompetencji j\u0119zykowych, budow\u0119 kapita\u0142u spo\u0142ecznego, poprzez regularne kontakty z Polakami, partycypacj\u0119 w polskich organizacjach i inicjatywach spo\u0142ecznych oraz stabilizacj\u0119 ekonomiczn\u0105\u00a0&#8211; uwa\u017ca Dominika Prud\u0142o, analityczka w zespole analiz proces\u00f3w spo\u0142ecznych w PIE.<\/p>\n<p><a href=\"https:\/\/www.pulshr.pl\/zarzadzanie\/ukraincy-zrobili-cos-co-moze-mocno-zaszkodzic-polsce,115720.html\" target=\"_blank\" rel=\"nofollow noopener\">Natomiast z analizy Narodowego Banku Polskiego wynika, \u017ce 1\/4 uchod\u017ac\u00f3w z Ukrainy chce zosta\u0107 w Polsce na sta\u0142e<\/a>.\u00a0Odsetek Ukrai\u0144c\u00f3w deklaruj\u0105cych ch\u0119\u0107 pozostania na sta\u0142e w Polsce wzr\u00f3s\u0142 o 3 punkty procentowe.\u00a0<\/p>\n<p>W\u015br\u00f3d imigrant\u00f3w przedwojennych znaj\u0105cych dobrze j\u0119zyk polski ju\u017c 55 proc. deklaruje pozostanie w Polsce na sta\u0142e. Te osoby, kt\u00f3re maj\u0105 gorsz\u0105 znajomo\u015b\u0107 j\u0119zyka, rzadziej tak deklarowa\u0142y (27-28 proc.). Z kolei w\u015br\u00f3d uchod\u017ac\u00f3w dobrze znaj\u0105cych j\u0119zyk polski ten odsetek wynosi\u0142 31-34 proc., natomiast w\u015br\u00f3d os\u00f3b, kt\u00f3re nie m\u00f3wi\u0105 biegle w tym j\u0119zyku, odsetek spad\u0142 do 14-18 proc. w zale\u017cno\u015bci od p\u0142ci.<\/p>\n<p>Jak czytamy w badaniu NBP, na ch\u0119\u0107 pozostania w Polsce na sta\u0142e wp\u0142ywa r\u00f3wnie\u017c miejsce zamieszkania &#8211; ci, kt\u00f3rzy \u017cyj\u0105 poza du\u017cymi miastami, rzadziej deklaruj\u0105 ch\u0119\u0107 pozostania tu na sta\u0142e.<\/p>\n<p>Tak zatrzymamy Ukrai\u0144c\u00f3w w Polsce. Ich odej\u015bcie nie oznacza nic dobrego<\/p>\n<p>Z analizy PIE wynika, \u017ce\u00a0istnieje niskie i bardzo niskie prawdopodobie\u0144stwo, \u017ce oko\u0142o 650 tys. pracuj\u0105cych imigrant\u00f3w pozostanie\u00a0na polskim rynku pracy. Oko\u0142o 300 tys. z nich stanowi\u0105 m\u0119\u017cczy\u017ani pracuj\u0105cy w pracach\u00a0 prostych i wymagaj\u0105cych co najwy\u017cej \u015brednich kwalifikacji (m.in. przemys\u0142 i rzemios\u0142o, us\u0142ugi remontowo-wyko\u0144czeniowe, budownictwo, transport). Z polskiego rynku pracy mo\u017ce te\u017c odej\u015b\u0107 oko\u0142o 285 tys. relatywnie m\u0142odych imigrantek z Ukrainy, kt\u00f3re pracuj\u0105 g\u0142\u00f3wnie w us\u0142ugach (gastronomia, handel, ochrona zdrowia, opieka zdrowotna, inne us\u0142ugi), w edukacji i t\u0142umaczeniach.<\/p>\n<p>        <a href=\"https:\/\/www.pulshr.pl\/prawo-pracy\/na-te-decyzje-czekali-tysiace-mlodych-ukraincow-szturmuja-polskie-przejscia-graniczne,115674.html\" class=\"read-more-box-img-cnt\" rel=\"nofollow noopener\" target=\"_blank\"><br \/>\n        \t            <img decoding=\"async\" src=\"https:\/\/www.europesays.com\/pl\/wp-content\/uploads\/2025\/12\/131591_r0_300.jpg\" class=\"read-more-box-img\" loading=\"lazy\" alt=\"Na t\u0119 decyzj\u0119 czekali. Tysi\u0105ce m\u0142odych Ukrai\u0144c\u00f3w szturmuj\u0105 polskie przej\u015bcia graniczne\" width=\"300\" height=\"200\"\/><br \/>\n                    <\/a><\/p>\n<p>Potencjalne opuszczenie polskiego rynku pracy przez te grupy imigrant\u00f3w b\u0119dzie oznacza\u0107 nie tylko spadek zasobu si\u0142y roboczej, ale r\u00f3wnie\u017c pog\u0142\u0119bienie problem\u00f3w z rekrutacj\u0105 pracownik\u00f3w w zawodach deficytowych.<\/p>\n<p>&#8211;\u00a0Aby zatrzyma\u0107 ukrai\u0144skich pracownik\u00f3w na polskim rynku pracy, polityka integracyjna powinna uzupe\u0142ni\u0107 naturalny proces integracji ekonomicznej o strukturalne programy wspieraj\u0105ce integracj\u0119 kulturow\u0105 i spo\u0142eczn\u0105. Polityka retencji musi wi\u0119c adresowa\u0107 niepewno\u015b\u0107 prawn\u0105, u\u0142atwia\u0107 uzyskanie obywatelstwa, przeciwdzia\u0142a\u0107 wykluczeniu, edukowa\u0107 mi\u0119dzykulturowo, zapewnia\u0107 wsparcie dla rodzin, a tak\u017ce atrakcyjne wzgl\u0119dem innych kraj\u00f3w alternatywy ekonomiczne, kt\u00f3re b\u0119d\u0105 m.in. przyci\u0105ga\u0107 wysoko wykwalifikowanych imigrant\u00f3w\u00a0&#8211; podsumowuje Cezary Przyby\u0142.<\/p>\n","protected":false},"excerpt":{"rendered":"&#13; W Polsce obecnie przebywa legalnie ok. 1,5 mln obywateli Ukrainy, Zdecydowana wi\u0119kszo\u015b\u0107 z nich pracuje. &#13; 40&hellip;\n","protected":false},"author":2,"featured_media":159314,"comment_status":"","ping_status":"","sticky":false,"template":"","format":"standard","meta":{"footnotes":""},"categories":[5],"tags":[664,670,21410,21404,21407,21413,31561,31564,31567,32,33,36,37,27,34,35,28,31,31562,21402,31565,21405,31559,668,21408,21411,25,42,38,40,39,41,29,30,31563,21403,31566,21406,31560,669,21409,21412,26],"class_list":{"0":"post-159313","1":"post","2":"type-post","3":"status-publish","4":"format-standard","5":"has-post-thumbnail","7":"category-naglowki","8":"tag-typedefinedterm","9":"tag-20321-html","10":"tag-29209-html","11":"tag-38036-html","12":"tag-38082-html","13":"tag-42193-html","14":"tag-43470-html","15":"tag-59305-html","16":"tag-59306-html","17":"tag-breaking-news","18":"tag-breakingnews","19":"tag-featured-news","20":"tag-featurednews","21":"tag-headlines","22":"tag-latest-news","23":"tag-latestnews","24":"tag-naglowki","25":"tag-najwazniejsze-artykuly","26":"tag-namecezary-przybyu0142","27":"tag-namecudzoziemcy","28":"tag-namedominika-prudu0142o","29":"tag-nameobcokrajowcy","30":"tag-namepie","31":"tag-namerynek-pracy","32":"tag-nameukraina","33":"tag-nameukraiu0144cy","34":"tag-news","35":"tag-pl","36":"tag-poland","37":"tag-polish","38":"tag-polska","39":"tag-polski","40":"tag-top-stories","41":"tag-topstories","42":"tag-urlhttps-www-pulshr-pl-lista-cezary-przybyl","43":"tag-urlhttps-www-pulshr-pl-lista-cudzoziemcy","44":"tag-urlhttps-www-pulshr-pl-lista-dominika-prudlo","45":"tag-urlhttps-www-pulshr-pl-lista-obcokrajowcy","46":"tag-urlhttps-www-pulshr-pl-lista-pie","47":"tag-urlhttps-www-pulshr-pl-lista-rynek-pracy","48":"tag-urlhttps-www-pulshr-pl-lista-ukraina","49":"tag-urlhttps-www-pulshr-pl-lista-ukraincy","50":"tag-wiadomosci"},"share_on_mastodon":{"url":"","error":"Validation failed: Text character limit of 500 exceeded"},"_links":{"self":[{"href":"https:\/\/www.europesays.com\/pl\/wp-json\/wp\/v2\/posts\/159313","targetHints":{"allow":["GET"]}}],"collection":[{"href":"https:\/\/www.europesays.com\/pl\/wp-json\/wp\/v2\/posts"}],"about":[{"href":"https:\/\/www.europesays.com\/pl\/wp-json\/wp\/v2\/types\/post"}],"author":[{"embeddable":true,"href":"https:\/\/www.europesays.com\/pl\/wp-json\/wp\/v2\/users\/2"}],"replies":[{"embeddable":true,"href":"https:\/\/www.europesays.com\/pl\/wp-json\/wp\/v2\/comments?post=159313"}],"version-history":[{"count":0,"href":"https:\/\/www.europesays.com\/pl\/wp-json\/wp\/v2\/posts\/159313\/revisions"}],"wp:featuredmedia":[{"embeddable":true,"href":"https:\/\/www.europesays.com\/pl\/wp-json\/wp\/v2\/media\/159314"}],"wp:attachment":[{"href":"https:\/\/www.europesays.com\/pl\/wp-json\/wp\/v2\/media?parent=159313"}],"wp:term":[{"taxonomy":"category","embeddable":true,"href":"https:\/\/www.europesays.com\/pl\/wp-json\/wp\/v2\/categories?post=159313"},{"taxonomy":"post_tag","embeddable":true,"href":"https:\/\/www.europesays.com\/pl\/wp-json\/wp\/v2\/tags?post=159313"}],"curies":[{"name":"wp","href":"https:\/\/api.w.org\/{rel}","templated":true}]}}