{"id":159321,"date":"2025-12-19T06:42:17","date_gmt":"2025-12-19T06:42:17","guid":{"rendered":"https:\/\/www.europesays.com\/pl\/159321\/"},"modified":"2025-12-19T06:42:17","modified_gmt":"2025-12-19T06:42:17","slug":"nocny-atak-ukrainskich-dronow-rosjanie-stracili-sprzet-za-200-mln-dol-onet","status":"publish","type":"post","link":"https:\/\/www.europesays.com\/pl\/159321\/","title":{"rendered":"Nocny atak ukrai\u0144skich dron\u00f3w. Rosjanie stracili sprz\u0119t za 200 mln dol. &#8211; Onet"},"content":{"rendered":"<ol>\n<li><a href=\"https:\/\/news.google.com\/rss\/articles\/CBMi0gFBVV95cUxNSEJjOUR0ZVBMcUZYOGdUeUpVTXhTY1RNOUlXallfaHhRWkh3bnlLTll2c3l4Z1pOZzJzR1FRQmZaNFdFcGEzdFBpajBMTnFRUnNfQnlqcG5PbzJiSHJIM3RZLUN5cmNsNzRYNlV0cHB4dVl3b1IwZ1Q2b3lldG4zckxHOW5MSjNMMWJyMXZTMTZiOGtFQ2ZWcm1TUWdQSmxFb0dSMkVFa1FmRWlaZ0xiRGFiNEVhSFFCa1p2Sm8xY3JuVUp6bVpUT000SWc1SVFySXc?oc=5\" target=\"_blank\" rel=\"nofollow noopener\">Nocny atak ukrai\u0144skich dron\u00f3w. Rosjanie stracili sprz\u0119t za 200 mln dol.<\/a>&nbsp;&nbsp;Onet<\/li>\n<li><a href=\"https:\/\/news.google.com\/rss\/articles\/CBMiywFBVV95cUxPVGxfQ0JRR2J0TTc3eWdSMDYtYy1FYkZqcWtnWTJMZXIyTzdUWVcwWnFnS0xkU1dvMlRPLWU3V2M5UmM5SUVZTmVWbDFtY3FVMXpFa1ZxRVY1eW9UTVNHSnJVNm1ubUJkSzhSR1RQd3JtZjJDXzdUbmdXT25wZEdUR2Y4QVgtMzY2c01OQVZYNXgzWV83QTlYRklBWVpwQVNKUUUyYkJvS0FaMG9tbFk3N1ZMTTVka0ZYQ2xwdnNmQkdCS0h2LXhVN3RZTQ?oc=5\" target=\"_blank\" rel=\"nofollow noopener\">S\u0105dna noc na Krymie. Ukraina zniszczy\u0142a najgro\u017aniejszy samolot Rosji<\/a>&nbsp;&nbsp;Komputer \u015awiat<\/li>\n<li><a href=\"https:\/\/news.google.com\/rss\/articles\/CBMisgFBVV95cUxNTzlKMTJaUWxvNlhIMUFaVVhKcTN1d2lqaW9LT3pMV1NkOEVJSU5TcjZzNmFjSm9QRUczaGZpSnRJZzlkS0l4MS1qaTBVZGI0TEUxeWJETUZJc2JVN0VCR1lXeExWM3JMYjV2SE5SQmJJOUZuTk9DbU9IT2RNNEdNYWhubm93RFpwUEVNaEpYUlhzNEV4RUNDM0tDWV9KbU5adTMzc3JRcnQzT2FQT28xWlJR?oc=5\" target=\"_blank\" rel=\"nofollow noopener\">Ukrai\u0144cy zaskoczyli Rosjan. &#8222;Masakra&#8221; na polnej drodze, S-400 eksplodowa\u0142y<\/a>&nbsp;&nbsp;Polskie Radio 24<\/li>\n<li><a href=\"https:\/\/news.google.com\/rss\/articles\/CBMivwFBVV95cUxPUHl0SDJxOTNZaVgyMHkxWWFNOUpHajJwVFozSHM3ZzZ4a2lxeFhWOThDTVJ4SEtwNjB4dlVQQnNiWDJhQVRxQ20wc3RWQ1N3SElOYkFYTWYwNFlmbzRvRzRCVXFLQm1PcHlTU3NXLTFDcWgyRnQ4b1NYQW4xcWdfQXRYNGN2R0h5TEJFMWxDblhNbjlmajF3QVVGQUVqd2xYUGVFZ19STVVhd2tnLTRzTEhCOGg5UWhOaGpELVVTTQ?oc=5\" target=\"_blank\" rel=\"nofollow noopener\">Ukrai\u0144cy uderzyli na rosyjskie lotnisko na Krymie. Ogromna skala zniszcze\u0144<\/a>&nbsp;&nbsp;Wydarzenia w INTERIA.PL<\/li>\n<li><a href=\"https:\/\/news.google.com\/rss\/articles\/CBMimgFBVV95cUxPM1JwNUxvbkxnYzRWVEJoUlh6NUd1U3M2ZjZrc0VjcVY5N1RDUGtsUDJDVldtX2ROTHVrVDRpT1lvNGdKQ3ZWZVRlLXhORXBrcFUtNXlidXlUVm9ic2JvSkdZZ3VnZEFPbG5udzh5eEtwekF4Y0NuLXhQZzh5UjRlazBPVzYyUFhDeWk5d3F4M2JjdXNxbnk0M2ZR?oc=5\" target=\"_blank\" rel=\"nofollow noopener\">MiG-31 upolowany na lotnisku<\/a>&nbsp;&nbsp;Defence24<\/li>\n<\/ol>\n","protected":false},"excerpt":{"rendered":"Nocny atak ukrai\u0144skich dron\u00f3w. Rosjanie stracili sprz\u0119t za 200 mln dol.&nbsp;&nbsp;Onet S\u0105dna noc na Krymie. Ukraina zniszczy\u0142a najgro\u017aniejszy&hellip;\n","protected":false},"author":2,"featured_media":159322,"comment_status":"","ping_status":"","sticky":false,"template":"","format":"standard","meta":{"footnotes":""},"categories":[14],"tags":[31420,32,33,27,67,34,35,28,31,53,25,718,52,68,51,55,40,41,47,80,29,30,390,65,50,26,82,83,84],"class_list":{"0":"post-159321","1":"post","2":"type-post","3":"status-publish","4":"format-standard","5":"has-post-thumbnail","7":"category-swiat","8":"tag-belbek","9":"tag-breaking-news","10":"tag-breakingnews","11":"tag-headlines","12":"tag-intextvideo_splayer","13":"tag-latest-news","14":"tag-latestnews","15":"tag-naglowki","16":"tag-najwazniejsze-artykuly","17":"tag-new_header","18":"tag-news","19":"tag-obrona_przeciwlotnicza","20":"tag-onet3","21":"tag-onet3d","22":"tag-onet3d_2i","23":"tag-phx","24":"tag-polish","25":"tag-polski","26":"tag-screening_general","27":"tag-swiat","28":"tag-top-stories","29":"tag-topstories","30":"tag-ukraina_ukrainiec_ukrainka_ukraincy_ukrainki","31":"tag-update_me","32":"tag-v2021","33":"tag-wiadomosci","34":"tag-world","35":"tag-world-news","36":"tag-worldnews"},"share_on_mastodon":{"url":"https:\/\/pubeurope.com\/@pl\/115744875712341800","error":""},"_links":{"self":[{"href":"https:\/\/www.europesays.com\/pl\/wp-json\/wp\/v2\/posts\/159321","targetHints":{"allow":["GET"]}}],"collection":[{"href":"https:\/\/www.europesays.com\/pl\/wp-json\/wp\/v2\/posts"}],"about":[{"href":"https:\/\/www.europesays.com\/pl\/wp-json\/wp\/v2\/types\/post"}],"author":[{"embeddable":true,"href":"https:\/\/www.europesays.com\/pl\/wp-json\/wp\/v2\/users\/2"}],"replies":[{"embeddable":true,"href":"https:\/\/www.europesays.com\/pl\/wp-json\/wp\/v2\/comments?post=159321"}],"version-history":[{"count":0,"href":"https:\/\/www.europesays.com\/pl\/wp-json\/wp\/v2\/posts\/159321\/revisions"}],"wp:featuredmedia":[{"embeddable":true,"href":"https:\/\/www.europesays.com\/pl\/wp-json\/wp\/v2\/media\/159322"}],"wp:attachment":[{"href":"https:\/\/www.europesays.com\/pl\/wp-json\/wp\/v2\/media?parent=159321"}],"wp:term":[{"taxonomy":"category","embeddable":true,"href":"https:\/\/www.europesays.com\/pl\/wp-json\/wp\/v2\/categories?post=159321"},{"taxonomy":"post_tag","embeddable":true,"href":"https:\/\/www.europesays.com\/pl\/wp-json\/wp\/v2\/tags?post=159321"}],"curies":[{"name":"wp","href":"https:\/\/api.w.org\/{rel}","templated":true}]}}