{"id":159401,"date":"2025-12-19T07:43:08","date_gmt":"2025-12-19T07:43:08","guid":{"rendered":"https:\/\/www.europesays.com\/pl\/159401\/"},"modified":"2025-12-19T07:43:08","modified_gmt":"2025-12-19T07:43:08","slug":"tak-zly-ze-az-dobry-takiego-swiatecznego-filmu-jeszcze-nie-bylo","status":"publish","type":"post","link":"https:\/\/www.europesays.com\/pl\/159401\/","title":{"rendered":"&#8222;Tak z\u0142y, \u017ce a\u017c dobry&#8221;. Takiego &#8222;\u015bwi\u0105tecznego&#8221; filmu jeszcze nie by\u0142o"},"content":{"rendered":"<p>&#8222;Anakonda&#8221; z\u00a0lat 90. otrzyma\u0142a dwie nominacje do Saturn\u00f3w w\u00a0kategorii najlepszy horror i\u00a0najlepsza aktorka (Jennifer Lopez), ale te\u017c a\u017c sze\u015b\u0107 nominacji do s\u0142ynnych antynagr\u00f3d, czyli Z\u0142otych Malin. Krytykom nie spodoba\u0142a si\u0119 zw\u0142aszcza rola Jona Voigta, kt\u00f3ry zosta\u0142 &#8222;doceniony&#8221; w\u00a0kategoriach najgorszy aktor i\u00a0najgorsza ekranowa para (razem z\u00a0tytu\u0142ow\u0105 Anakond\u0105).<\/p>\n<p>&#8222;Anakonda&#8221; sta\u0142a si\u0119 w\u00a0kinach du\u017cym przebojem i\u00a0da\u0142a pocz\u0105tek ca\u0142ej serii coraz ta\u0144szych i\u00a0coraz gorszych film\u00f3w o\u00a0gigantycznych w\u0119\u017cach z\u00a0rodziny dusicielowatych. Po latach klasyk\u0105 z\u00a0gatunku animal attack zainteresowali si\u0119 pasjonaci kina Tom Gormican i\u00a0Kevin Etten, specjali\u015bci od robienia filmu w\u00a0filmie, kt\u00f3rzy razem stworzyli znakomity &#8222;Niezno\u015bny ci\u0119\u017car wielkiego talentu&#8221;, gdzie Nicolas Cage wcieli\u0142 si\u0119 w\u00a0Nicka Cage\u2019a. <\/p>\n<p>Tw\u00f3rcy i\u00a0tym razem postawili na oryginalny pomys\u0142. Bohaterami ich nowego filmu b\u0119dzie dw\u00f3ch przyjaci\u00f3\u0142 przechodz\u0105cych kryzys wieku \u015bredniego, kt\u00f3rzy postanawiaj\u0105 spe\u0142ni\u0107 swoje marzenie i\u00a0wyruszy\u0107 do Amazonii, aby nakr\u0119ci\u0107 reboot swojego ulubionego filmu \u2013\u00a0&#8222;Anakondy&#8221;. Akcja nabiera tempa, gdy pojawia si\u0119  prawdziwa gigantyczna anakonda, zamieniaj\u0105c ich komicznie chaotyczny plan filmowy w\u00a0aren\u0119 walki o\u00a0przetrwanie.<\/p>\n<p>Po obejrzeniu zwiastuna filmu mo\u017cna mie\u0107 pewno\u015b\u0107, \u017ce b\u0119dzie to produkcja zrealizowana z\u00a0du\u017cym przymru\u017ceniem oka. Gwiazdami nowej &#8222;Anakondy&#8221; b\u0119d\u0105 bowiem Jack Black (tu\u017c po sukcesie filmu &#8222;Minecraft. Film&#8221;) oraz Paul Rudd (&#8222;Ant-Man&#8221;, &#8222;Pogromcy duch\u00f3w&#8221;).<\/p>\n<p>Oficjalna premiera &#8222;Anakondy&#8221; w\u00a0polskich kinach zosta\u0142a zaplanowana na 26 grudnia. Jednak ju\u017c dzie\u0144 wcze\u015bniej, pierwszego dnia \u015bwi\u0105t, w\u00a0multipleksach Cinema City, Helios, Multikino oraz Cinema1 w\u00a0Gda\u0144sku odb\u0119d\u0105 si\u0119 pokazy przedpremierowe. Takiej \u015bwi\u0105tecznej produkcji jeszcze w\u00a0kinach chyba nie by\u0142o.<\/p>\n","protected":false},"excerpt":{"rendered":"&#8222;Anakonda&#8221; z\u00a0lat 90. otrzyma\u0142a dwie nominacje do Saturn\u00f3w w\u00a0kategorii najlepszy horror i\u00a0najlepsza aktorka (Jennifer Lopez), ale te\u017c a\u017c&hellip;\n","protected":false},"author":2,"featured_media":159402,"comment_status":"","ping_status":"","sticky":false,"template":"","format":"standard","meta":{"footnotes":""},"categories":[22],"tags":[122,42,38,40,39,41,123],"class_list":{"0":"post-159401","1":"post","2":"type-post","3":"status-publish","4":"format-standard","5":"has-post-thumbnail","7":"category-rozrywka","8":"tag-entertainment","9":"tag-pl","10":"tag-poland","11":"tag-polish","12":"tag-polska","13":"tag-polski","14":"tag-rozrywka"},"share_on_mastodon":{"url":"https:\/\/pubeurope.com\/@pl\/115745115651765443","error":""},"_links":{"self":[{"href":"https:\/\/www.europesays.com\/pl\/wp-json\/wp\/v2\/posts\/159401","targetHints":{"allow":["GET"]}}],"collection":[{"href":"https:\/\/www.europesays.com\/pl\/wp-json\/wp\/v2\/posts"}],"about":[{"href":"https:\/\/www.europesays.com\/pl\/wp-json\/wp\/v2\/types\/post"}],"author":[{"embeddable":true,"href":"https:\/\/www.europesays.com\/pl\/wp-json\/wp\/v2\/users\/2"}],"replies":[{"embeddable":true,"href":"https:\/\/www.europesays.com\/pl\/wp-json\/wp\/v2\/comments?post=159401"}],"version-history":[{"count":0,"href":"https:\/\/www.europesays.com\/pl\/wp-json\/wp\/v2\/posts\/159401\/revisions"}],"wp:featuredmedia":[{"embeddable":true,"href":"https:\/\/www.europesays.com\/pl\/wp-json\/wp\/v2\/media\/159402"}],"wp:attachment":[{"href":"https:\/\/www.europesays.com\/pl\/wp-json\/wp\/v2\/media?parent=159401"}],"wp:term":[{"taxonomy":"category","embeddable":true,"href":"https:\/\/www.europesays.com\/pl\/wp-json\/wp\/v2\/categories?post=159401"},{"taxonomy":"post_tag","embeddable":true,"href":"https:\/\/www.europesays.com\/pl\/wp-json\/wp\/v2\/tags?post=159401"}],"curies":[{"name":"wp","href":"https:\/\/api.w.org\/{rel}","templated":true}]}}