{"id":159411,"date":"2025-12-19T07:50:09","date_gmt":"2025-12-19T07:50:09","guid":{"rendered":"https:\/\/www.europesays.com\/pl\/159411\/"},"modified":"2025-12-19T07:50:09","modified_gmt":"2025-12-19T07:50:09","slug":"dzisiaj-w-telewizji-epickie-widowisko-caly-swiat-pokochal-ten-film","status":"publish","type":"post","link":"https:\/\/www.europesays.com\/pl\/159411\/","title":{"rendered":"Dzisiaj w telewizji epickie widowisko. Ca\u0142y \u015bwiat pokocha\u0142 ten film"},"content":{"rendered":"<p>Akcja filmu w re\u017cyserii Joachima R\u00f8nninga rozpoczyna si\u0119 kilka lat po wydarzeniach &#8222;Czarownicy&#8221;. Rodzinne powi\u0105zania komplikuj\u0105 \u017cycie Diaboliny i Aurory oraz wystawiaj\u0105 ich wzajemne relacje na ci\u0119\u017ck\u0105 pr\u00f3b\u0119. Nadchodzi wesele, pojawiaj\u0105 si\u0119 niespodziewani sojusznicy oraz nowe, mroczne si\u0142y. Obie bohaterki b\u0119d\u0105 zawiera\u0107 nowe sojusze oraz stan\u0105 w obliczu silnych przeciwnik\u00f3w w walce o ocalenie wrzosowisk oraz \u017cyj\u0105cych na nich magicznych stworze\u0144.<\/p>\n<p>Do roli tytu\u0142owej Czarownicy powr\u00f3ci\u0142a\u00a0<a href=\"https:\/\/film.interia.pl\/gwiazda-angelina-jolie,pId,976\" rel=\"nofollow noopener\" target=\"_blank\">Angelina Jolie<\/a>, a w posta\u0107 Aurory ponownie wciela si\u0119\u00a0<a href=\"https:\/\/film.interia.pl\/gwiazda-elle-fanning,pId,17854\" rel=\"nofollow noopener\" target=\"_blank\">Elle Fanning<\/a>. Na ekranie partneruj\u0105 im:\u00a0Michelle Pfeiffer,\u00a0Chiwetel Ejiofor,\u00a0Sam Riley i inni.<\/p>\n<p>    &#13;<\/p>\n<ul class=\"embed-list\">&#13;<\/p>\n<li class=\"embed-article-item i1 item-full\" data-pos=\"1\" data-id=\"8050760\">&#13;\n<p>                <a class=\"embed-tile-thumb\" href=\"https:\/\/interia.hit.gemius.pl\/hitredir\/id=baCb8AslJNnZj2kUGPLkPMUF.tLBarst.iFIsOnSq33..7\/url=https%3A%2F%2Ffilm.interia.pl%2Fwiadomosci%2Fnews-czy-powstanie-kolejna-czesc-na-noze-tworca-odkrywa-karty%2CnId%2C8050760%23iwa_source%3Darticle_list%26parametr%3D1_h\" rel=\"nofollow noopener\" target=\"_blank\">&#13;<br \/>\n                        &#13;<br \/>\n                            &#13;<br \/>\n                                                            &#13;<br \/>\n                    <img decoding=\"async\" alt=\"Czy powstanie kolejna cz\u0119\u015b\u0107 &quot;Na no\u017ce&quot;? Tw\u00f3rca odkrywa karty\" src=\"https:\/\/www.europesays.com\/pl\/wp-content\/uploads\/2025\/12\/000M2TC61SV4XD0X-C459.webp.webp\" class=\"embed-tile-img img-responsive\" loading=\"lazy\"\/>&#13;<br \/>\n                &#13;<br \/>\n                    <\/a><\/p>\n<p>    &#13;\n                    <\/li>\n<p>&#13;\n                                    <\/ul>\n<p>&#13;<\/p>\n<p><a href=\"https:\/\/film.interia.pl\/film-czarownica-2,fId,20004\" rel=\"nofollow noopener\" target=\"_blank\">&#8222;Czarownica 2&#8221;<\/a>\u00a0przez wielu uwa\u017cana jest za film o wiele mroczniejszy ni\u017c pierwsza ods\u0142ona. Cho\u0107 zarobi\u0142 w kinach prawie 500 mln dolar\u00f3w, by\u0142 to wynik gorszy ni\u017c w przypadku pierwszej cz\u0119\u015bci (ok. 759 mln dolar\u00f3w). Produkcja by\u0142a chwalona zw\u0142aszcza za imponuj\u0105c\u0105 warstw\u0119 wizualn\u0105 oraz dopracowane kostiumy.<\/p>\n<p>Film &#8222;Czarownica 2&#8221; zostanie dzisiaj, 19 grudnia, wyemitowany w Polsacie o godz. 19.55.<\/p>\n<p>Czytaj wi\u0119cej:\u00a0<a href=\"https:\/\/film.interia.pl\/vod\/news-filmowa-seria-rozbila-bank-zdradzamy-gdzie-ogladac-w-polsce,nId,8050697\" rel=\"nofollow noopener\" target=\"_blank\">Filmowa seria rozbi\u0142a bank. Zdradzamy, gdzie ogl\u0105da\u0107 w Polsce<\/a><\/p>\n<p>&#13;<br \/>\n    &#13;<br \/>\n            Wideo&#13;<\/p>\n<p>        &#13;<br \/>\n&#13;<br \/>\n    &#13;<br \/>\n        &#13;<br \/>\n                &#13;<\/p>\n<p>&#13;<br \/>\n                                        Felicity Jones i Jason Schwartzman o \u201eCo. Za. Rado\u015b\u0107.\u201d. To ponadczasowa historia&#13;<br \/>\n                                        INTERIA.PL&#13;\n                    <\/p>\n<p>&#13;<\/p>\n<p>                    &#13;<br \/>\n        &#13;<\/p>\n<p>                        <a href=\"https:\/\/www.interia.pl?module=source\" target=\"_blank\" rel=\"nofollow noopener\"><\/p>\n<p>                                    <img decoding=\"async\" src=\"https:\/\/www.europesays.com\/pl\/wp-content\/uploads\/2025\/10\/1761676688_499_0009A60QQ5I2TYF7-C301.jpg\" alt=\"INTERIA.PL\"\/><br \/>\n                                            <\/a><\/p>\n<p>        &#13;<br \/>\n&#13;<br \/>\n    &#13;<\/p>\n<p>    &#13;<br \/>\n    &#13;<br \/>\n            &#13;<br \/>\n        &#13;<\/p>\n","protected":false},"excerpt":{"rendered":"Akcja filmu w re\u017cyserii Joachima R\u00f8nninga rozpoczyna si\u0119 kilka lat po wydarzeniach &#8222;Czarownicy&#8221;. Rodzinne powi\u0105zania komplikuj\u0105 \u017cycie Diaboliny&hellip;\n","protected":false},"author":2,"featured_media":159412,"comment_status":"","ping_status":"","sticky":false,"template":"","format":"standard","meta":{"footnotes":""},"categories":[22],"tags":[122,42,38,40,39,41,123],"class_list":{"0":"post-159411","1":"post","2":"type-post","3":"status-publish","4":"format-standard","5":"has-post-thumbnail","7":"category-rozrywka","8":"tag-entertainment","9":"tag-pl","10":"tag-poland","11":"tag-polish","12":"tag-polska","13":"tag-polski","14":"tag-rozrywka"},"share_on_mastodon":{"url":"https:\/\/pubeurope.com\/@pl\/115745143716866468","error":""},"_links":{"self":[{"href":"https:\/\/www.europesays.com\/pl\/wp-json\/wp\/v2\/posts\/159411","targetHints":{"allow":["GET"]}}],"collection":[{"href":"https:\/\/www.europesays.com\/pl\/wp-json\/wp\/v2\/posts"}],"about":[{"href":"https:\/\/www.europesays.com\/pl\/wp-json\/wp\/v2\/types\/post"}],"author":[{"embeddable":true,"href":"https:\/\/www.europesays.com\/pl\/wp-json\/wp\/v2\/users\/2"}],"replies":[{"embeddable":true,"href":"https:\/\/www.europesays.com\/pl\/wp-json\/wp\/v2\/comments?post=159411"}],"version-history":[{"count":0,"href":"https:\/\/www.europesays.com\/pl\/wp-json\/wp\/v2\/posts\/159411\/revisions"}],"wp:featuredmedia":[{"embeddable":true,"href":"https:\/\/www.europesays.com\/pl\/wp-json\/wp\/v2\/media\/159412"}],"wp:attachment":[{"href":"https:\/\/www.europesays.com\/pl\/wp-json\/wp\/v2\/media?parent=159411"}],"wp:term":[{"taxonomy":"category","embeddable":true,"href":"https:\/\/www.europesays.com\/pl\/wp-json\/wp\/v2\/categories?post=159411"},{"taxonomy":"post_tag","embeddable":true,"href":"https:\/\/www.europesays.com\/pl\/wp-json\/wp\/v2\/tags?post=159411"}],"curies":[{"name":"wp","href":"https:\/\/api.w.org\/{rel}","templated":true}]}}