{"id":159418,"date":"2025-12-19T07:55:12","date_gmt":"2025-12-19T07:55:12","guid":{"rendered":"https:\/\/www.europesays.com\/pl\/159418\/"},"modified":"2025-12-19T07:55:12","modified_gmt":"2025-12-19T07:55:12","slug":"sa-kolejne-weta-karola-nawrockiego-prezydent-zwrocil-sie-do-rzadzacych","status":"publish","type":"post","link":"https:\/\/www.europesays.com\/pl\/159418\/","title":{"rendered":"S\u0105 kolejne weta Karola Nawrockiego. Prezydent zwr\u00f3ci\u0142 si\u0119 do rz\u0105dz\u0105cych"},"content":{"rendered":"<ul class=\"list-summary__items summary\">\n<li>Kt\u00f3re ustawy zawetowa\u0142 prezydent Karol Nawrocki.<\/li>\n<li>Co by\u0142o powodem weta ustawy dotycz\u0105cej podatku cukrowego.<\/li>\n<li>Kt\u00f3re ustawy Nawrocki zdecydowa\u0142 si\u0119 podpisa\u0107.\u00a0<\/li>\n<\/ul>\n<p>    <a name=\"eztoc36284421_0_5\" id=\"eztoc36284421_0_5\"\/>Karol Nawrocki podj\u0105\u0142 decyzj\u0119. Kolejne weta\u00a0<\/p>\n<p>\n<a href=\"https:\/\/wiadomosci.radiozet.pl\/tag\/kategoria\/karol-nawrocki\" target=\"_self\" rel=\"dofollow noopener\">Karol Nawrocki<\/a> poinformowa\u0142 o swojej decyzji na nagraniu, opublikowanym w czwartek wieczorem przez Kancelari\u0119 Prezydenta.\u00a0&#8211; Weto przynosi efekty. Rz\u0105d musi zrozumie\u0107, \u017ce te weta s\u0142u\u017c\u0105 Polakom. Rz\u0105dowi nie s\u0105 na r\u0119k\u0119, bo zmuszaj\u0105 do ci\u0119\u017cszej pracy. [&#8230;] Zrobicie dobre prawo, b\u0119dzie podpis. B\u0119dzie z\u0142e, b\u0119dzie weto. To uczciwa i oczywista zasada. Na moje biurko trafi\u0142y kolejne z\u0142e ustawy &#8211; powiedzia\u0142.\u00a0<\/p>\n<p>Prezydent zawetowa\u0142\u00a0nowelizacj\u0119 ustawy Prawo o\u015bwiatowe, kt\u00f3ra mia\u0142a umo\u017cliwi\u0107 wdro\u017cenie etapami w szko\u0142ach reformy programowej i przesun\u0105\u0107 termin egzaminu \u00f3smoklasisty na kwiecie\u0144.\u00a0&#8211; Nie mog\u0119 wyrazi\u0107 zgody na tak\u0105 ustaw\u0119. To reforma prowadz\u0105ca do chaosu, ideologizacji szko\u0142y i eksperymentowania na ca\u0142ych rocznikach dzieci &#8211; oceni\u0142.\u00a0<\/p>\n<p>Kolejne weto dotyczy podwy\u017cszenia tzw. podatku cukrowego. &#8211; Cel tej nowelizacji jest oczywisty. Zasypanie ogromnej dziury bud\u017cetowej, do kt\u00f3rej doprowadzi\u0142 rz\u0105d. Po 11 miesi\u0105cach mamy ponad 240 mld z\u0142 deficytu. Zamiast uszczelnia\u0107 system podatkowy, to rz\u0105dz\u0105cy si\u0119gaj\u0105 do portfela obywateli &#8211; t\u0142umaczy\u0142 na nagraniu prezydent.\u00a0<\/p>\n<p>\t\t\t\t                                    \t<a name=\"eztoc36284421_0_6\" id=\"eztoc36284421_0_6\"\/>Te ustawy podpisa\u0142 Nawrocki<\/p>\n<p>Nawrocki podpisa\u0142 z kolei 15 innych ustaw,\u00a0w tym m.in. o szczeg\u00f3lnych rozwi\u0105zaniach s\u0142u\u017c\u0105cych realizacji ustawy bud\u017cetowej na rok 2026. Kolejna z nich to nowela ustawy Karta nauczyciela o godzinach ponadwymiarowych. Zak\u0142ada ona, \u017ce nauczyciel otrzyma wynagrodzenie za niezrealizowane godziny ponadwymiarowe, je\u015bli nast\u0105pi\u0142o to z przyczyn niezale\u017cnych od niego. Przepisy wejd\u0105 w \u017cycie 1 stycznia 2026 r.\u00a0&#8211; Ustawa odpowiada na realne oczekiwania \u015brodowiska nauczycielskiego &#8211; powiedzia\u0142 prezydent.<\/p>\n<p>Podpisana jest tak\u017ce nowelizacja ustawy o S\u0142ubie Wi\u0119ziennej, kt\u00f3ra wprowadza powszechne \u015bwiadczenia mieszkaniowe dla funkcjonariuszy SW. Zak\u0142ada ona \u015bwiadczenia w wysoko\u015bci od 900 z\u0142 w mniejszych miejscowo\u015bciach i do 1800 z\u0142 w Warszawie.<\/p>\n<p>\u0179r\u00f3d\u0142o: Radio ZET<\/p>\n<p>By\u0142e\u015b \u015bwiadkiem czego\u015b niespodziewanego? Masz temat, kt\u00f3rym powinni\u015bmy si\u0119 zaj\u0105\u0107?<\/p>\n<p>Zg\u0142o\u015b spraw\u0119 przez <a href=\"https:\/\/wiadomosci.radiozet.pl\/czerwony-telefon\" target=\"_blank\" title=\"Czerwony telefon Radia Zet\" rel=\"nofollow noopener\">Czerwony telefon Radia ZET<\/a><\/p>\n","protected":false},"excerpt":{"rendered":"Kt\u00f3re ustawy zawetowa\u0142 prezydent Karol Nawrocki. Co by\u0142o powodem weta ustawy dotycz\u0105cej podatku cukrowego. Kt\u00f3re ustawy Nawrocki zdecydowa\u0142&hellip;\n","protected":false},"author":2,"featured_media":159419,"comment_status":"","ping_status":"","sticky":false,"template":"","format":"standard","meta":{"footnotes":""},"categories":[5],"tags":[32,33,36,37,27,690,34,35,28,31,25,42,38,40,39,2462,41,29,30,8206,26],"class_list":{"0":"post-159418","1":"post","2":"type-post","3":"status-publish","4":"format-standard","5":"has-post-thumbnail","7":"category-naglowki","8":"tag-breaking-news","9":"tag-breakingnews","10":"tag-featured-news","11":"tag-featurednews","12":"tag-headlines","13":"tag-karol-nawrocki","14":"tag-latest-news","15":"tag-latestnews","16":"tag-naglowki","17":"tag-najwazniejsze-artykuly","18":"tag-news","19":"tag-pl","20":"tag-poland","21":"tag-polish","22":"tag-polska","23":"tag-polska-polityka","24":"tag-polski","25":"tag-top-stories","26":"tag-topstories","27":"tag-weto","28":"tag-wiadomosci"},"share_on_mastodon":{"url":"https:\/\/pubeurope.com\/@pl\/115745162760405141","error":""},"_links":{"self":[{"href":"https:\/\/www.europesays.com\/pl\/wp-json\/wp\/v2\/posts\/159418","targetHints":{"allow":["GET"]}}],"collection":[{"href":"https:\/\/www.europesays.com\/pl\/wp-json\/wp\/v2\/posts"}],"about":[{"href":"https:\/\/www.europesays.com\/pl\/wp-json\/wp\/v2\/types\/post"}],"author":[{"embeddable":true,"href":"https:\/\/www.europesays.com\/pl\/wp-json\/wp\/v2\/users\/2"}],"replies":[{"embeddable":true,"href":"https:\/\/www.europesays.com\/pl\/wp-json\/wp\/v2\/comments?post=159418"}],"version-history":[{"count":0,"href":"https:\/\/www.europesays.com\/pl\/wp-json\/wp\/v2\/posts\/159418\/revisions"}],"wp:featuredmedia":[{"embeddable":true,"href":"https:\/\/www.europesays.com\/pl\/wp-json\/wp\/v2\/media\/159419"}],"wp:attachment":[{"href":"https:\/\/www.europesays.com\/pl\/wp-json\/wp\/v2\/media?parent=159418"}],"wp:term":[{"taxonomy":"category","embeddable":true,"href":"https:\/\/www.europesays.com\/pl\/wp-json\/wp\/v2\/categories?post=159418"},{"taxonomy":"post_tag","embeddable":true,"href":"https:\/\/www.europesays.com\/pl\/wp-json\/wp\/v2\/tags?post=159418"}],"curies":[{"name":"wp","href":"https:\/\/api.w.org\/{rel}","templated":true}]}}