{"id":159422,"date":"2025-12-19T07:57:08","date_gmt":"2025-12-19T07:57:08","guid":{"rendered":"https:\/\/www.europesays.com\/pl\/159422\/"},"modified":"2025-12-19T07:57:08","modified_gmt":"2025-12-19T07:57:08","slug":"tak-dzis-wyglada-corka-michaela-jacksona","status":"publish","type":"post","link":"https:\/\/www.europesays.com\/pl\/159422\/","title":{"rendered":"Tak dzi\u015b wygl\u0105da c\u00f3rka Michaela Jacksona"},"content":{"rendered":"<p>Ciasne umys\u0142y jak zwykle musz\u0105 wrzuci\u0107 swoje trzy grosze, \u017ce to nie jego c\u00f3rka i \u017ce bia\u0142a. No tak, bo takim jak Wy w g\u0142owie si\u0119 nie mie\u015bci, \u017ce mo\u017cna kocha\u0107 nieswoje dziecko, a dziecko mo\u017ce kocha\u0107 ludzi, kt\u00f3rzy go nie sp\u0142odzili. Wsp\u00f3\u0142czuj\u0119. Pewnie z pogard\u0105 my\u015blicie o adopcji a Wasze ciasne m\u00f3zgi nie pojmuj\u0105 jak mo\u017cna wychowywa\u0107 i do tego jeszcze darzy\u0107 jakim\u015b wy\u017cszym uczuciem nieswoje dziecko. Zastanawia mnie jakim cudem tacy jak Wy zak\u0142adaj\u0105 w og\u00f3le rodziny &#8211; jakim cudem jeste\u015bcie w stanie pokocha\u0107 jak\u0105\u015b obc\u0105 bab\u0119, faceta skoro nie jest z Wami spokrewniony? Co ciekawe z w\u0142asn\u0105 rodzin\u0105, z kt\u00f3r\u0105 \u0142\u0105cz\u0105 Was wi\u0119zy krwi (kt\u00f3re przecie\u017c s\u0105 kluczowe, \u017ceby by\u0107 czyim\u015b rodzicem albo dzieckiem) macie gorsze relacje ni\u017c ze zwyk\u0142ymi znajomymi. Ale logika u os\u00f3b z ciasnot\u0105 umys\u0142ow\u0105 praktycznie nie wyst\u0119puje dlatego pod ka\u017cdym artyku\u0142em o tej dziewczynie zawsze b\u0119dzie przynajmniej jeden komentarz &#8222;to nie jego c\u00f3rka&#8221;. G\u0142upich nie siej\u0105, sami si\u0119 rodz\u0105<\/p>\n","protected":false},"excerpt":{"rendered":"Ciasne umys\u0142y jak zwykle musz\u0105 wrzuci\u0107 swoje trzy grosze, \u017ce to nie jego c\u00f3rka i \u017ce bia\u0142a. No&hellip;\n","protected":false},"author":2,"featured_media":159423,"comment_status":"","ping_status":"","sticky":false,"template":"","format":"standard","meta":{"footnotes":""},"categories":[22],"tags":[122,42,38,40,39,41,123],"class_list":{"0":"post-159422","1":"post","2":"type-post","3":"status-publish","4":"format-standard","5":"has-post-thumbnail","7":"category-rozrywka","8":"tag-entertainment","9":"tag-pl","10":"tag-poland","11":"tag-polish","12":"tag-polska","13":"tag-polski","14":"tag-rozrywka"},"share_on_mastodon":{"url":"https:\/\/pubeurope.com\/@pl\/115745170833535507","error":""},"_links":{"self":[{"href":"https:\/\/www.europesays.com\/pl\/wp-json\/wp\/v2\/posts\/159422","targetHints":{"allow":["GET"]}}],"collection":[{"href":"https:\/\/www.europesays.com\/pl\/wp-json\/wp\/v2\/posts"}],"about":[{"href":"https:\/\/www.europesays.com\/pl\/wp-json\/wp\/v2\/types\/post"}],"author":[{"embeddable":true,"href":"https:\/\/www.europesays.com\/pl\/wp-json\/wp\/v2\/users\/2"}],"replies":[{"embeddable":true,"href":"https:\/\/www.europesays.com\/pl\/wp-json\/wp\/v2\/comments?post=159422"}],"version-history":[{"count":0,"href":"https:\/\/www.europesays.com\/pl\/wp-json\/wp\/v2\/posts\/159422\/revisions"}],"wp:featuredmedia":[{"embeddable":true,"href":"https:\/\/www.europesays.com\/pl\/wp-json\/wp\/v2\/media\/159423"}],"wp:attachment":[{"href":"https:\/\/www.europesays.com\/pl\/wp-json\/wp\/v2\/media?parent=159422"}],"wp:term":[{"taxonomy":"category","embeddable":true,"href":"https:\/\/www.europesays.com\/pl\/wp-json\/wp\/v2\/categories?post=159422"},{"taxonomy":"post_tag","embeddable":true,"href":"https:\/\/www.europesays.com\/pl\/wp-json\/wp\/v2\/tags?post=159422"}],"curies":[{"name":"wp","href":"https:\/\/api.w.org\/{rel}","templated":true}]}}