{"id":159428,"date":"2025-12-19T08:01:18","date_gmt":"2025-12-19T08:01:18","guid":{"rendered":"https:\/\/www.europesays.com\/pl\/159428\/"},"modified":"2025-12-19T08:01:18","modified_gmt":"2025-12-19T08:01:18","slug":"wigilia-z-politykiem-oto-kogo-wybraliby-polacy-jest-zdecydowany-faworyt-sondaz","status":"publish","type":"post","link":"https:\/\/www.europesays.com\/pl\/159428\/","title":{"rendered":"Wigilia z politykiem? Oto kogo wybraliby Polacy. Jest zdecydowany faworyt [SONDA\u017b]"},"content":{"rendered":"<ul class=\"UnorderedList_container__nmfSl\">\n<li class=\"UnorderedList_listElement__Py7xi\" data-id=\"ai-summary-link\">Du\u017co czytania, a ma\u0142o czasu? Sprawd\u017a\u00a0skr\u00f3t\u00a0artyku\u0142u<\/li>\n<\/ul>\n<p class=\"Paragraph_desktopParagraph__U31Gm\">Sonda\u017c zosta\u0142 zrealizowany w dniach 16-17 grudnia 2025 r. przez agencj\u0119 SW RESEARCH metod\u0105 wywiad\u00f3w on-line (CAWI \u2014 Computer-Assisted Web Interview) na panelu internetowym SW Panel. W ramach badania przeprowadzono 827 ankiet z og\u00f3lnopolsk\u0105 pr\u00f3b\u0105 doros\u0142ych. Zastosowano dob\u00f3r kwotowy \u2014 pr\u00f3ba by\u0142a reprezentatywna ze wzgl\u0119du na \u0142\u0105czny rozk\u0142ad p\u0142ci, wieku i klasy wielko\u015bci miejscowo\u015bci zamieszkania.<\/p>\n<p class=\"Paragraph_desktopParagraph__U31Gm\">***<\/p>\n<p class=\"Paragraph_desktopParagraph__U31Gm\">&#8222;Z kt\u00f3rym z wymienionych polityk\u00f3w najch\u0119tniej zasiad\u0142(a)by Pan\/Pani przy wigilijnym stole?&#8221; \u2014 brzmi dok\u0142adne pytanie, kt\u00f3re us\u0142yszeli Polacy w sonda\u017cu SW Research dla Onetu.<\/p>\n<p class=\"VideoPlayerText_videoPlayerText__iDwyz\">Dalszy ci\u0105g materia\u0142u pod wideo<\/p>\n<ul class=\"OchatFollowUps_wrapper__1ry7X\">\n<li class=\"OchatFollowUps_item__Dhyly OchatFollowUps_itemDesktop__R6aBv\">Kto by\u0142 najch\u0119tniej wybieranym politykiem na Wigili\u0119?<\/li>\n<li class=\"OchatFollowUps_item__Dhyly OchatFollowUps_itemDesktop__R6aBv\">Jaki procent Polak\u00f3w chcia\u0142oby zaprosi\u0107 Karola Nawrockiego?<\/li>\n<li class=\"OchatFollowUps_item__Dhyly OchatFollowUps_itemDesktop__R6aBv\">Kogo wybrali m\u0142odzi Polacy do wigilijnego sto\u0142u?<\/li>\n<li class=\"OchatFollowUps_item__Dhyly OchatFollowUps_itemDesktop__R6aBv\">Jakie by\u0142y wyniki sonda\u017cu w\u015br\u00f3d os\u00f3b powy\u017cej 50. roku \u017cycia?<\/li>\n<\/ul>\n<p class=\"Paragraph_desktopParagraph__U31Gm\">Spo\u015br\u00f3d wymienionych w sonda\u017cu polityk\u00f3w, Polacy najch\u0119tniej sp\u0119dziliby wigilijny wiecz\u00f3r z Karolem Nawrockim. Prezydenta wskaza\u0142o 19,6 proc. ankietowanych. <\/p>\n<p class=\"Paragraph_desktopParagraph__U31Gm\">Na drugim miejscu znalaz\u0142 si\u0119 premier Donald Tusk, z kt\u00f3rym do \u015bwi\u0105tecznego sto\u0142u chcia\u0142oby usi\u0105\u015b\u0107 12,3 proc. Polak\u00f3w. Podium z kolei zamyka szef MSZ Rados\u0142aw Sikorski, kt\u00f3rego wybra\u0142o 7,4 proc. os\u00f3b.<\/p>\n<p>Wigilia z politykami. Kogo wybrali Polacy? <\/p>\n<p class=\"Paragraph_desktopParagraph__U31Gm\">Czwartym najch\u0119tniej wymienianym politykiem by\u0142 lider partii Razem. Z Adrianem Zandbergiem \u015bwi\u0119ta Bo\u017cego Narodzenia chcia\u0142oby sp\u0119dzi\u0107 6,5 proc. ankietowanych. Ze S\u0142awomirem Mentzenem \u2014 5,7 proc., a z Grzegorzem Braunem 5,3 proc.<\/p>\n<p class=\"Paragraph_desktopParagraph__U31Gm\">Jaros\u0142awa Kaczy\u0144skiego do wigilijnego sto\u0142u chcia\u0142oby zaprosi\u0107 2,5 proc. Polak\u00f3w, a Mateusza Morawieckiego 2,2 proc. Z kolei najgorzej w sonda\u017cu Onetu wypadaj\u0105 W\u0142adys\u0142aw Kosiniak-Kamysz i W\u0142odzimierz Czarzasty. Na szefa MON sw\u00f3j g\u0142os odda\u0142o 1,8 proc. ankietowanych, a na marsza\u0142ka Sejmu 1,7 proc.<\/p>\n<p class=\"Paragraph_desktopParagraph__U31Gm\">Z kolei a\u017c 34,9 proc. respondent\u00f3w stwierdzi\u0142o, \u017ce nie zaprosi\u0142oby na Wigili\u0119 &#8222;\u017cadnego z wymienionych&#8221; polityk\u00f3w.<\/p>\n<p>M\u0142odzi Polacy najch\u0119tniej zaprosiliby do wigilijnego sto\u0142u Adriana Zandberga <\/p>\n<p class=\"Paragraph_desktopParagraph__U31Gm\">Preferencje zmieniaj\u0105 si\u0119 wraz z grup\u0105 wiekow\u0105. Osoby do 24. roku \u017cycia najch\u0119tniej sp\u0119dzi\u0142yby \u015bwi\u0119ta z Adrianem Zandbergiem (20 proc.), S\u0142awomirem Mentzenem (13,3 proc.) i Karolem Nawrockim (13,3 proc.). 0 proc. w tym zestawieniu uzyskuj\u0105 natomiast Jaros\u0142aw Kaczy\u0144ski i W\u0142adys\u0142aw Kosiniak-Kamysz.<\/p>\n<p class=\"Paragraph_desktopParagraph__U31Gm\">W grupie wiekowej 25-34 najwi\u0119cej os\u00f3b zaprosi\u0142oby do wigilijnego sto\u0142u Karola Nawrockiego (17,5 proc.), S\u0142awomira Mentzena (10,9 proc.) oraz Adriana Zandberga (10,6 proc.). A najmniej \u2014 Mateusza Morawieckiego (1,6 proc.).<\/p>\n<p class=\"Paragraph_desktopParagraph__U31Gm\">Prezydent Karol Nawrocki dominuje r\u00f3wnie\u017c w\u015br\u00f3d os\u00f3b 35-49 lat. W tej grupie wiekowej \u015bwi\u0119ta chcia\u0142oby z nim sp\u0119dzi\u0107 19,8 proc. respondent\u00f3w. Z Rados\u0142awem Sikorskim 7,2 proc., a z Donaldem Tuskiem 6,9 proc. Osoby powy\u017cej 50 roku \u017cycia r\u00f3wnie\u017c wskaza\u0142y prezydenta (21,8 proc.), nast\u0119pnie premiera (20,1 proc.) i szefa MSZ (9,7 proc.).<\/p>\n","protected":false},"excerpt":{"rendered":"Du\u017co czytania, a ma\u0142o czasu? Sprawd\u017a\u00a0skr\u00f3t\u00a0artyku\u0142u Sonda\u017c zosta\u0142 zrealizowany w dniach 16-17 grudnia 2025 r. przez agencj\u0119 SW&hellip;\n","protected":false},"author":2,"featured_media":159429,"comment_status":"","ping_status":"","sticky":false,"template":"","format":"standard","meta":{"footnotes":""},"categories":[12],"tags":[1659,18916,32,33,200,36,37,66,7514,27,67,422,240,1119,34,35,1656,28,31,53,25,52,68,51,7212,55,42,38,40,39,41,868,1534,47,865,366,1129,29,30,65,50,26,5700],"class_list":{"0":"post-159428","1":"post","2":"type-post","3":"status-publish","4":"format-standard","5":"has-post-thumbnail","7":"category-polska","8":"tag-adrian_zandberg","9":"tag-boze_narodzenie_swieta_bozego_narodzenia_wigilia","10":"tag-breaking-news","11":"tag-breakingnews","12":"tag-donald_tusk_polityk","13":"tag-featured-news","14":"tag-featurednews","15":"tag-give_me_perspective","16":"tag-grzegorz_braun_polityk_rezyser","17":"tag-headlines","18":"tag-intextvideo_splayer","19":"tag-jaroslaw_kaczynski","20":"tag-karol_nawrocki_prezydent","21":"tag-koalicja_obywatelska_ko","22":"tag-latest-news","23":"tag-latestnews","24":"tag-mateusz_morawiecki_polityk","25":"tag-naglowki","26":"tag-najwazniejsze-artykuly","27":"tag-new_header","28":"tag-news","29":"tag-onet3","30":"tag-onet3d","31":"tag-onet3d_2i","32":"tag-partia_razem","33":"tag-phx","34":"tag-pl","35":"tag-poland","36":"tag-polish","37":"tag-polska","38":"tag-polski","39":"tag-prawo_i_sprawiedliwosc_pis","40":"tag-radoslaw_sikorski_polityk","41":"tag-screening_general","42":"tag-slawomir_mentzen","43":"tag-sondaz","44":"tag-sondaze_sondaz","45":"tag-top-stories","46":"tag-topstories","47":"tag-update_me","48":"tag-v2021","49":"tag-wiadomosci","50":"tag-wlodzimierz_czarzasty_polityk"},"share_on_mastodon":{"url":"","error":"Validation failed: Text character limit of 500 exceeded"},"_links":{"self":[{"href":"https:\/\/www.europesays.com\/pl\/wp-json\/wp\/v2\/posts\/159428","targetHints":{"allow":["GET"]}}],"collection":[{"href":"https:\/\/www.europesays.com\/pl\/wp-json\/wp\/v2\/posts"}],"about":[{"href":"https:\/\/www.europesays.com\/pl\/wp-json\/wp\/v2\/types\/post"}],"author":[{"embeddable":true,"href":"https:\/\/www.europesays.com\/pl\/wp-json\/wp\/v2\/users\/2"}],"replies":[{"embeddable":true,"href":"https:\/\/www.europesays.com\/pl\/wp-json\/wp\/v2\/comments?post=159428"}],"version-history":[{"count":0,"href":"https:\/\/www.europesays.com\/pl\/wp-json\/wp\/v2\/posts\/159428\/revisions"}],"wp:featuredmedia":[{"embeddable":true,"href":"https:\/\/www.europesays.com\/pl\/wp-json\/wp\/v2\/media\/159429"}],"wp:attachment":[{"href":"https:\/\/www.europesays.com\/pl\/wp-json\/wp\/v2\/media?parent=159428"}],"wp:term":[{"taxonomy":"category","embeddable":true,"href":"https:\/\/www.europesays.com\/pl\/wp-json\/wp\/v2\/categories?post=159428"},{"taxonomy":"post_tag","embeddable":true,"href":"https:\/\/www.europesays.com\/pl\/wp-json\/wp\/v2\/tags?post=159428"}],"curies":[{"name":"wp","href":"https:\/\/api.w.org\/{rel}","templated":true}]}}