{"id":159430,"date":"2025-12-19T08:02:32","date_gmt":"2025-12-19T08:02:32","guid":{"rendered":"https:\/\/www.europesays.com\/pl\/159430\/"},"modified":"2025-12-19T08:02:32","modified_gmt":"2025-12-19T08:02:32","slug":"krakowscy-policjanci-rozbili-zorganizowana-grupe-przestepcza-zajmujaca-sie-przestepczoscia-narkotykowa-aktualnosci","status":"publish","type":"post","link":"https:\/\/www.europesays.com\/pl\/159430\/","title":{"rendered":"Krakowscy policjanci rozbili zorganizowan\u0105 grup\u0119 przest\u0119pcz\u0105 zajmuj\u0105c\u0105 si\u0119 przest\u0119pczo\u015bci\u0105 narkotykow\u0105 &#8211; Aktualno\u015bci"},"content":{"rendered":"<p>&#13;<\/p>\n<p>    Krakowscy policjanci rozbili zorganizowan\u0105 grup\u0119 przest\u0119pcz\u0105 zajmuj\u0105c\u0105 si\u0119 przest\u0119pczo\u015bci\u0105 narkotykow\u0105<br \/>\n      Data publikacji  18.12.2025<\/p>\n<p class=\"intro\">Na pocz\u0105tku grudnia  br. policjanci z Wydzia\u0142u do walki z Przest\u0119pczo\u015bci\u0105 Narkotykow\u0105 Komendy Miejskiej Policji w Krakowie m.in. wsp\u00f3lnie z funkcjonariuszami z innych wydzia\u0142\u00f3w i komisariat\u00f3w krakowskiego garnizonu Policji, kontrterrorystami z Samodzielnego Pododdzia\u0142u Kontrterrorystycznego Policji Komendy Wojew\u00f3dzkiej Policji w Krakowie oraz Krajowej Administracji Skarbowej przeprowadzili zakrojon\u0105 na szerok\u0105 skal\u0119 akcj\u0119 wymierzon\u0105 w cz\u0142onk\u00f3w zorganizowanej grupy przest\u0119pczej zajmuj\u0105cej si\u0119 wprowadzenie od obrotu blisko 110 kg r\u00f3\u017cnych narkotyk\u00f3w, a tak\u017ce ich przemytem. Mundurowi zatrzymali \u0142\u0105cznie siedem os\u00f3b, z kt\u00f3rych pi\u0119\u0107 trafi\u0142o do tymczasowego aresztu na okres trzech miesi\u0119cy.<\/p>\n<p>   &#13;<\/p>\n<p>Policjanci zajmuj\u0105cy si\u0119 zwalczaniem przest\u0119pczo\u015bci narkotykowej z Komendy Miejskiej Policji w Krakowie od d\u0142u\u017cszego czasu pracowali nad spraw\u0105 zorganizowanej grupy przest\u0119pczej, kt\u00f3ra z kraj\u00f3w europejskich przemyca\u0142a zakazane substancj\u0119 do Polski, a nast\u0119pnie rozprowadza\u0142a je na terenie wojew\u00f3dztw ma\u0142opolskiego, podkarpackiego oraz \u0142\u00f3dzkiego. Wed\u0142ug ustale\u0144 zebranych przez \u015bledczych, cz\u0142onkowie grupy byli szczeg\u00f3lnie aktywni na przestrzeni ostatnich lat, a do obiegu wprowadzili kilkadziesi\u0105t kilogram\u00f3w narkotyk\u00f3w, g\u0142\u00f3wnie amfetamin\u0119 i mefedron. W sk\u0142ad grupy przest\u0119pczej wchodzi\u0142y osoby powi\u0105zane ze \u015brodowiskiem pseudokibic\u00f3w jednego z krakowskich klub\u00f3w sportowych. W tej sprawie mundurowi rozpracowywali przedmiotow\u0105 grup\u0119 w \u015bcis\u0142ej wsp\u00f3\u0142pracy i pod nadzorem Prokuratury Rejonowej Krak\u00f3w Podg\u00f3rze.<\/p>\n<p>&#13;<br \/>\n&#13;<\/p>\n<p>Pocz\u0105tkiem grudnia br. policjanci z Wydzia\u0142u do walki z Przest\u0119pczo\u015bci\u0105 Narkotykow\u0105 Komendy Miejskiej Policji w Krakowie wsp\u00f3lnie z kontrterrorystami z Samodzielnego Pododdzia\u0142u Kontrterrorystycznego Policji Komendy Wojew\u00f3dzkiej Policji w Krakowie oraz Krajowej Administracji Skarbowej przeprowadzili na terenie Krakowa, jak r\u00f3wnie\u017c powiatu krakowskiego i limanowskiego akcj\u0119 zatrzymania cz\u0142onk\u00f3w zorganizowanej grupy przest\u0119pczej. W dzia\u0142aniach uczestniczyli tak\u017ce m.in. funkcjonariusze z Wydzia\u0142u do Walki z Przest\u0119pczo\u015bci\u0105 Przeciwko Mieniu, Wydzia\u0142u do Walki z Przest\u0119pczo\u015bci\u0105 Przeciwko \u017byciu i Zdrowiu, Wydzia\u0142u do Walki z Przest\u0119pczo\u015bci\u0105 Gospodarcz\u0105 Komendy Miejskiej Policji w Krakowie oraz kryminalni z krakowskich komisariat\u00f3w. W akcj\u0119 w\u0142\u0105czyli si\u0119 r\u00f3wnie\u017c policjanci z Komendy Powiatowej Policji w Bochni.\u00a0<\/p>\n<p>&#13;<br \/>\n&#13;<\/p>\n<p>Funkcjonariusze weszli do kilku dom\u00f3w i mieszka\u0144 na terenie Krakowa, powiatu krakowskiego i limanowskiego, gdzie zatrzymali siedmiu m\u0119\u017cczyzn w wieku od 27 do 40-lat. Policjanci przeszukali mieszkania i pojazdy, kt\u00f3re u\u017cytkowa\u0142y te osoby, gdzie znale\u017ali i zabezpieczyli m.in. maczety, race dymne, telefony kom\u00f3rkowe, laptopy, got\u00f3wk\u0119 oraz znaczne ilo\u015bci narkotyk\u00f3w. Dodatkowo w krakowskim mieszkaniu zabezpieczono przedmiot przypominaj\u0105cy bro\u0144, kt\u00f3ry zosta\u0142 przekazany do dalszej analizy balistycznej.\u00a0<br \/>&#13;<br \/>\nZatrzymani zostali przewiezieni do Komendy Miejskiej Policji w Krakowie, gdzie policjanci wykonali z ich udzia\u0142em niezb\u0119dne czynno\u015bci. Zebrany przez \u015bledczych materia\u0142 dowodowy pozwoli\u0142 na przedstawienie pi\u0119ciu zatrzymanym zarzut\u00f3w udzia\u0142u w zorganizowanej grupie przest\u0119pczej, przemycie wewn\u0105trzwsp\u00f3lnotowym oraz obrocie znacznymi ilo\u015bciami \u015brodk\u00f3w psychotropowych, oraz odurzaj\u0105cych celem dalszej dystrybucji. Pozosta\u0142a dw\u00f3jka odpowie za posiadanie zakazanych substancji.\u00a0<\/p>\n<p>&#13;<br \/>\n&#13;<\/p>\n<p>S\u0105d przychyli\u0142 si\u0119 do wniosku Prokuratury Rejonowej Krak\u00f3w Podg\u00f3rze i zastosowa\u0142 wobec pi\u0119ciu m\u0119\u017cczyzn \u015brodek zapobiegawczy w postaci tymczasowego aresztowania na okres trzech miesi\u0119cy.\u00a0<\/p>\n<p>&#13;<br \/>\n&#13;<\/p>\n<p>39-latkowi za posiadanie \u015brodk\u00f3w odurzaj\u0105cych grozi do 3 lat wi\u0119zienia. Za udzia\u0142 w zorganizowanej grupie przest\u0119pczej, przemycie wewn\u0105trzwsp\u00f3lnotowym oraz obrocie znacznymi ilo\u015bciami \u015brodk\u00f3w psychotropowych oraz odurzaj\u0105cych celem dalszej dystrybucji pozosta\u0142ym pi\u0119ciu zatrzymanym grozi do 20 lat wi\u0119zienia.\u00a0<\/p>\n<p>&#13;<br \/>\n&#13;<\/p>\n<p style=\"text-align:center\">\n<p>&#13;<br \/>\n      &#13;<br \/>\n    &#13;<br \/>\n  &#13;<br \/>\n  &#13;<\/p>\n","protected":false},"excerpt":{"rendered":"&#13; Krakowscy policjanci rozbili zorganizowan\u0105 grup\u0119 przest\u0119pcz\u0105 zajmuj\u0105c\u0105 si\u0119 przest\u0119pczo\u015bci\u0105 narkotykow\u0105 Data publikacji 18.12.2025 Na pocz\u0105tku grudnia br.&hellip;\n","protected":false},"author":2,"featured_media":159431,"comment_status":"","ping_status":"","sticky":false,"template":"","format":"standard","meta":{"footnotes":""},"categories":[5],"tags":[32,33,36,37,27,13202,13201,34,35,4988,28,31,25,42,38,13200,40,39,41,29,30,26,13203],"class_list":{"0":"post-159430","1":"post","2":"type-post","3":"status-publish","4":"format-standard","5":"has-post-thumbnail","7":"category-naglowki","8":"tag-breaking-news","9":"tag-breakingnews","10":"tag-featured-news","11":"tag-featurednews","12":"tag-headlines","13":"tag-komenda","14":"tag-komenda-wojewodzka-policji","15":"tag-latest-news","16":"tag-latestnews","17":"tag-malopolska","18":"tag-naglowki","19":"tag-najwazniejsze-artykuly","20":"tag-news","21":"tag-pl","22":"tag-poland","23":"tag-policja-malopolska","24":"tag-polish","25":"tag-polska","26":"tag-polski","27":"tag-top-stories","28":"tag-topstories","29":"tag-wiadomosci","30":"tag-wojewodzka"},"share_on_mastodon":{"url":"https:\/\/pubeurope.com\/@pl\/115745190235624323","error":""},"_links":{"self":[{"href":"https:\/\/www.europesays.com\/pl\/wp-json\/wp\/v2\/posts\/159430","targetHints":{"allow":["GET"]}}],"collection":[{"href":"https:\/\/www.europesays.com\/pl\/wp-json\/wp\/v2\/posts"}],"about":[{"href":"https:\/\/www.europesays.com\/pl\/wp-json\/wp\/v2\/types\/post"}],"author":[{"embeddable":true,"href":"https:\/\/www.europesays.com\/pl\/wp-json\/wp\/v2\/users\/2"}],"replies":[{"embeddable":true,"href":"https:\/\/www.europesays.com\/pl\/wp-json\/wp\/v2\/comments?post=159430"}],"version-history":[{"count":0,"href":"https:\/\/www.europesays.com\/pl\/wp-json\/wp\/v2\/posts\/159430\/revisions"}],"wp:featuredmedia":[{"embeddable":true,"href":"https:\/\/www.europesays.com\/pl\/wp-json\/wp\/v2\/media\/159431"}],"wp:attachment":[{"href":"https:\/\/www.europesays.com\/pl\/wp-json\/wp\/v2\/media?parent=159430"}],"wp:term":[{"taxonomy":"category","embeddable":true,"href":"https:\/\/www.europesays.com\/pl\/wp-json\/wp\/v2\/categories?post=159430"},{"taxonomy":"post_tag","embeddable":true,"href":"https:\/\/www.europesays.com\/pl\/wp-json\/wp\/v2\/tags?post=159430"}],"curies":[{"name":"wp","href":"https:\/\/api.w.org\/{rel}","templated":true}]}}