{"id":159433,"date":"2025-12-19T08:05:15","date_gmt":"2025-12-19T08:05:15","guid":{"rendered":"https:\/\/www.europesays.com\/pl\/159433\/"},"modified":"2025-12-19T08:05:15","modified_gmt":"2025-12-19T08:05:15","slug":"przejmuj%c2%b1ce-s%c2%b3owa-corki-zamordowanej-agnieszki-kotlarskiej-to-dla-mnie-obca-osoba","status":"publish","type":"post","link":"https:\/\/www.europesays.com\/pl\/159433\/","title":{"rendered":"Przejmuj\u00b1ce s\u00b3owa c\u00f3rki zamordowanej Agnieszki Kotlarskiej. 'To dla mnie obca osoba&#8217;"},"content":{"rendered":"<p class=\"art_paragraph\">Historia <a href=\"https:\/\/www.plotek.pl\/agnieszka-kotlarska\" class=\"art_link\" rel=\"dofollow noopener\" target=\"_blank\">Agnieszki Kotlarskiej<\/a> wstrz\u0105sn\u0119\u0142a ca\u0142\u0105 Polsk\u0105. Uznana modelka, Miss Polski z 1991 roku, a tak\u017ce zwyci\u0119\u017cczyni konkursu\u00a0Miss International, rozpoczyna\u0142a wielk\u0105, mi\u0119dzynarodow\u0105 karier\u0119. W 1996 roku dosz\u0142o jednak do tragedii. 24-letnia Kotlarska zosta\u0142a zamordowana przez stalkera przed swoim domem, czego \u015bwiadkami byli jej m\u0105\u017c i 2,5-letnia w\u00f3wczas c\u00f3rka Patrycja. &#8211;\u00a0Moja mama to dla mnie pani ze zdj\u0119cia. Nie pami\u0119tam jej w og\u00f3le, nie znam jej &#8211; opowiada dzi\u015b c\u00f3rka Agnieszki Kotlarskiej w dokumencie HBO\u00a0Original &#8222;Zabi\u0107 miss&#8221;.<\/p>\n<p>\n    Zobacz wideo O tej sprawie m\u00f3wi\u0142 ca\u0142y \u015bwiat\n  <\/p>\n<p> C\u00f3rka Agnieszki Kotlarskiej obawia\u0142a si\u0119, \u017ce morderca jej matki znajdzie r\u00f3wnie\u017c j\u0105<\/p>\n<p class=\"art_paragraph\">&#8211; Dla mnie, jak patrz\u0119 na jej zdj\u0119cie w internecie, na jakiekolwiek jej zdj\u0119cie, to dla mnie to jest w\u0142a\u015bciwie obca osoba &#8211; m\u00f3wi Patrycja w serialu po\u015bwi\u0119conym jej mamie. Jak przyzna\u0142a, ogl\u0105danie jej zdj\u0119\u0107 mo\u017ce por\u00f3wna\u0107 do sytuacji, w kt\u00f3rej <a href=\"https:\/\/zakupy.avanti24.pl\/dzieciece#anchorLink\" rel=\"nofollow noopener\" target=\"_blank\">dziecko<\/a> ogl\u0105da fotografie swojego idola. &#8211; Mog\u0119 si\u0119 tylko na ni\u0105 patrze\u0107 i nie czuj\u0119 nic wi\u0119cej, bo to jest dalej ta sama pani z obrazka, kt\u00f3ra by\u0142a na innej stronie. (&#8230;) Nie jestem w stanie nic wi\u0119cej o niej powiedzie\u0107, bo nic nie czuj\u0119. To jest straszne, mocno neutralne uczucie &#8211; relacjonuje c\u00f3rka Kotlarskiej.<\/p>\n<p class=\"art_paragraph\">Morderca Agnieszki Kotlarskiej dosta\u0142 wyrok 15 lat pozbawienia wolno\u015bci. Wyszed\u0142 z wi\u0119zienia w 2011 roku. C\u00f3rka zamordowanej miss wyzna\u0142a, \u017ce gdy dowiedzia\u0142a si\u0119, \u017ce m\u0119\u017cczyzna wychodzi na wolno\u015bci, zacz\u0119\u0142a si\u0119 go obawia\u0107. &#8211; Jak je\u017adzi\u0142am tramwajem, autobusem czy chodzi\u0142am po galerii handlowej, to zacz\u0119\u0142am si\u0119 obraca\u0107 za siebie. Ka\u017cd\u0105 osob\u0119, kt\u00f3ra si\u0119 patrzy\u0142a na mnie d\u0142u\u017cej ni\u017c par\u0119 sekund, te\u017c zacz\u0119\u0142am obcykiwa\u0107 wzrokiem, czy na pewno to nie jest ten morderca i ci\u0119\u017cko mi by\u0142o z tego wyj\u015b\u0107, bo zacz\u0119\u0142am si\u0119 bardzo obawia\u0107 &#8211; opowiada\u0142a w dokumencie &#8222;Zabi\u0107 miss&#8221;.<\/p>\n<p> M\u0105\u017c Agnieszki Kotlarskiej d\u0142ugo pr\u00f3bowa\u0142 chroni\u0107 c\u00f3rk\u0119<\/p>\n<p class=\"art_paragraph\">Nieprawdopodobna tragedia, kt\u00f3ra dotkn\u0119\u0142a rodzin\u0119 Agnieszki Kotlarskiej, na lata odbi\u0142a si\u0119 na jej bliskich. M\u0105\u017c modelki Jaros\u0142aw \u015awi\u0105tek, kt\u00f3rego po\u015blubi\u0142a w 1993 roku, r\u00f3wnie\u017c zacz\u0105\u0142 ba\u0107 si\u0119 o \u017cycie ich c\u00f3rki. Patrycja wspomina, \u017ce by\u0142 okres, gdy ojciec &#8222;roztoczy\u0142 wok\u00f3\u0142 niej mur&#8221;. &#8211; Bardzo ci\u0119\u017cko by\u0142o mi nawi\u0105za\u0107 jakiekolwiek relacje mi\u0119dzyludzkie &#8211; wyzna\u0142a w dokumencie HBO. &#8211; Pami\u0119tam, \u017ce mog\u0142am wychodzi\u0107 tylko na dwie, trzy godziny z domu. I to dos\u0142ownie z zegarkiem w r\u0119ku. Po przeprowadzce nawet nie mog\u0142am pojecha\u0107 autobusem do szko\u0142y, tylko <a href=\"https:\/\/www.plotek.pl\/maciej-musial#anchorLink\" rel=\"nofollow noopener\" target=\"_blank\">musia\u00b3a<\/a> ze mn\u0105 jecha\u0107 moja babcia, zawsze, od pocz\u0105tku do ko\u0144ca &#8211; <a href=\"https:\/\/www.plotek.pl\/doda#anchorLink\" rel=\"nofollow noopener\" target=\"_blank\">doda\u00b3a<\/a>.<\/p>\n<p class=\"art_paragraph\">Patrycja wspomina, \u017ce nie mog\u0142a zam\u00f3wi\u0107 pizzy do domu z obawy, \u017ce jej adres mo\u017ce dosta\u0107 si\u0119 w niepowo\u0142ane r\u0119ce. C\u00f3rka Agnieszki Kotlarskiej przyzna\u0142a jednak, \u017ce w pewnym momencie ta sytuacja zacz\u0119\u0142a j\u0105 przerasta\u0107. &#8211; Rozumiem, \u017ce m\u00f3j tata pr\u00f3bowa\u0142 mnie chroni\u0107 przed \u015bwiatem zewn\u0119trznym, ale uwa\u017cam, \u017ce to wszystko to by\u0142o dla mnie za du\u017co. Z perspektywy czasu zrobi\u0142o si\u0119 to bardzo przyt\u0142aczaj\u0105ce &#8211; doda\u0142a.<\/p>\n","protected":false},"excerpt":{"rendered":"Historia Agnieszki Kotlarskiej wstrz\u0105sn\u0119\u0142a ca\u0142\u0105 Polsk\u0105. Uznana modelka, Miss Polski z 1991 roku, a tak\u017ce zwyci\u0119\u017cczyni konkursu\u00a0Miss International,&hellip;\n","protected":false},"author":2,"featured_media":159434,"comment_status":"","ping_status":"","sticky":false,"template":"","format":"standard","meta":{"footnotes":""},"categories":[22],"tags":[122,42,38,40,39,41,123],"class_list":{"0":"post-159433","1":"post","2":"type-post","3":"status-publish","4":"format-standard","5":"has-post-thumbnail","7":"category-rozrywka","8":"tag-entertainment","9":"tag-pl","10":"tag-poland","11":"tag-polish","12":"tag-polska","13":"tag-polski","14":"tag-rozrywka"},"share_on_mastodon":{"url":"https:\/\/pubeurope.com\/@pl\/115745202211783473","error":""},"_links":{"self":[{"href":"https:\/\/www.europesays.com\/pl\/wp-json\/wp\/v2\/posts\/159433","targetHints":{"allow":["GET"]}}],"collection":[{"href":"https:\/\/www.europesays.com\/pl\/wp-json\/wp\/v2\/posts"}],"about":[{"href":"https:\/\/www.europesays.com\/pl\/wp-json\/wp\/v2\/types\/post"}],"author":[{"embeddable":true,"href":"https:\/\/www.europesays.com\/pl\/wp-json\/wp\/v2\/users\/2"}],"replies":[{"embeddable":true,"href":"https:\/\/www.europesays.com\/pl\/wp-json\/wp\/v2\/comments?post=159433"}],"version-history":[{"count":0,"href":"https:\/\/www.europesays.com\/pl\/wp-json\/wp\/v2\/posts\/159433\/revisions"}],"wp:featuredmedia":[{"embeddable":true,"href":"https:\/\/www.europesays.com\/pl\/wp-json\/wp\/v2\/media\/159434"}],"wp:attachment":[{"href":"https:\/\/www.europesays.com\/pl\/wp-json\/wp\/v2\/media?parent=159433"}],"wp:term":[{"taxonomy":"category","embeddable":true,"href":"https:\/\/www.europesays.com\/pl\/wp-json\/wp\/v2\/categories?post=159433"},{"taxonomy":"post_tag","embeddable":true,"href":"https:\/\/www.europesays.com\/pl\/wp-json\/wp\/v2\/tags?post=159433"}],"curies":[{"name":"wp","href":"https:\/\/api.w.org\/{rel}","templated":true}]}}