{"id":159435,"date":"2025-12-19T08:06:10","date_gmt":"2025-12-19T08:06:10","guid":{"rendered":"https:\/\/www.europesays.com\/pl\/159435\/"},"modified":"2025-12-19T08:06:10","modified_gmt":"2025-12-19T08:06:10","slug":"awaria-starlinka-na-orbicie-od-satelity-oderwaly-sie-fragmenty","status":"publish","type":"post","link":"https:\/\/www.europesays.com\/pl\/159435\/","title":{"rendered":"Awaria Starlinka na orbicie. Od satelity oderwa\u0142y si\u0119 fragmenty"},"content":{"rendered":"<p>Jeden z\u00a0satelit\u00f3w konstelacji Starlink, obs\u0142ugiwanej przez SpaceX, do\u015bwiadczy\u0142 w\u00a0\u015brod\u0119 powa\u017cnej awarii na wysoko\u015bci 418 km nad ziemi\u0105. Wskutek niezidentyfikowanych problem\u00f3w technicznych operatorzy naziemni utracili kontakt z\u00a0satelit\u0105. Obserwacje potwierdzi\u0142y utrat\u0119 stabilno\u015bci satelity na orbicie i\u00a0zmian\u0119 orbity na tak\u0105, kt\u00f3ra sprowadzi satelit\u0119 w\u00a0g\u0119ste warstwy atmosfery w\u00a0ci\u0105gu kilku najbli\u017cszych tygodni.<\/p>\n<p>W oficjalnej informacji przekazanej przez SpaceX zaznaczono, \u017ce dosz\u0142o do uszkodzenia zbiornika paliwa, co wywo\u0142a\u0142o nag\u0142e wydostawanie si\u0119 z\u00a0niego gaz\u00f3w oraz obni\u017cenie orbity o\u00a0ok. 4\u00a0km. Jak by tego by\u0142o ma\u0142o, od satelity oddzieli\u0142o si\u0119 kilka niewielkich fragment\u00f3w, kt\u00f3re mo\u017cna \u015bledzi\u0107 z\u00a0Ziemi. SpaceX podkre\u015bla, \u017ce ryzyko zwi\u0105zane z\u00a0tymi od\u0142amkami jest niewielkie, a\u00a0wszystkie pozosta\u0142o\u015bci ulegn\u0105 zniszczeniu podczas wej\u015bcia w\u00a0atmosfer\u0119.<\/p>\n<p>Wsp\u00f3\u0142pracuj\u0105c \u015bci\u015ble z\u00a0NASA oraz ameryka\u0144skimi Si\u0142ami Kosmicznymi, in\u017cynierowie SpaceX stale monitoruj\u0105 po\u0142o\u017cenie oraz zachowanie satelity wraz z\u00a0fragmentami. Jak podano, obiekt nie stanowi zagro\u017cenia dla Mi\u0119dzynarodowej Stacji Kosmicznej ani jej za\u0142ogi, poniewa\u017c znajduje si\u0119 na orbicie poni\u017cej orbity stacji.<\/p>\n<p>SpaceX zapewnia, \u017ce bezpiecze\u0144stwo kosmiczne jest dla nich priorytetem. Firma wdra\u017ca aktualizacje oprogramowania, maj\u0105ce zabezpieczy\u0107 inne satelity Starlink przed podobnymi problemami. Starlink jest najwi\u0119ksz\u0105 konstelacj\u0105 satelit\u00f3w na \u015bwiecie \u2013\u00a0obecnie liczy ok. 9,3 tys. aktywnych urz\u0105dze\u0144, czyli niemal 65 proc. wszystkich dzia\u0142aj\u0105cych satelit\u00f3w.<\/p>\n<p>W 2025 r. SpaceX przeprowadzi\u0142 ju\u017c 122 misje, w\u00a0kt\u00f3rych na orbit\u0119 wyniesiono kolejne satelity Starlink. \u015aredni czas eksploatacji ka\u017cdego z\u00a0tych urz\u0105dze\u0144 to pi\u0119\u0107 lat. Po up\u0142ywie tego okresu firma planowo przeprowadza deorbitacj\u0119, aby unikn\u0105\u0107 powstawania kosmicznych \u015bmieci.<\/p>\n<p>Satelity Starlink regularnie realizuj\u0105 manewry omijaj\u0105ce potencjalne zagro\u017cenia \u2013\u00a0w pierwszym p\u00f3\u0142roczu 2025 r. odnotowano ok. 145 tys. takich operacji. Jednak nie wszyscy operatorzy w\u00a0przestrzeni kosmicznej stosuj\u0105 podobne praktyki, co generuje dodatkowe ryzyko, o\u00a0czym przypomina Michael Nicolls, wiceprezes ds. in\u017cynierii Starlink.<\/p>\n","protected":false},"excerpt":{"rendered":"Jeden z\u00a0satelit\u00f3w konstelacji Starlink, obs\u0142ugiwanej przez SpaceX, do\u015bwiadczy\u0142 w\u00a0\u015brod\u0119 powa\u017cnej awarii na wysoko\u015bci 418 km nad ziemi\u0105. Wskutek&hellip;\n","protected":false},"author":2,"featured_media":159436,"comment_status":"","ping_status":"","sticky":false,"template":"","format":"standard","meta":{"footnotes":""},"categories":[20],"tags":[120,118,119,42,38,40,39,41,116,114,115,121,117],"class_list":{"0":"post-159435","1":"post","2":"type-post","3":"status-publish","4":"format-standard","5":"has-post-thumbnail","7":"category-nauka-i-technika","8":"tag-nauka","9":"tag-nauka-i-technika","10":"tag-naukatechnika","11":"tag-pl","12":"tag-poland","13":"tag-polish","14":"tag-polska","15":"tag-polski","16":"tag-science","17":"tag-science-and-technology","18":"tag-sciencetechnology","19":"tag-technika","20":"tag-technology"},"share_on_mastodon":{"url":"https:\/\/pubeurope.com\/@pl\/115745206152404246","error":""},"_links":{"self":[{"href":"https:\/\/www.europesays.com\/pl\/wp-json\/wp\/v2\/posts\/159435","targetHints":{"allow":["GET"]}}],"collection":[{"href":"https:\/\/www.europesays.com\/pl\/wp-json\/wp\/v2\/posts"}],"about":[{"href":"https:\/\/www.europesays.com\/pl\/wp-json\/wp\/v2\/types\/post"}],"author":[{"embeddable":true,"href":"https:\/\/www.europesays.com\/pl\/wp-json\/wp\/v2\/users\/2"}],"replies":[{"embeddable":true,"href":"https:\/\/www.europesays.com\/pl\/wp-json\/wp\/v2\/comments?post=159435"}],"version-history":[{"count":0,"href":"https:\/\/www.europesays.com\/pl\/wp-json\/wp\/v2\/posts\/159435\/revisions"}],"wp:featuredmedia":[{"embeddable":true,"href":"https:\/\/www.europesays.com\/pl\/wp-json\/wp\/v2\/media\/159436"}],"wp:attachment":[{"href":"https:\/\/www.europesays.com\/pl\/wp-json\/wp\/v2\/media?parent=159435"}],"wp:term":[{"taxonomy":"category","embeddable":true,"href":"https:\/\/www.europesays.com\/pl\/wp-json\/wp\/v2\/categories?post=159435"},{"taxonomy":"post_tag","embeddable":true,"href":"https:\/\/www.europesays.com\/pl\/wp-json\/wp\/v2\/tags?post=159435"}],"curies":[{"name":"wp","href":"https:\/\/api.w.org\/{rel}","templated":true}]}}