{"id":159437,"date":"2025-12-19T08:07:12","date_gmt":"2025-12-19T08:07:12","guid":{"rendered":"https:\/\/www.europesays.com\/pl\/159437\/"},"modified":"2025-12-19T08:07:12","modified_gmt":"2025-12-19T08:07:12","slug":"bez-biletu-i-dokumentow-w-samolocie-z-londynu-to-powazne-zaniedbanie","status":"publish","type":"post","link":"https:\/\/www.europesays.com\/pl\/159437\/","title":{"rendered":"Bez biletu i dokument\u00f3w w samolocie z Londynu. &#8222;To powa\u017cne zaniedbanie&#8221;"},"content":{"rendered":"<p class=\"Paragraph_desktopParagraph__U31Gm\">&#8222;Mia\u0142 oko\u0142o 20 lub 30 lat. Niechlujny, ubrany w kremowy dres. Ni\u00f3s\u0142 te\u017c ma\u0142y plecaczek&#8221; \u2014 tak m\u0119\u017cczyzn\u0119, kt\u00f3ry w weekend nielegalnie dosta\u0142 si\u0119 na pok\u0142ad lec\u0105cego z Londynu do Oslo Airbusa A320 opisuje jeden z pasa\u017cer\u00f3w. Niepozornie wygl\u0105daj\u0105cy podr\u00f3\u017cny mia\u0142 wcze\u015bniej bez skanowania karty pok\u0142adowej prze\u015blizn\u0105\u0107 si\u0119 w t\u0142umie przez automatyczne bramki wiod\u0105ce do terminala. Nast\u0119pnie uda\u0142o mu si\u0119 przej\u015b\u0107 przez kontrol\u0119 bezpiecze\u0144stwa. Przed wej\u015bciem do samolotu oszuka\u0142 pracownika linii lotniczych British Airways. &#8222;Udawa\u0142, \u017ce jest z rodzin\u0105, kt\u00f3ra ju\u017c przesz\u0142a kontrol\u0119 i kt\u00f3rej paszporty i karty pok\u0142adowe zosta\u0142y wcze\u015bniej sprawdzone&#8221; \u2014 relacjonuje w &#8222;The Telegraph&#8221; jeden ze \u015bwiadk\u00f3w.<\/p>\n<p class=\"VideoPlayerText_videoPlayerText__iDwyz\">Dalszy ci\u0105g materia\u0142u pod wideo<\/p>\n<ul class=\"OchatFollowUps_wrapper__1ry7X\">\n<li class=\"OchatFollowUps_item__Dhyly OchatFollowUps_itemDesktop__R6aBv\">Jak m\u0119\u017cczyzna dosta\u0142 si\u0119 na pok\u0142ad samolotu?<\/li>\n<li class=\"OchatFollowUps_item__Dhyly OchatFollowUps_itemDesktop__R6aBv\">Co zauwa\u017cy\u0142 personel samolotu?<\/li>\n<li class=\"OchatFollowUps_item__Dhyly OchatFollowUps_itemDesktop__R6aBv\">Jakie by\u0142y konsekwencje dla pasa\u017cera na gap\u0119?<\/li>\n<li class=\"OchatFollowUps_item__Dhyly OchatFollowUps_itemDesktop__R6aBv\">Co m\u00f3wi ekspert o bezpiecze\u0144stwie w tej sytuacji?<\/li>\n<\/ul>\n<p>Pasa\u017cera na gap\u0119 odkry\u0142 dopiero personel samolotu. Trafi\u0142 do aresztu <\/p>\n<p class=\"Paragraph_desktopParagraph__U31Gm\">Czujno\u015b\u0107 za\u0142ogi wzbudzi\u0142o dopiero zachowanie pasa\u017cera na pok\u0142adzie samolotu. &#8222;Ten facet kr\u0105\u017cy\u0142, a\u017c samolot si\u0119 zape\u0142ni\u0142&#8221; \u2014 opowiada \u015bwiadek i wyja\u015bnia, \u017ce wszystkie miejsca w maszynie by\u0142y zaj\u0119te i dodatkowy pasa\u017cer nie mia\u0142 ju\u017c gdzie usi\u0105\u015b\u0107. &#8222;Wtedy podszed\u0142 do niego cz\u0142onek personelu pok\u0142adowego, \u017ceby z nimi porozmawia\u0107. I sta\u0142o si\u0119 jasne, \u017ce on nie mia\u0142 \u017cadnej karty pok\u0142adowej ani niczego innego&#8221; \u2014 dodaje pasa\u017cer tamtego lotu.<\/p>\n<p class=\"Paragraph_desktopParagraph__U31Gm\">Na miejsce natychmiast wezwani zostali funkcjonariusze ochrony lotniska oraz policjanci. M\u0119\u017cczyzna zosta\u0142 wyprowadzony z samolotu i trafi\u0142 do aresztu. Maszyna zosta\u0142a nast\u0119pnie przeszukana przez przedstawicieli s\u0142u\u017cb oraz psy tropi\u0105ce. Wszyscy pasa\u017cerowie musieli natomiast przej\u015b\u0107 ponownie przez kontrol\u0119 bezpiecze\u0144stwa, co mia\u0142o trwa\u0107 oko\u0142o trzech godzin.<\/p>\n<p>Ekspert m\u00f3wi o zaniedbaniach. Lotnisko i linie odmawiaj\u0105 komentarza <\/p>\n<p class=\"Paragraph_desktopParagraph__U31Gm\">&#8222;To powa\u017cne zaniedbanie w zakresie bezpiecze\u0144stwa&#8221; \u2014 komentuje dla &#8222;The Telegraph&#8221; ekspert do spraw bezpiecze\u0144stwa, Philip Baum. Dodaje, \u017ce ka\u017cda linia lotnicza ma obowi\u0105zek sprawdzi\u0107, czy wszystkie osoby na pok\u0142adzie samolot\u00f3w maj\u0105 prawo tam przebywa\u0107.<\/p>\n<p class=\"Paragraph_desktopParagraph__U31Gm\">\u015awiadek, kt\u00f3rego cytuje &#8222;The Telegraph&#8221; za op\u00f3\u017anienie samolotu otrzyma\u0142 rekompensat\u0119 w wysoko\u015bci 10 funt\u00f3w.<\/p>\n<p class=\"Paragraph_desktopParagraph__U31Gm\">Przedstawiciele lotniska i linii lotniczych odmawiaj\u0105 komentarza.<\/p>\n","protected":false},"excerpt":{"rendered":"&#8222;Mia\u0142 oko\u0142o 20 lub 30 lat. Niechlujny, ubrany w kremowy dres. Ni\u00f3s\u0142 te\u017c ma\u0142y plecaczek&#8221; \u2014 tak m\u0119\u017cczyzn\u0119,&hellip;\n","protected":false},"author":2,"featured_media":159438,"comment_status":"","ping_status":"","sticky":false,"template":"","format":"standard","meta":{"footnotes":""},"categories":[16],"tags":[113,112,470,2996,67,2760,2466,53,52,68,51,55,42,10421,38,40,39,41,47,50,26],"class_list":{"0":"post-159437","1":"post","2":"type-post","3":"status-publish","4":"format-standard","5":"has-post-thumbnail","7":"category-biznes","8":"tag-biznes","9":"tag-business","10":"tag-educate_me","11":"tag-heathrow","12":"tag-intextvideo_splayer","13":"tag-londyn_miasto","14":"tag-lotnictwo_samoloty_samolot_przemysl_lotniczy_linie_lotnicze_lotnictwo_wojskowe_ruch_lotniczy","15":"tag-new_header","16":"tag-onet3","17":"tag-onet3d","18":"tag-onet3d_2i","19":"tag-phx","20":"tag-pl","21":"tag-podroze_onet","22":"tag-poland","23":"tag-polish","24":"tag-polska","25":"tag-polski","26":"tag-screening_general","27":"tag-v2021","28":"tag-wiadomosci"},"share_on_mastodon":{"url":"https:\/\/pubeurope.com\/@pl\/115745209907493721","error":""},"_links":{"self":[{"href":"https:\/\/www.europesays.com\/pl\/wp-json\/wp\/v2\/posts\/159437","targetHints":{"allow":["GET"]}}],"collection":[{"href":"https:\/\/www.europesays.com\/pl\/wp-json\/wp\/v2\/posts"}],"about":[{"href":"https:\/\/www.europesays.com\/pl\/wp-json\/wp\/v2\/types\/post"}],"author":[{"embeddable":true,"href":"https:\/\/www.europesays.com\/pl\/wp-json\/wp\/v2\/users\/2"}],"replies":[{"embeddable":true,"href":"https:\/\/www.europesays.com\/pl\/wp-json\/wp\/v2\/comments?post=159437"}],"version-history":[{"count":0,"href":"https:\/\/www.europesays.com\/pl\/wp-json\/wp\/v2\/posts\/159437\/revisions"}],"wp:featuredmedia":[{"embeddable":true,"href":"https:\/\/www.europesays.com\/pl\/wp-json\/wp\/v2\/media\/159438"}],"wp:attachment":[{"href":"https:\/\/www.europesays.com\/pl\/wp-json\/wp\/v2\/media?parent=159437"}],"wp:term":[{"taxonomy":"category","embeddable":true,"href":"https:\/\/www.europesays.com\/pl\/wp-json\/wp\/v2\/categories?post=159437"},{"taxonomy":"post_tag","embeddable":true,"href":"https:\/\/www.europesays.com\/pl\/wp-json\/wp\/v2\/tags?post=159437"}],"curies":[{"name":"wp","href":"https:\/\/api.w.org\/{rel}","templated":true}]}}