{"id":159441,"date":"2025-12-19T08:10:12","date_gmt":"2025-12-19T08:10:12","guid":{"rendered":"https:\/\/www.europesays.com\/pl\/159441\/"},"modified":"2025-12-19T08:10:12","modified_gmt":"2025-12-19T08:10:12","slug":"minister-z-ko-wystawil-sie-na-posmiewisko-historyczny-sukces-a-polacy-przegrali","status":"publish","type":"post","link":"https:\/\/www.europesays.com\/pl\/159441\/","title":{"rendered":"Minister z KO wystawi\u0142 si\u0119 na po\u015bmiewisko. Historyczny sukces, a Polacy przegrali"},"content":{"rendered":"<p class=\"Paragraph_desktopParagraph__Fd2e9\">&#8222;To wielki skandal i m\u00f3wi\u0119 to przede wszystkim jako kibic Lecha, ale te\u017c jako parlamentarzysta z Wielkopolski. Tak tego nie zostawimy. B\u0119dziemy pyta\u0107 w\u0142adze telewizji publicznej, dlaczego miliardy wydawane s\u0105 na szczujni\u0119, a gdy mo\u017cna by\u0142oby pokaza\u0107 nasz\u0105 wspania\u0142\u0105 dru\u017cyn\u0119 w ca\u0142ej Polsce, to okazuje si\u0119, \u017ce Lecha w kana\u0142ach otwartych nie b\u0119dzie. Tak by\u0107 nie powinno&#8221; \u2014 grzmia\u0142 pose\u0142 Jakub Rutnicki na nagraniu zamieszczonym w mediach spo\u0142eczno\u015bciowych w marcu 2023 r.<\/p>\n<p class=\"Paragraph_desktopParagraph__Fd2e9\">Jakub Rutnicki pomstuje na TVP za rz\u0105d\u00f3w PiS-u:<\/p>\n<p class=\"Paragraph_desktopParagraph__Fd2e9\">Jego ukochany Lech Pozna\u0144 rozgrywa\u0142 wtedy historyczny sezon w Lidze Konferencji. W 1\/8 fina\u0142u europejskich puchar\u00f3w jeszcze nigdy nie bra\u0142 udzia\u0142u. Meczu o awans do najlepszej \u00f3semki rozgrywek nie mo\u017cna by\u0142o zobaczy\u0107 w otwartej telewizji.<\/p>\n<p class=\"Paragraph_desktopParagraph__Fd2e9\">Sprawa zosta\u0142a jednak pokpiona du\u017co wcze\u015bniej. Jeszcze za czas\u00f3w rz\u0105d\u00f3w&#8230; Platformy Obywatelskiej, z kt\u00f3rej Rutnicki si\u0119 wywodzi. Wygl\u0105da zreszt\u0105 na to, \u017ce obecny minister sportu ju\u017c wtedy m\u00f3g\u0142 temu zapobiec.<\/p>\n<p class=\"VideoPlayerText_videoPlayerText__zrtJk\">Dalszy ci\u0105g materia\u0142u pod wideo<\/p>\n<p class=\"Paragraph_desktopParagraph__Fd2e9\">Ale po kolei.<\/p>\n<p>A\u017c prezydent musia\u0142 interweniowa\u0107<\/p>\n<p class=\"Paragraph_desktopParagraph__Fd2e9\">Jest jesie\u0144 2014 r. Polska od lat jest Mekk\u0105 \u015bwiatowej siatk\u00f3wki, ale dopiero pierwszy raz w historii organizuje mistrzostwa \u015bwiata. D\u0142ugo wyczekiwane \u015bwi\u0119to jeszcze przed rozpocz\u0119ciem zostaje zepsute. W\u0142adze transmituj\u0105cego turniej Polsatu oznajmiaj\u0105, \u017ce w ich otwartym kanale zostanie pokazany jedynie mecz otwarcia mi\u0119dzy Polsk\u0105 a Serbi\u0105.<\/p>\n<p class=\"Paragraph_desktopParagraph__Fd2e9\">Od Odry po Bug przetaczaj\u0105 si\u0119 fale niezadowolenia, ale stacja Zygmunta Solorza ust\u0119puje tylko troch\u0119, i to po interwencji samego prezydenta. Na wniosek Bronis\u0142awa Komorowskiego fina\u0142 Brazylia \u2014 Polska zostaje pokazany w og\u00f3lnodost\u0119pnym pa\u015bmie. Dzi\u0119ki temu ca\u0142y kraj mo\u017ce zobaczy\u0107, jak Bia\u0142o-Czerwoni si\u0119gaj\u0105 po drugie w historii z\u0142oto mistrzostw \u015bwiata siatkarzy.<\/p>\n<p><img decoding=\"async\" src=\"https:\/\/www.europesays.com\/pl\/wp-content\/uploads\/2025\/12\/prezydent-bronislaw-komorowski-ze-zlota-druzyna-siatkarzy-to-dzieki-niemu-final-ms-2014-zostal-pokaz.jpeg\" alt=\"Prezydent Bronis\u0142aw Komorowski ze z\u0142ot\u0105 dru\u017cyn\u0105 siatkarzy. To dzi\u0119ki niemu fina\u0142 M\u015a 2014 zosta\u0142 pokazany w otwartym Polsacie\" width=\"944\" height=\"629\" loading=\"lazy\" class=\"\" \/>Prezydent Bronis\u0142aw Komorowski ze z\u0142ot\u0105 dru\u017cyn\u0105 siatkarzy. To dzi\u0119ki niemu fina\u0142 M\u015a 2014 zosta\u0142 pokazany w otwartym Polsacie (Foto: RADOSLAW JOZWIAK \/ CYFRASPORT \/ NEWSPIX.PL \/ newspix.pl)<\/p>\n<p class=\"Paragraph_desktopParagraph__Fd2e9\">Na Polsacie jeszcze d\u0142ugo wieszano psy. Problem polega\u0142 jednak na tym, \u017ce przy Ostrobramskiej nie zrobiono nic niezgodnego z prawem. W ustawie o radiofonii i telewizji nie by\u0142o \u017cadnej wzmianki o transmisjach mecz\u00f3w siatk\u00f3wki.<\/p>\n<p class=\"Paragraph_desktopParagraph__Fd2e9\">W celu unikni\u0119cia takich sytuacji w przysz\u0142o\u015bci ju\u017c dwa miesi\u0105ce po siatkarskim mundialu wydano rozporz\u0105dzenie Krajowej Rady Radiofonii i Telewizji, w kt\u00f3rym znalaz\u0142 si\u0119 wykaz dodatkowych wydarze\u0144 sportowych, kt\u00f3re musz\u0105 by\u0107 transmitowane w bezp\u0142atnej telewizji.<\/p>\n<p class=\"Paragraph_desktopParagraph__Fd2e9\">Tym razem nie zabrak\u0142o w nim mecz\u00f3w eliminacji i fina\u0142\u00f3w mistrzostw \u015bwiata i Europy w siatk\u00f3wce kobiet i m\u0119\u017cczyzn. I tak zrobiono to poniewczasie. Ustawa o radiofonii i telewizji, do kt\u00f3rej wydano rozporz\u0105dzenie, zosta\u0142a uchwalona w&#8230; 1992 r.<\/p>\n<p class=\"Paragraph_desktopParagraph__Fd2e9\">Legendarny Jan Ciszewski skwitowa\u0142by to w swoim stylu: &#8222;M\u00f3j Bo\u017ce, co ja mam pa\u0144stwu powiedzie\u0107? 22 lata czeka\u0142em na t\u0119 chwil\u0119&#8221;. A tak naprawd\u0119 jeszcze rok d\u0142u\u017cej, bo rozporz\u0105dzenie wesz\u0142o w \u017cycie po up\u0142ywie 12 miesi\u0119cy od dnia og\u0142oszenia.<\/p>\n<p>Pi\u0142karscy kibice nadal cierpi\u0105<\/p>\n<p class=\"Paragraph_desktopParagraph__Fd2e9\">I tu dochodzimy do kwestii transmitowania mecz\u00f3w polskich dru\u017cyn w europejskich pucharach. W owym listopadzie 2014 r. nikomu nie przesz\u0142o przez my\u015bl, by zamkn\u0105\u0107 furtk\u0119, dzi\u0119ki kt\u00f3rej do dzi\u015b telewizje mog\u0105 kodowa\u0107 te spotkania. Do tej pory w ustawie jest bowiem mowa o &#8222;meczach z udzia\u0142em polskich klub\u00f3w w ramach Ligi Mistrz\u00f3w i Pucharu UEFA&#8221;. Problem w tym, \u017ce ju\u017c wtedy te drugie rozgrywki nie istnia\u0142y od pi\u0119ciu lat! W 2009 r. zosta\u0142y zast\u0105pione przez Lig\u0119 Europy.<\/p>\n<p class=\"Paragraph_desktopParagraph__Fd2e9\">S\u0142owem: ju\u017c w momencie wchodzenia rozporz\u0105dzenia by\u0142o ono nieaktualne z punktu widzenia pi\u0142karskich kibic\u00f3w.<\/p>\n<p class=\"Paragraph_desktopParagraph__Fd2e9\">Mo\u017ce gdyby te 11 lat temu zainterweniowa\u0142a Komisja Kultury Fizycznej, Sportu i Turystyki, do takiej sytuacji by nie dosz\u0142o? Sp\u00f3jrzmy wi\u0119c, kto tam by\u0142 w jej sk\u0142adzie&#8230; O, prosz\u0119, zast\u0119pca przewodnicz\u0105cego: Jakub Rutnicki.<\/p>\n<p class=\"Paragraph_desktopParagraph__Fd2e9\">Tak wi\u0119c na nagraniu z marca 2023 r. pose\u0142 Rutnicki krytykowa\u0142 rozporz\u0105dzenie, kt\u00f3re wesz\u0142o w \u017cycie za czas\u00f3w, gdy w\u0142adz\u0119 w pa\u0144stwie sprawowa\u0142a&#8230; jego partia. A na dodatek to on we w\u0142asnej osobie by\u0142 wiceprzewodnicz\u0105cym cia\u0142a, kt\u00f3re mog\u0142o co\u015b wsk\u00f3ra\u0107.<\/p>\n<p><img decoding=\"async\" src=\"https:\/\/www.europesays.com\/pl\/wp-content\/uploads\/2025\/12\/jakub-rutnicki-na-konwencji-programowej-platformy-obywatelskiej-2015-r.jpg\" alt=\"Jakub Rutnicki na konwencji programowej Platformy Obywatelskiej (2015 r.)\" width=\"944\" height=\"630\" loading=\"lazy\" class=\"\" \/>Jakub Rutnicki na konwencji programowej Platformy Obywatelskiej (2015 r.) (Foto: Jakub Kaczmarczyk \/ PAP (zdj\u0119cia) &#8211; PS.Onet.pl)<\/p>\n<p class=\"Paragraph_desktopParagraph__Fd2e9\">W nagraniu sprzed ponad dw\u00f3ch lat \u00f3wczesny pose\u0142 Platformy Obywatelskiej zapowiedzia\u0142 ponadto, \u017ce na posiedzeniu Komisji Sportu podniesie ten temat, \u017ceby &#8222;nie by\u0142o ju\u017c wi\u0119cej jakichkolwiek tego typu sytuacji&#8221;. By\u0107 mo\u017ce ta sprawa zosta\u0142a nawet poruszona podczas obrad, ale nic si\u0119 w tej kwestii nie zmieni\u0142o.<\/p>\n<p class=\"Paragraph_desktopParagraph__Fd2e9\">Tylko czy Jakub Rutnicki nie powinien mie\u0107 najwi\u0119kszych pretensji do \u00f3wczesnego przewodnicz\u0105cego tej komisji, czyli&#8230; Jakuba Rutnickiego? Funkcj\u0119 t\u0119 sprawowa\u0142 przez ca\u0142\u0105 IX kadencj\u0119 Sejmu, czyli od 12 listopada 2019 do 12 listopada 2023 r. Mia\u0142 wi\u0119c dok\u0142adnie cztery lata, by cokolwiek wsk\u00f3ra\u0107 w kwestii odkodowania mecz\u00f3w Ligi Konferencji. Te rozgrywki wesz\u0142y co prawda w \u017cycie od sezonu 2021\/2022, ale UEFA og\u0142osi\u0142a ich utworzenie ju\u017c w grudniu 2018 r.<\/p>\n<p>Nikt nie spodziewa\u0142 si\u0119, \u017ce b\u0119dzie jeszcze gorzej. A jednak<\/p>\n<p class=\"Paragraph_desktopParagraph__Fd2e9\">&#8222;To jest te\u017c wielki apel do parlamentarzyst\u00f3w PiS-u z Wielkopolski, bo cz\u0119sto lubicie przychodzi\u0107 na lo\u017c\u0119, kibicowa\u0107 albo udawa\u0107, \u017ce wspieracie Lecha, a gdy trzeba powalczy\u0107 o to, \u017ceby telewizja publiczna wreszcie wyda\u0142a nasze pieni\u0105dze na co\u015b konkretnego, na transmisj\u0119 naszej ukochanej dru\u017cyny, wtedy ju\u017c was nie ma&#8221; \u2014 z\u017cyma\u0142 si\u0119 jeszcze wtedy Rutnicki.<\/p>\n<p class=\"Paragraph_desktopParagraph__Fd2e9\">Wystarczy podmieni\u0107 &#8222;parlamentarzyst\u00f3w PiS-u z Wielkopolski&#8221; na &#8222;ministra sportu KO z Wielkopolski&#8221; i w ogr\u00f3dku Rutnickiego l\u0105duje kolejny kamyczek. A mo\u017ce i g\u0142az, wszak po odzyskaniu w\u0142adzy w Polsce przez Koalicj\u0119 Obywatelsk\u0105 jesieni\u0105 2023 r. nic si\u0119 w kwestii transmisji polskich dru\u017cyn w europejskich pucharach nie zmieni\u0142o.<\/p>\n<p class=\"Paragraph_desktopParagraph__Fd2e9\">A nawet je\u015bli jakie\u015b ruchy zosta\u0142y w tej sprawie poczynione, to efekt\u00f3w i tak brak. Minister Rutnicki m\u00f3g\u0142by zapyta\u0107 o to na przyk\u0142ad&#8230; pos\u0142a Rutnickiego, kt\u00f3ry tak\u017ce w Sejmie obecnej kadencji zasiada\u0142 w Komisji Kultury Fizycznej, Sportu i Turystyki. Opu\u015bci\u0142 j\u0105 w 24 lipca br., gdy obj\u0105\u0142 urz\u0105d w resorcie sportu.<\/p>\n<p class=\"Paragraph_desktopParagraph__Fd2e9\">W ka\u017cdym razie sprawa le\u017cy od\u0142ogiem, dzi\u0119ki czemu Polsat zn\u00f3w m\u00f3g\u0142 z czystym sumieniem roze\u017ali\u0107 swoich widz\u00f3w. I to w zgodzie z liter\u0105 prawa.<\/p>\n<p class=\"Paragraph_desktopParagraph__Fd2e9\">Zrobi\u0142 to zreszt\u0105 w tym sezonie po raz wt\u00f3ry. Do pierwszego \u2014 jak okre\u015bli\u0142by to pose\u0142 Rutnicki \u2014 skandalu dosz\u0142o na pocz\u0105tku tego sezonu. Awans czterech polskich dru\u017cyn do Ligi Konferencji oznacza\u0142 \u017cniwa dla Polsatu. Pokazanie ich mecz\u00f3w w otwartym pa\u015bmie by\u0142o marzeniem \u015bci\u0119tej g\u0142owy.<\/p>\n<p class=\"Paragraph_desktopParagraph__Fd2e9\">Jednak przed ostatni\u0105 kolejk\u0105 fazy ligowej na Ostrobramskiej poszli o krok dalej. Pojedyncze transmisje mecz\u00f3w Jagiellonii, Lecha, Legii i Rakowa trafi\u0142y do kana\u0142\u00f3w premium. Tak wi\u0119c je\u015bli kto\u015b mia\u0142 wykupiony ta\u0144szy pakiet, m\u00f3g\u0142 obejrze\u0107 jedynie \u0142\u0105czon\u0105 transmisj\u0119 z tych czterech spotka\u0144 na Polsacie Sport 1. Koszt dodatkowego pakietu to 40 z\u0142 miesi\u0119cznie.<\/p>\n<p class=\"Paragraph_desktopParagraph__Fd2e9\">Nic dziwnego, \u017ce w mediach spo\u0142eczno\u015bciowych pojawi\u0142o si\u0119 mn\u00f3stwo komentarzy rozsierdzonych kibic\u00f3w. &#8222;Przesta\u0144cie prze\u015bladowa\u0107 polsk\u0105 pi\u0142k\u0119&#8221;; &#8222;Czyli nie mog\u0119 obejrze\u0107 meczu bez premium. Dzi\u0119ki&#8221;; &#8222;Pi\u0119kny strza\u0142 prosto w oba kolana&#8221; \u2014 to tylko niekt\u00f3re z krytycznych wpis\u00f3w. Polsat oczywi\u015bcie si\u0119 nie ugi\u0105\u0142, bo nie musia\u0142.<\/p>\n<p class=\"Paragraph_desktopParagraph__Fd2e9\">Transmisje mecz\u00f3w polskich dru\u017cyn w kana\u0142ach z ta\u0144szego pakietu, nie wspominaj\u0105c o og\u00f3lnodost\u0119pnej telewizji, by\u0142yby gestem dobrej woli. Na takowy mog\u0105 liczy\u0107 natomiast kibice siatkarscy.<\/p>\n<p class=\"Paragraph_desktopParagraph__Fd2e9\">Nie dalej ni\u017c w tym roku wszystkie mecze Ligi Narod\u00f3w kobiet i m\u0119\u017cczyzn mo\u017cna by\u0142o \u015bledzi\u0107 w otwartym Polsacie. A przecie\u017c i one mog\u0142y zosta\u0107 zakodowane. W przytaczanym ju\u017c tutaj rozporz\u0105dzeniu KRRiT z listopada 2014 r. jest mowa o transmisjach w bezp\u0142atnym kanale &#8222;zawod\u00f3w Ligi \u015awiatowej w pi\u0142ce siatkowej m\u0119\u017cczyzn rozgrywanych w Polsce&#8221;. Polsat zn\u00f3w mia\u0142 wi\u0119c podk\u0142adk\u0119, by zakodowa\u0107 i te mecze. A jednak tego nie zrobi\u0142.<\/p>\n<p class=\"Paragraph_desktopParagraph__Fd2e9\">Notabene Liga \u015awiatowa zosta\u0142a przemianowana na Lig\u0119 Narod\u00f3w w 2017 r. Chyba nie musz\u0119 pisa\u0107, czy pose\u0142 Rutnicki tak\u017ce i wtedy zasiada\u0142 w Komisji Sportu&#8230;<\/p>\n<p>Pu\u0142apka na horyzoncie<\/p>\n<p class=\"Paragraph_desktopParagraph__Fd2e9\">Minister Rutnicki nadal mo\u017ce jednak odmieni\u0107 garbaty los kibic\u00f3w pi\u0142karskich. Okazja jest ku temu niebagatelna. Trzech dru\u017cyn na wiosn\u0119 w europejskich pucharach nie mieli\u015bmy jeszcze nigdy w historii.<\/p>\n<p class=\"Paragraph_desktopParagraph__Fd2e9\">Oczywi\u015bcie jako minister \u2014 a tym bardziej wcze\u015bniej, jako przedstawiciel Komisji Sportu \u2014 nie sprawuje pieczy nad KRRiT. G\u0142upio by jednak wysz\u0142o, gdyby wiosn\u0105 przysz\u0142ego roku jaki\u015b inny pose\u0142 wytkn\u0105\u0142 mu, \u017ce Rutnicki &#8222;kibicuje albo udaje, \u017ce wspiera Lecha, a gdy trzeba powalczy\u0107 o to, \u017ceby telewizja publiczna wreszcie wyda\u0142a nasze pieni\u0105dze na co\u015b konkretnego, wtedy ju\u017c go nie ma&#8221;.<\/p>\n<p class=\"Paragraph_desktopParagraph__Fd2e9\">Je\u015bli mog\u0119 co\u015b doradzi\u0107, to dobrze by by\u0142o, \u017ceby w ewentualnym nowym rozporz\u0105dzeniu KRRiT znalaz\u0142 si\u0119 wym\u00f3g, by dotyczy\u0142o ono nie tylko nadawc\u00f3w telewizyjnych, ale r\u00f3wnie\u017c platformy streamingowe. Od 2014 r. \u015bwiat naprawd\u0119 zd\u0105\u017cy\u0142 si\u0119 zmieni\u0107. Przez 33 lata \u2014 tym bardziej.<\/p>\n<p>Mieli zniszczy\u0107 nasze ulubione rozgrywki. Nic bardziej mylnego<\/p>\n<p class=\"Paragraph_desktopParagraph__Fd2e9\">Wiem, uczepi\u0142em si\u0119 pos\u0142a Rutnickiego, ale trzeba mu odda\u0107, \u017ce ze wspomnianego nagrania spe\u0142ni\u0142o si\u0119 przynajmniej jego \u017cyczenie odno\u015bnie do postawy jego ukochanego zespo\u0142u. &#8222;Niech zwyci\u0119\u017ca Lech, wielki Kolejorz, KKS!&#8221; \u2014 krzycza\u0142 16 marca 2023 r. Tego samego dnia poznaniacy wygrali 3:0 ze szwedzkim Djurgardens IF i weszli do 1\/4 fina\u0142u. W czwartkowy wiecz\u00f3r Lech tak\u017ce zwyci\u0119\u017cy\u0142 i tak\u017ce awansowa\u0142.<\/p>\n<p class=\"Paragraph_desktopParagraph__Fd2e9\">Pi\u0119kny gol Ishaka z Sigm\u0105 O\u0142omuniec:<\/p>\n<p class=\"Paragraph_desktopParagraph__Fd2e9\">Wydarzenia z 18 grudnia 2025 r. ju\u017c przesz\u0142y do historii. Takich zbiorowych emocji przy okazji wyst\u0119p\u00f3w polskich dru\u017cyn na mi\u0119dzynarodowej arenie nie prze\u017cywali\u015bmy ju\u017c dawno. A mo\u017ce i w og\u00f3le. Wystarczy\u0142 jeden prosty zabieg organizator\u00f3w rozgrywek.<\/p>\n<p class=\"Paragraph_desktopParagraph__Fd2e9\">Gdy przed rokiem faz\u0119 grupow\u0105 ka\u017cdego z europejskich puchar\u00f3w zamieniano w faz\u0119 ligow\u0105, nie brakowa\u0142o g\u0142os\u00f3w, \u017ce zostan\u0105 zniszczone rozgrywki, jakie znamy i lubimy. Mo\u017ce i tak, ale w tym przypadku okaza\u0142o si\u0119, \u017ce lepsze bynajmniej nie jest wrogiem dobrego.<\/p>\n<p class=\"Paragraph_desktopParagraph__Fd2e9\">Zwolennicy nowego systemu nie mieli w\u0105tpliwo\u015bci, \u017ce rozgrywki stan\u0105 si\u0119 bardziej atrakcyjne. I wysz\u0142o na ich. W poprzednim uk\u0142adzie ostatnia kolejka fazy grupowej by\u0142a dla cz\u0119\u015bci dru\u017cyn meczami o pietruszk\u0119, bo albo ju\u017c zd\u0105\u017cy\u0142y awansowa\u0107, albo odpa\u015b\u0107. Obecnie liczy si\u0119 nie tylko ka\u017cdy punkt, ale i gol.<\/p>\n<p>Hu\u015btawka emocji<\/p>\n<p class=\"Paragraph_desktopParagraph__Fd2e9\">W czwartek doskonale mo\u017cna by\u0142o to zaobserwowa\u0107 na przyk\u0142adzie mistrza Polski. Wystarczy\u0142o, \u017ce Lech podwy\u017cszy\u0142 prowadzenie z Sigm\u0105 w O\u0142omu\u0144cu z 1:0 na 2:0 i awansowa\u0142 na z 20. na 11. miejsce w tabeli. A na przerw\u0119 schodzi\u0142 nawet jako \u00f3sma dru\u017cyna fazy ligowej. Na tamten moment by\u0142 w 1\/8, a nie w 1\/16 fina\u0142u Ligi Konferencji.<\/p>\n<p class=\"Paragraph_desktopParagraph__Fd2e9\">Tu\u017c po wznowieniu mecz\u00f3w sytuacja zrobi\u0142a si\u0119 dla naszych dru\u017cyn jeszcze bardziej komfortowa. Rak\u00f3w wyszed\u0142 na prowadzenie na Cyprze i wysforowa\u0142 si\u0119 na pierwsze miejsce w tabeli Ligi Konferencji!<\/p>\n<p class=\"Paragraph_desktopParagraph__Fd2e9\">Na wy\u017csz\u0105 pozycj\u0119 (si\u00f3dm\u0105) przesun\u0105\u0142 si\u0119 tak\u017ce Lech. Wszystko dzi\u0119ki bramce Polaka. Piotr Parzyszek da\u0142 w 50. minucie fi\u0144skiemu KuPS wyr\u00f3wnanie z Crystal Palace w Londynie. Szale\u0144stwo.<\/p>\n<p class=\"Paragraph_desktopParagraph__Fd2e9\">Piotr Parzyszek strzela na Selhurst Park:<\/p>\n<p class=\"Paragraph_desktopParagraph__Fd2e9\">Wystarczy\u0142o wi\u0119c, \u017ceby Jagiellonia obj\u0119\u0142a prowadzenie z AZ Alkmaar i mieliby\u015bmy wtedy trzy dru\u017cyny w czo\u0142owej \u00f3semce. Niebawem sta\u0142o si\u0119 jasne, \u017ce b\u0119dzie o to trudno. Czerwon\u0105 kartk\u0119 w 63. minucie zobaczy\u0142 Afimico Pululu.<\/p>\n<p class=\"Paragraph_desktopParagraph__Fd2e9\">Czerwona kartka dla Afimico Pululu:<\/p>\n<p class=\"Paragraph_desktopParagraph__Fd2e9\">Bia\u0142ostoczanie zdo\u0142ali utrzyma\u0107 wynik bezbramkowy, cho\u0107 kto wie, czy paradoksalnie nie by\u0142oby dla nich lepiej straci\u0107 dwa gole. Oznacza\u0142oby to spadek w ko\u0144cowej tabeli na 19. miejsce i gr\u0119 w 1\/16 fina\u0142u z Celje lub&#8230; AZ Alkmaar, a nie z Rijek\u0105 lub Fiorentin\u0105.<\/p>\n<p class=\"Paragraph_desktopParagraph__Fd2e9\">M\u0105drzejsi b\u0119dziemy za miesi\u0105c (losowanie 1\/16 fina\u0142u zaplanowano na 16 stycznia), a tak naprawd\u0119 w drugiej po\u0142owie lutego. Trudno bowiem obecnie wyrokowa\u0107, w jakiej dyspozycji do tych mecz\u00f3w przyst\u0105pi ekipa z Florencji. W Lidze Konferencji radzi\u0142a sobie w kratk\u0119 (trzy zwyci\u0119stwa, trzy pora\u017cki), tymczasem w 15 kolejkach w\u0142oskiej ekstraklasy nie wygra\u0142a jeszcze ani razu!<\/p>\n<p class=\"Paragraph_desktopParagraph__Fd2e9\">Z kolei Rijeka to mistrz Chorwacji, ale w tym sezonie na obron\u0119 tytu\u0142u si\u0119 nie zanosi. Na papierze nieznacznym faworytem w tym dwumeczu by\u0142aby Jagiellonia. Podopieczni Adriana Siemie\u0144ca mog\u0105 pochwali\u0107 si\u0119 lepszym dorobkiem w rankingu Elo, kt\u00f3ry najlepiej oddaje aktualn\u0105 dyspozycj\u0119 poszczeg\u00f3lnych dru\u017cyn.<\/p>\n<p class=\"Paragraph_desktopParagraph__Fd2e9\">Oskar Repka daje zwyci\u0119stwo Rakowowi z Omoni\u0105 Nikozja i drugie miejsce na zako\u0144czenie fazy ligowej Ligi Konferencji:<\/p>\n<p class=\"Paragraph_desktopParagraph__Fd2e9\">Nie ma jednak tego z\u0142ego, co by na dobre nie wysz\u0142o. Dzi\u0119ki takim rozstrzygni\u0119ciom jest szansa, \u017ce w przypadku awansu do 1\/8 fina\u0142u Jagiellonia zmierzy si\u0119 w niej z&#8230; Rakowem. By\u0142oby wtedy ju\u017c pewne, \u017ce polski zesp\u00f3\u0142 zagra o p\u00f3\u0142fina\u0142 tych rozgrywek. Acz przy takich uczestnikach fazy pucharowej szkoda by by\u0142o, \u017ceby dosz\u0142o do bratob\u00f3jczej rywalizacji ju\u017c na tym etapie.<\/p>\n<p>Legia wsta\u0142a z kolan<\/p>\n<p class=\"Paragraph_desktopParagraph__Fd2e9\">Rodak da\u0142, rodak zabra\u0142. W 83. minucie gola strzeli\u0142 Karol Angielski, jego AEK Larnaka obj\u0105\u0142 prowadzenie w meczu ze Shkendij\u0105 Tetowo i wyrzuci\u0142 Lecha z czo\u0142owej \u00f3semki. Na domiar z\u0142ego mistrzowie Polski stracili niebawem gola, co przy zmarnowanym drugim rzucie karnym Mikaela Ishaka spowodowa\u0142o, \u017ce faz\u0119 ligow\u0105 zako\u0144czyli na 11. miejscu. I do 1\/8 fina\u0142u b\u0119d\u0105 musieli przebija\u0107 si\u0119 przez dodatkow\u0105 rund\u0119, w kt\u00f3rej zagraj\u0105 ze Shkendij\u0105 lub KuPS.<\/p>\n<p class=\"Paragraph_desktopParagraph__Fd2e9\">Ishak strzela z karnego po raz drugi, tym razem marnuje:<\/p>\n<p class=\"Paragraph_desktopParagraph__Fd2e9\">To oczywi\u015bcie nie w Czechach, a w Gibraltarze Lech zaprzepa\u015bci\u0142 szanse na bezpo\u015bredni awans do najlepszej szesnastki rozgrywek. Pa\u017adziernikowa pora\u017cka z Lincoln Red Imps (1:2) to jedna z najwi\u0119kszych kompromitacji w historii wyst\u0119p\u00f3w polskich dru\u017cyn w europejskich pucharach.<\/p>\n<p class=\"Paragraph_desktopParagraph__Fd2e9\">W czwartek asumpt do tej historii da\u0142a Legia Warszawa, kt\u00f3ra pokona\u0142a ekip\u0119 z Gibraltaru 4:1. To by\u0142a jednak klasyczna wygrana na otarcie \u0142ez, bo Wojskowi ju\u017c wcze\u015bniej stracili szanse na awans do fazy pucharowej.<\/p>\n<p class=\"Paragraph_desktopParagraph__Fd2e9\">Podanie Jakuba \u017bew\u0142akowa i gol Milety Rajovicia:<\/p>\n<p class=\"Paragraph_desktopParagraph__Fd2e9\">Im dla odmiany wystarczy\u0142o nie skompromitowa\u0107 si\u0119 przed tygodniem w Armenii. Remis z Noah i tak chluby by nie przyni\u00f3s\u0142, ale przynajmniej przed\u0142u\u017cy\u0142by nadzieje na znalezienie si\u0119 w czo\u0142owej &#8222;24&#8221;. Sko\u0144czy\u0142o si\u0119 pora\u017ck\u0105 1:2 i meczem o nic z Lincoln Red Imps.<\/p>\n<p class=\"Paragraph_desktopParagraph__Fd2e9\">Graj\u0105c bez \u017cadnego obci\u0105\u017cenia psychicznego, Legia pokusi\u0142a si\u0119 o efektown\u0105 wygran\u0105. I to przeciwko dru\u017cynie, kt\u00f3ra \u2014 by\u0142o, nie by\u0142o \u2014 przyjecha\u0142a do Warszawy walczy\u0107 o awans do fazy pucharowej.<\/p>\n<p class=\"Paragraph_desktopParagraph__Fd2e9\">Pierwszy gol Antonio Colaka od ponad roku? Pierwsza wygrana od prawie dw\u00f3ch miesi\u0119cy? Cuda, cuda og\u0142aszaj\u0105. I to na tydzie\u0144 przed Bo\u017cym Narodzeniem.<\/p>\n<p class=\"Paragraph_desktopParagraph__Fd2e9\">Antonio Colak prze\u0142amuje si\u0119 po 403 dniach:<\/p>\n<p class=\"Paragraph_desktopParagraph__Fd2e9\">Ten mecz mia\u0142 jednak atmosfer\u0119 stypy. Najbardziej zagorzali kibice ju\u017c wcze\u015bniej zapowiedzieli bojkot. <a href=\"https:\/\/przegladsportowy.onet.pl\/pilka-nozna\/liga-konferencji-europy\/ostro-tak-kibice-legii-potraktowali-dariusza-mioduskiego\/xmbz4rh\" id=\"aab73bae-1f5f-4efb-bce6-1686ffb06948\" rel=\"nofollow noopener\" target=\"_blank\">Trybuny stadionu przy \u0141azienkowskiej opu\u015bcili po pierwszym kwadransie tego spotkania<\/a>. Dopiero p\u00f3\u017aniej Legia rozpocz\u0119\u0142a strzelanie.<\/p>\n<p class=\"Paragraph_desktopParagraph__Fd2e9\">W tym przypadku te\u017c mo\u017cna u\u017cy\u0107 legendarnego &#8222;jaka szkoda, \u017ce tego nie widzieli&#8221;.<\/p>\n","protected":false},"excerpt":{"rendered":"&#8222;To wielki skandal i m\u00f3wi\u0119 to przede wszystkim jako kibic Lecha, ale te\u017c jako parlamentarzysta z Wielkopolski. Tak&hellip;\n","protected":false},"author":2,"featured_media":159442,"comment_status":"","ping_status":"","sticky":false,"template":"","format":"standard","meta":{"footnotes":""},"categories":[5],"tags":[32,33,3106,304,36,37,27,67,15349,34,35,2806,7714,7713,28,31,25,42,38,40,263,39,41,136,128,47,135,29,30,26,130],"class_list":{"0":"post-159441","1":"post","2":"type-post","3":"status-publish","4":"format-standard","5":"has-post-thumbnail","7":"category-naglowki","8":"tag-breaking-news","9":"tag-breakingnews","10":"tag-dzis_pisza_dla_was","11":"tag-eres","12":"tag-featured-news","13":"tag-featurednews","14":"tag-headlines","15":"tag-intextvideo_splayer","16":"tag-jakub_rutnicki","17":"tag-latest-news","18":"tag-latestnews","19":"tag-lech_poznan","20":"tag-liga_konferencji","21":"tag-liga_konferencji_europy","22":"tag-naglowki","23":"tag-najwazniejsze-artykuly","24":"tag-news","25":"tag-pl","26":"tag-poland","27":"tag-polish","28":"tag-polsat","29":"tag-polska","30":"tag-polski","31":"tag-ps_detal_new","32":"tag-psv2","33":"tag-screening_general","34":"tag-sport_sport","35":"tag-top-stories","36":"tag-topstories","37":"tag-wiadomosci","38":"tag-wiadomosci_sportowe"},"share_on_mastodon":{"url":"","error":"Validation failed: Text character limit of 500 exceeded"},"_links":{"self":[{"href":"https:\/\/www.europesays.com\/pl\/wp-json\/wp\/v2\/posts\/159441","targetHints":{"allow":["GET"]}}],"collection":[{"href":"https:\/\/www.europesays.com\/pl\/wp-json\/wp\/v2\/posts"}],"about":[{"href":"https:\/\/www.europesays.com\/pl\/wp-json\/wp\/v2\/types\/post"}],"author":[{"embeddable":true,"href":"https:\/\/www.europesays.com\/pl\/wp-json\/wp\/v2\/users\/2"}],"replies":[{"embeddable":true,"href":"https:\/\/www.europesays.com\/pl\/wp-json\/wp\/v2\/comments?post=159441"}],"version-history":[{"count":0,"href":"https:\/\/www.europesays.com\/pl\/wp-json\/wp\/v2\/posts\/159441\/revisions"}],"wp:featuredmedia":[{"embeddable":true,"href":"https:\/\/www.europesays.com\/pl\/wp-json\/wp\/v2\/media\/159442"}],"wp:attachment":[{"href":"https:\/\/www.europesays.com\/pl\/wp-json\/wp\/v2\/media?parent=159441"}],"wp:term":[{"taxonomy":"category","embeddable":true,"href":"https:\/\/www.europesays.com\/pl\/wp-json\/wp\/v2\/categories?post=159441"},{"taxonomy":"post_tag","embeddable":true,"href":"https:\/\/www.europesays.com\/pl\/wp-json\/wp\/v2\/tags?post=159441"}],"curies":[{"name":"wp","href":"https:\/\/api.w.org\/{rel}","templated":true}]}}