{"id":159445,"date":"2025-12-19T08:12:12","date_gmt":"2025-12-19T08:12:12","guid":{"rendered":"https:\/\/www.europesays.com\/pl\/159445\/"},"modified":"2025-12-19T08:12:12","modified_gmt":"2025-12-19T08:12:12","slug":"swiateczny-gest-ksiecia-lubomirskiego-dla-krola-karola-iii-i-krolowej-kamili","status":"publish","type":"post","link":"https:\/\/www.europesays.com\/pl\/159445\/","title":{"rendered":"\u015awi\u0105teczny gest ksi\u0119cia Lubomirskiego dla kr\u00f3la Karola III i kr\u00f3lowej Kamili"},"content":{"rendered":"<p class=\"article-p\" data-section=\"detail-body\">Ksi\u0105\u017c\u0119 Jan Lubomirski-Lanckoro\u0144ski zna kr\u00f3la Karola III i jego \u017con\u0119 od lat. Jak podkre\u015bla, &#8222;bardzo si\u0119 kochaj\u0105, wspieraj\u0105 i pasuj\u0105 do siebie&#8221;. Kr\u00f3l Karol to te\u017c niezwyk\u0142y cz\u0142owiek.<\/p>\n<p class=\"article-p\" data-section=\"detail-body\">\u2014 To cz\u0142owiek niezwykle interesuj\u0105cy, wyra\u017anie wyprzedzaj\u0105cy swoje czasy. Zajmowa\u0142 si\u0119 ekologi\u0105, gdy traktowano j\u0105 jak fanaberi\u0119. To, co m\u00f3wi\u0142 w latach 70., by\u0142o w\u00f3wczas wy\u015bmiewane jako oderwane od rzeczywisto\u015bci, a dzi\u015b stanowi podstaw\u0119 my\u015blenia polityk\u00f3w na ca\u0142ym \u015bwiecie \u2014 zauwa\u017ca ksi\u0105\u017c\u0119 Lubomirski. Wskazuje przy tym na konsekwencj\u0119 Karola w kwestiach zwi\u0105zanych z kryzysem klimatycznym, rolnictwem ekologicznym, hodowl\u0105 zwierz\u0105t oraz rozwojem odnawialnych \u017ar\u00f3de\u0142 energii.<\/p>\n<p class=\"article-p\" data-section=\"detail-body\">Pono\u0107 <a href=\"https:\/\/ludzie.fakt.pl\/oredzie-krola-karola-iii-nieoczekiwane-slowa-o-walce-z-nowotworem\/hsx382c\" id=\"dabbbf16-130e-43ae-953d-633d6fd02f40\" rel=\"nofollow noopener\" target=\"_blank\">Karol III<\/a> jest zbyt wra\u017cliwy i delikatny, by mierzy\u0107 si\u0119 z trudnymi decyzjami, ale ksi\u0105\u017c\u0119 Lubomirski przyznaje, \u017ce prywatnie monarcha rzeczywi\u015bcie ma tak\u0105 natur\u0119. \u2014 I moim zdaniem to jego atut. To cz\u0142owiek g\u0142\u0119boko wra\u017cliwy na \u015bwiat i ludzi \u2014 ocenia. Zwraca przy tym uwag\u0119, \u017ce przez lata systematycznej, niemal niewidocznej pracy, Karol i Kamila zyskali autentyczny szacunek Brytyjczyk\u00f3w.<\/p>\n<p>        Osobiste kontakty z kr\u00f3lem Karolem III<\/p>\n<p class=\"article-p\" data-section=\"detail-body\"><a href=\"https:\/\/ludzie.fakt.pl\/krol-karol-i-krolowa-kamila-mieli-w-ascot-gosci-z-polski-wiemy-kto-ich-odwiedzil\/p5zlhwe\" id=\"86089d99-7c59-45aa-be23-552d0269367a\" rel=\"nofollow noopener\" target=\"_blank\">Brytyjska para kr\u00f3lewska utrzymuje regularne i serdeczne relacje z ksi\u0119ciem Lubomirskim i jego \u017con\u0105<\/a>. W\u0142a\u015bnie przys\u0142ali do nich \u015bwi\u0105teczn\u0105 kartk\u0119. Jest na niej zdj\u0119cie kr\u00f3la i kr\u00f3lowej, a tak\u017ce odr\u0119cznie napisana dedykacja oraz podpisy kr\u00f3lowej Kamilli i kr\u00f3la Karola III.<\/p>\n<p class=\"article-p\" data-section=\"detail-body\">\u2014 To kr\u00f3lowa wypisuje kartki, kr\u00f3l podpisuje \u2014 wyja\u015bnia ksi\u0105\u017c\u0119.<\/p>\n<p class=\"article-p\" data-section=\"detail-body\">Jan Lubomirski-Lanckoro\u0144ski wys\u0142a\u0142 kr\u00f3lewskiej parze wyj\u0105tkowy prezent.<\/p>\n<p class=\"article-p\" data-section=\"detail-body\">\u2014 Zastawa, bardzo podobna do naszej zastawy z \u0106mielowa, poszybowa\u0142a do kr\u00f3lowej Kamilli i do kr\u00f3la Karola w\u0142a\u015bnie jako prezent \u015bwi\u0105teczny \u2014 zdradzi\u0142 nam arystokrata.<\/p>\n<p>        \/5<\/p>\n<p>                    <img decoding=\"async\" class=\"article-image-img\" loading=\"lazy\" alt=\"\" src=\"https:\/\/www.europesays.com\/pl\/wp-content\/uploads\/2025\/12\/dAMk9kuTURBXy81NmE2Njg4Yy1iNWVjLTQ2ZTMtODgwMi0xMGM4N2E1ZGZjZmEuanBlZ5GTAs0DSM0B2N4AAqEwAaExAQ.jpeg\" width=\"840\" height=\"472\"\/><\/p>\n<p>                  Burski Krzysztof \/ newspix.pl<\/p>\n<p class=\"article-gallery-p\">\n        Ksi\u0105\u017c\u0119 Jan Lubomirski-Lanckoro\u0144ski i kartka od brytyjskiej pary kr\u00f3lewskiej.\n    <\/p>\n<p>        \/5<\/p>\n<p>                    <img decoding=\"async\" class=\"article-image-img\" loading=\"lazy\" alt=\"\" src=\"https:\/\/www.europesays.com\/pl\/wp-content\/uploads\/2025\/12\/IOMk9kuTURBXy9mOGE1NzA1OC05YjUzLTQ2ZDAtOTViMy1iZjk4OGMwZDg3NGMuanBlZ5GTAs0DSM0CL94AAqEwAaExAQ.jpeg\" width=\"840\" height=\"559\"\/><\/p>\n<p>                  Burski Krzysztof \/ newspix.pl<\/p>\n<p class=\"article-gallery-p\">\n        Karka o kr\u00f3la i kr\u00f3lowej do ksi\u0119cia i jego \u017cony.\n    <\/p>\n","protected":false},"excerpt":{"rendered":"Ksi\u0105\u017c\u0119 Jan Lubomirski-Lanckoro\u0144ski zna kr\u00f3la Karola III i jego \u017con\u0119 od lat. Jak podkre\u015bla, &#8222;bardzo si\u0119 kochaj\u0105, wspieraj\u0105&hellip;\n","protected":false},"author":2,"featured_media":159446,"comment_status":"","ping_status":"","sticky":false,"template":"","format":"standard","meta":{"footnotes":""},"categories":[22],"tags":[122,42,38,40,39,41,123],"class_list":{"0":"post-159445","1":"post","2":"type-post","3":"status-publish","4":"format-standard","5":"has-post-thumbnail","7":"category-rozrywka","8":"tag-entertainment","9":"tag-pl","10":"tag-poland","11":"tag-polish","12":"tag-polska","13":"tag-polski","14":"tag-rozrywka"},"share_on_mastodon":{"url":"https:\/\/pubeurope.com\/@pl\/115745229853173626","error":""},"_links":{"self":[{"href":"https:\/\/www.europesays.com\/pl\/wp-json\/wp\/v2\/posts\/159445","targetHints":{"allow":["GET"]}}],"collection":[{"href":"https:\/\/www.europesays.com\/pl\/wp-json\/wp\/v2\/posts"}],"about":[{"href":"https:\/\/www.europesays.com\/pl\/wp-json\/wp\/v2\/types\/post"}],"author":[{"embeddable":true,"href":"https:\/\/www.europesays.com\/pl\/wp-json\/wp\/v2\/users\/2"}],"replies":[{"embeddable":true,"href":"https:\/\/www.europesays.com\/pl\/wp-json\/wp\/v2\/comments?post=159445"}],"version-history":[{"count":0,"href":"https:\/\/www.europesays.com\/pl\/wp-json\/wp\/v2\/posts\/159445\/revisions"}],"wp:featuredmedia":[{"embeddable":true,"href":"https:\/\/www.europesays.com\/pl\/wp-json\/wp\/v2\/media\/159446"}],"wp:attachment":[{"href":"https:\/\/www.europesays.com\/pl\/wp-json\/wp\/v2\/media?parent=159445"}],"wp:term":[{"taxonomy":"category","embeddable":true,"href":"https:\/\/www.europesays.com\/pl\/wp-json\/wp\/v2\/categories?post=159445"},{"taxonomy":"post_tag","embeddable":true,"href":"https:\/\/www.europesays.com\/pl\/wp-json\/wp\/v2\/tags?post=159445"}],"curies":[{"name":"wp","href":"https:\/\/api.w.org\/{rel}","templated":true}]}}