{"id":159480,"date":"2025-12-19T08:33:19","date_gmt":"2025-12-19T08:33:19","guid":{"rendered":"https:\/\/www.europesays.com\/pl\/159480\/"},"modified":"2025-12-19T08:33:19","modified_gmt":"2025-12-19T08:33:19","slug":"monika-richardson-wbila-szpile-katarzynie-cichopek-ma-tego-swojego-maciusia-2","status":"publish","type":"post","link":"https:\/\/www.europesays.com\/pl\/159480\/","title":{"rendered":"Monika Richardson wbi\u0142a szpil\u0119 Katarzynie Cichopek. &#8222;Ma tego swojego Maciusia&#8221;"},"content":{"rendered":"<p class=\"Paragraph_desktopParagraph__U31Gm\"><a href=\"https:\/\/plejada.pl\/temat\/monika-richardson\" id=\"21c9fc9b-51a0-4a61-89e6-2915fae68802\" rel=\"nofollow noopener\" target=\"_blank\">Monika Richardson<\/a> wyzna\u0142a, \u017ce Katarzyna Cichopek posiada cechy szczeg\u00f3lnie cenione w telewizji \u015bniadaniowej. Dziennikarka stwierdzi\u0142a, \u017ce ju\u017c wcze\u015bniej wypowiada\u0142a si\u0119 na temat aktorki i by\u0142a to opinia bardzo pozytywna. Jej zdaniem Cichopek doskonale sprawdza si\u0119 w tego typu formatach, kt\u00f3re wymagaj\u0105 od prowadz\u0105cych pewnej lekko\u015bci i kontaktu z widzami.<\/p>\n<p class=\"Paragraph_desktopParagraph__U31Gm\">&#8222;Wypowiedzia\u0142am si\u0119 na temat Kasi Cichopek jako prowadz\u0105cej \u015bniadani\u00f3wki dawno temu i wypowiedzia\u0142am si\u0119 bardzo pozytywnie. Ja uwa\u017cam, \u017ce Ka\u015bka jest idealna do tego formatu&#8221; \u2014 przyzna\u0142a w rozmowie z Kozaczkiem.<\/p>\n<ul class=\"OchatFollowUps_wrapper__1ry7X\">\n<li class=\"OchatFollowUps_item__Dhyly OchatFollowUps_itemDesktop__R6aBv\">Co Monika Richardson powiedzia\u0142a o Katarzynie Cichopek?<\/li>\n<li class=\"OchatFollowUps_item__Dhyly OchatFollowUps_itemDesktop__R6aBv\">Jakie umiej\u0119tno\u015bci Cichopek ma wed\u0142ug Richardson?<\/li>\n<li class=\"OchatFollowUps_item__Dhyly OchatFollowUps_itemDesktop__R6aBv\">Kto jest telewizyjnym partnerem Katarzyny Cichopek?<\/li>\n<li class=\"OchatFollowUps_item__Dhyly OchatFollowUps_itemDesktop__R6aBv\">Jakie cechy powinien mie\u0107 prowadz\u0105cy program \u015bniadaniowy wed\u0142ug Richardson?<\/li>\n<\/ul>\n<p>Monika Richardson wbi\u0142a szpil\u0119 Katarzynie Cichopek. Dosta\u0142o si\u0119 Maciejowi Kurzajewskiemu <\/p>\n<p class=\"Paragraph_desktopParagraph__U31Gm\">Monika Richardson zwr\u00f3ci\u0142a jednak uwag\u0119, \u017ce w programach \u015bniadaniowych r\u00f3wnie wa\u017cne jest do\u015bwiadczenie dziennikarskie. W jej opinii prowadz\u0105ca powinna mie\u0107 u boku osob\u0119 z odpowiednim autorytetem i do\u015bwiadczeniem.<\/p>\n<p class=\"Paragraph_desktopParagraph__U31Gm\">&#8222;Powinna mie\u0107 obok siebie cz\u0142owieka z pewn\u0105\u2026 pewnym gravitas, pewnym ci\u0119\u017carem\u2026 Kogo\u015b takiego jak Micha\u0142 Olsza\u0144ski. On swoje prze\u017cy\u0142, a poza tym jest dziennikarzem z krwi i ko\u015bci&#8221; \u2014 wyja\u015bni\u0142a.<\/p>\n<p class=\"Paragraph_desktopParagraph__U31Gm\">Nie zabrak\u0142o r\u00f3wnie\u017c \u017cartobliwego komentarza na temat telewizyjnego partnera <a href=\"https:\/\/plejada.pl\/temat\/katarzyna-cichopek-aktorka\" id=\"a9bed054-8416-4679-bc01-ecb0dd711c69\" rel=\"nofollow noopener\" target=\"_blank\">Katarzyny Cichopek<\/a>.<\/p>\n<blockquote>\n<p class=\"Paragraph_desktopParagraph__U31Gm\">Po drugie, ma tego swojego Maciusia. Jak go ostatnio Smaszcz nazwa\u0142a? Maciej Kurzopek. Kurzopek<\/p>\n<\/blockquote>\n<p class=\"Paragraph_desktopParagraph__U31Gm\">\u2014 powiedzia\u0142a.<\/p>\n<p class=\"Paragraph_desktopParagraph__U31Gm\">W najnowszym wywiadzie Monika Richardson podkre\u015bli\u0142a, \u017ce programy \u015bniadaniowe nie s\u0105 typowymi formatami dziennikarskimi, lecz opieraj\u0105 si\u0119 na formule infotainmentu.<\/p>\n<blockquote>\n<p class=\"Paragraph_desktopParagraph__U31Gm\">\u015aniadani\u00f3wka to nie jest program stricte dziennikarski. To jest tak zwany infotainment, czyli trzeba mie\u0107 pewien dziennikarski sznyt, kt\u00f3rego Ka\u015bka nie ma (\u2026) ale z drugiej strony trzeba mie\u0107 to showma\u0144stwo, kt\u00f3re akurat Ka\u015bka ma pod dostatkiem<\/p>\n<\/blockquote>\n<p class=\"Paragraph_desktopParagraph__U31Gm\">\u2014 podsumowa\u0142a.<\/p>\n<p><img decoding=\"async\" class=\"Image_image__0tuHp Image_autoHeight__f2n87 \" height=\"587\" width=\"392\" src=\"https:\/\/www.europesays.com\/pl\/wp-content\/uploads\/2025\/12\/8Upk9kpTURBXy82YjczNDFiMmVlN2YxMTdlZDkwZjdmODJlNTk1N2I1Zi5qcGeSlQLNA6wAwsOVAgDNAkvCw94AA6EwAaExAaEzw.jpeg\" alt=\"Monika Richardson\" loading=\"lazy\" \/>Piotr Andrzejczak \/ MW Media<\/p>\n<p>Monika Richardson<\/p>\n<p><img decoding=\"async\" class=\"Image_image__0tuHp Image_autoHeight__f2n87 \" height=\"524\" width=\"940\" src=\"https:\/\/www.europesays.com\/pl\/wp-content\/uploads\/2025\/11\/1Mpk9kpTURBXy9mOTM5ZDExNTBmMDY4MWUwY2VlNmUyNjE2NTNkZTFhZi5wbmeSlQLNA6wAwsOVAgDNAkvCw94AA6EwAaExAaEzw.jpeg\" alt=\"Maciej Kurzajewski i Katarzyna Cichopek\" loading=\"lazy\" \/>screen polsatboxgo.pl<\/p>\n<p>Maciej Kurzajewski i Katarzyna Cichopek<\/p>\n<p class=\"Paragraph_desktopParagraph__U31Gm\">Dzi\u0119kujemy, \u017ce przeczyta\u0142a\u015b\/e\u015b nasz artyku\u0142 do ko\u0144ca. W serwisie Plejada.pl ka\u017cdego dnia piszemy o najwa\u017cniejszych wydarzeniach show-biznesowych. B\u0105d\u017a na bie\u017c\u0105co! <a rel=\"nofollow noopener\" href=\"https:\/\/profile.google.com\/cp\/Cg0vZy8xMWJ6X19wdHBx\" id=\"9ae25a13-7aa9-4540-8b35-908916af9c23\" target=\"_blank\">Obserwuj<\/a> Plejad\u0119 w Wiadomo\u015bciach Google. Odwied\u017a nas tak\u017ce na <a rel=\"nofollow noopener\" href=\"https:\/\/www.facebook.com\/plejadapl\" id=\"75eb2b37-cd12-498e-873b-e4915c81c55d\" target=\"_blank\">Facebooku<\/a>, <a rel=\"nofollow noopener\" href=\"https:\/\/www.instagram.com\/plejadapl\/\" id=\"cb08c602-2e86-4fec-ba3b-a3d03123fa29\" target=\"_blank\">Instagramie<\/a>, <a rel=\"nofollow noopener\" href=\"https:\/\/www.youtube.com\/c\/plejada\" id=\"0c1abc7e-18a0-40f1-95f3-bc5aca050020\" target=\"_blank\">YouTube<\/a> oraz <a rel=\"nofollow noopener\" href=\"https:\/\/www.tiktok.com\/@plejada_pl\" id=\"70632963-0089-4e4a-b4ce-d045e3153d7d\" target=\"_blank\">TikToku<\/a>.<\/p>\n<p class=\"Paragraph_desktopParagraph__U31Gm\">Chcesz podzieli\u0107 si\u0119 ciekawym newsem lub zaproponowa\u0107 temat? Skontaktuj si\u0119 z nami, pisz\u0105c e-maila na adres: <a href=\"https:\/\/www.onet.pl\/styl-zycia\/plejada\/monika-richardson-wbila-szpile-katarzynie-cichopek-ma-tego-swojego-maciusia\/mailto:plejada@redakcjaonet.pl\" id=\"e8cc4a8a-0e62-4689-8c80-f3d13e26264e\" rel=\"nofollow noopener\" target=\"_blank\">plejada@redakcjaonet.pl<\/a>.<\/p>\n<p><script async src=\"\/\/www.instagram.com\/embed.js\"><\/script><script async src=\"\/\/www.tiktok.com\/embed.js\"><\/script><\/p>\n","protected":false},"excerpt":{"rendered":"Monika Richardson wyzna\u0142a, \u017ce Katarzyna Cichopek posiada cechy szczeg\u00f3lnie cenione w telewizji \u015bniadaniowej. Dziennikarka stwierdzi\u0142a, \u017ce ju\u017c wcze\u015bniej&hellip;\n","protected":false},"author":2,"featured_media":159481,"comment_status":"","ping_status":"","sticky":false,"template":"","format":"standard","meta":{"footnotes":""},"categories":[22],"tags":[122,67,5649,5711,5229,53,52,68,51,55,42,38,40,39,41,123,47,196,65,50],"class_list":{"0":"post-159480","1":"post","2":"type-post","3":"status-publish","4":"format-standard","5":"has-post-thumbnail","7":"category-rozrywka","8":"tag-entertainment","9":"tag-intextvideo_splayer","10":"tag-katarzyna_cichopek","11":"tag-katarzyna_cichopek_aktorka","12":"tag-monika_richardson","13":"tag-new_header","14":"tag-onet3","15":"tag-onet3d","16":"tag-onet3d_2i","17":"tag-phx","18":"tag-pl","19":"tag-poland","20":"tag-polish","21":"tag-polska","22":"tag-polski","23":"tag-rozrywka","24":"tag-screening_general","25":"tag-styl_zycia","26":"tag-update_me","27":"tag-v2021"},"share_on_mastodon":{"url":"https:\/\/pubeurope.com\/@pl\/115745312316615741","error":""},"_links":{"self":[{"href":"https:\/\/www.europesays.com\/pl\/wp-json\/wp\/v2\/posts\/159480","targetHints":{"allow":["GET"]}}],"collection":[{"href":"https:\/\/www.europesays.com\/pl\/wp-json\/wp\/v2\/posts"}],"about":[{"href":"https:\/\/www.europesays.com\/pl\/wp-json\/wp\/v2\/types\/post"}],"author":[{"embeddable":true,"href":"https:\/\/www.europesays.com\/pl\/wp-json\/wp\/v2\/users\/2"}],"replies":[{"embeddable":true,"href":"https:\/\/www.europesays.com\/pl\/wp-json\/wp\/v2\/comments?post=159480"}],"version-history":[{"count":0,"href":"https:\/\/www.europesays.com\/pl\/wp-json\/wp\/v2\/posts\/159480\/revisions"}],"wp:featuredmedia":[{"embeddable":true,"href":"https:\/\/www.europesays.com\/pl\/wp-json\/wp\/v2\/media\/159481"}],"wp:attachment":[{"href":"https:\/\/www.europesays.com\/pl\/wp-json\/wp\/v2\/media?parent=159480"}],"wp:term":[{"taxonomy":"category","embeddable":true,"href":"https:\/\/www.europesays.com\/pl\/wp-json\/wp\/v2\/categories?post=159480"},{"taxonomy":"post_tag","embeddable":true,"href":"https:\/\/www.europesays.com\/pl\/wp-json\/wp\/v2\/tags?post=159480"}],"curies":[{"name":"wp","href":"https:\/\/api.w.org\/{rel}","templated":true}]}}